{"id":472373,"date":"2023-05-01T06:00:00","date_gmt":"2023-05-01T09:00:00","guid":{"rendered":"https:\/\/investnews.com.br\/?p=472373"},"modified":"2025-08-08T16:41:31","modified_gmt":"2025-08-08T19:41:31","slug":"novo-salario-minimo-de-2023-de-r-1-320-passa-a-valer","status":"publish","type":"post","link":"https:\/\/investnews.com.br\/economia\/novo-salario-minimo-de-2023-de-r-1-320-passa-a-valer\/","title":{"rendered":"Novo sal\u00e1rio m\u00ednimo de 2023, de R$ 1.320, passa a valer"},"content":{"rendered":"<p>Entrou em vigor nesta segunda-feira (1\u00ba) o novo valor do <a href=\"https:\/\/investnews.com.br\/guias\/salario-minimo\/\">sal\u00e1rio m\u00ednimo<\/a>, que passou de R$ 1.302 para R$ 1.320 &#8211; ou seja, um aumento de R$ 18 ao trabalhador, ou 1,3%. <\/p><p>O piso j\u00e1 havia sido reajustado em 7,42% em rela\u00e7\u00e3o ao ano passado, quando subiu R$ 90 reais. Mas, em fevereiro, a nova mudan\u00e7a foi anunciada em fevereiro pelo presidente Luiz In\u00e1cio Lula da Silva. <\/p><h2 class=\"wp-block-heading\">Nova pol\u00edtica do sal\u00e1rio m\u00ednimo<\/h2><figure class=\"wp-block-image size-full\"><img loading=\"lazy\" decoding=\"async\" width=\"1024\" height=\"768\" src=\"https:\/\/media.investnews.com.br\/uploads\/2023\/04\/lula-centrais-sindicais2_mcamgo_abr_180120231818.jpg\" alt=\"O presidente, Luiz In\u00e1cio Lula da Silva, e o ministro do Trabalho, Luiz Marinho, durante encontro com dirigentes de centrais sindicais, no Pal\u00e1cio do Planalto. (Foto: Marcelo Camargo\/Ag\u00eancia Brasil)\" class=\"wp-image-472382\" srcset=\"https:\/\/media.investnews.com.br\/uploads\/2023\/04\/lula-centrais-sindicais2_mcamgo_abr_180120231818.jpg 1024w, https:\/\/media.investnews.com.br\/uploads\/2023\/04\/lula-centrais-sindicais2_mcamgo_abr_180120231818-300x225.jpg 300w, https:\/\/media.investnews.com.br\/uploads\/2023\/04\/lula-centrais-sindicais2_mcamgo_abr_180120231818-768x576.jpg 768w, https:\/\/media.investnews.com.br\/uploads\/2023\/04\/lula-centrais-sindicais2_mcamgo_abr_180120231818-172x129.jpg 172w, https:\/\/media.investnews.com.br\/uploads\/2023\/04\/lula-centrais-sindicais2_mcamgo_abr_180120231818-150x113.jpg 150w\" sizes=\"auto, (max-width: 1024px) 100vw, 1024px\" \/><figcaption class=\"wp-element-caption\">O presidente, Luiz In\u00e1cio Lula da Silva, e o ministro do Trabalho, Luiz Marinho, durante encontro com dirigentes de centrais sindicais, no Pal\u00e1cio do Planalto. (Foto: Marcelo Camargo\/Ag\u00eancia Brasil)<\/figcaption><\/figure><p>O ministro do Trabalho e Emprego, Luiz Marinho, anunciou na \u00faltima quinta-feira (27) os detalhes da <strong>pol\u00edtica de valoriza\u00e7\u00e3o do <a href=\"https:\/\/investnews.com.br\/guias\/salario-minimo\/\">sal\u00e1rio m\u00ednimo<\/a><\/strong>, que levar\u00e1 em conta a varia\u00e7\u00e3o da infla\u00e7\u00e3o e o Produto Interno Bruto (PIB) de dois anos antes.<\/p><p>Segundo o ministro, que participou nesta quinta de reuni\u00e3o com o presidente Luiz In\u00e1cio Lula da Silva e representantes de centrais sindicais, &#8220;a Pol\u00edtica de Valoriza\u00e7\u00e3o Permanente vai ser apresentada por Projeto de Lei ao Congresso Nacional&#8221;. <\/p><p>&#8220;Temos este ano para tramitar, e a primeira validade (do projeto) ser\u00e1 em janeiro do ano seguinte&#8221;, afirmou.<\/p><p>O sal\u00e1rio m\u00ednimo j\u00e1 foi alvo de uma pol\u00edtica de valoriza\u00e7\u00e3o a partir da corre\u00e7\u00e3o da infla\u00e7\u00e3o, considerando o \u00cdndice Nacional de Pre\u00e7o ao Consumidor (<strong>INPC<\/strong>), e do percentual de varia\u00e7\u00e3o do PIB de dois anos antes ao do reajuste a partir de 2007, quando Lula era presidente.<\/p><p>A gest\u00e3o do ex-presidente <strong>Jair Bolsonaro<\/strong> interrompeu a sistem\u00e1tica dessa pol\u00edtica.<\/p><ul class=\"wp-block-list\">\n<li><strong><em>Fa\u00e7a o <\/em><\/strong><a href=\"https:\/\/investnews.com.br\/ferramentas\/calculadoras\/calculadora-de-salario-liquido\/\">c\u00e1lculo do sal\u00e1rio l\u00edquido 2024<\/a><strong><em> online e gratuitamente<\/em><\/strong><\/li>\n<\/ul><h2 class=\"wp-block-heading\">Impactos<\/h2><p>Marinho defendeu a pol\u00edtica de valoriza\u00e7\u00e3o salarial e minimizou os temores de que um ganho real do m\u00ednimo poderia <strong>pressionar a infla\u00e7\u00e3o <\/strong>e piorar as <a href=\"https:\/\/investnews.com.br\/economia\/brasil-tem-desemprego-de-88-no-trimestre-ate-marco-diz-ibge\/\">taxas de emprego formal<\/a>.<\/p><p>&#8220;Tudo isso se dizia, mas n\u00f3s implantamos e provamos que eram falsas essas percep\u00e7\u00f5es. Tivemos um processo de crescimento da renda, do emprego formal, do mercado consumidor, e n\u00e3o houve impacto na infla\u00e7\u00e3o\u201d, argumentou.<\/p><p>Os reajustes anunciados por Lula para o sal\u00e1rio m\u00ednimo devem gerar um <strong>custo de R$ 18 bilh\u00f5es aos cofres do governo federal em 2023 e 2024<\/strong>, o que exigir\u00e1 um esfor\u00e7o maior da equipe econ\u00f4mica para zerar o d\u00e9ficit das contas p\u00fablicas <a href=\"https:\/\/investnews.com.br\/economia\/haddad-anuncia-novo-arcabouco-fiscal\/\">como prometido<\/a>.<\/p><p>A estimativa considera par\u00e2metros que orientam os gastos federais, j\u00e1 que aumentos do sal\u00e1rio m\u00ednimo elevam despesas como <strong>aposentadorias, abono salarial, seguro-desemprego e Benef\u00edcio de Presta\u00e7\u00e3o Continuada (BPC)<\/strong>.<\/p><p>Neste ano, segundo dados do Or\u00e7amento, cada R$ 1 de aumento no sal\u00e1rio m\u00ednimo gera um custo l\u00edquido ao governo de R$ 366,4 milh\u00f5es em 12 meses. Portanto, o impacto aproximado desse reajuste adicional de R$ 18 ao longo de oito meses (maio a dezembro), \u00e9 estimado em R$ 4,4 bilh\u00f5es.<\/p><ul class=\"wp-block-list\">\n<li><strong><em>Fa\u00e7a o <\/em><\/strong><a href=\"https:\/\/investnews.com.br\/ferramentas\/calculadoras\/calculadora-de-salario-liquido\/\">c\u00e1lculo do sal\u00e1rio l\u00edquido 2024<\/a><strong><em> online e gratuitamente<\/em><\/strong><\/li>\n<\/ul><h2 class=\"wp-block-heading\">Pr\u00f3ximo aumento<\/h2><p>Com o avan\u00e7o do PIB em 2022, de 2,9%, e a proje\u00e7\u00e3o do governo para o \u00cdndice Nacional de Pre\u00e7o ao Consumidor (INPC) neste ano, de 5,16%, o sal\u00e1rio m\u00ednimo teria um reajuste de 8,06% em janeiro do ano que vem. O valor passaria <strong>de R$ 1.320 para R$ 1.427.<\/strong><\/p><p>Nas diretrizes or\u00e7ament\u00e1rias de 2024, o governo previu um patamar menor, de R$ 1.389, considerando apenas a corre\u00e7\u00e3o da infla\u00e7\u00e3o, mas informou que o n\u00edvel seria ajustado ap\u00f3s o an\u00fancio da pol\u00edtica de ganhos reais.<\/p><p>Em 2024, as contas do governo indicam que o custo de cada real de reajuste ser\u00e1 de R$ 368,5 milh\u00f5es. Com isso, os R$ 38 de ganho adicional do sal\u00e1rio m\u00ednimo acima da infla\u00e7\u00e3o previstos para o ano que vem gerariam impacto de R$ 14 bilh\u00f5es.<\/p><p>O piso de 2024 depender\u00e1 da aprova\u00e7\u00e3o do projeto pelo Congresso e ainda poder\u00e1 flutuar at\u00e9 o final deste ano. Se a infla\u00e7\u00e3o em 12 meses at\u00e9 dezembro ficar mais alta do que a atual proje\u00e7\u00e3o do governo, por exemplo, o reajuste do m\u00ednimo ser\u00e1 mais forte, ampliando o gasto p\u00fablico.<\/p><p>Fazenda discordou<\/p><figure class=\"wp-block-image size-full\"><img loading=\"lazy\" decoding=\"async\" width=\"2048\" height=\"1366\" src=\"https:\/\/media.investnews.com.br\/uploads\/2023\/01\/2023-01-31T144244Z_1_LYNXMPEJ0U0O9_RTROPTP_4_ARGENTINA-BRAZIL-CURRENCY.jpg\" alt=\"Homem com cabelos grisalhos, camisa branca e terno escuro, olha \u00e0 frente. Bandeiras do Brasil ao fundo.\" class=\"wp-image-428562\" srcset=\"https:\/\/media.investnews.com.br\/uploads\/2023\/01\/2023-01-31T144244Z_1_LYNXMPEJ0U0O9_RTROPTP_4_ARGENTINA-BRAZIL-CURRENCY.jpg 2048w, https:\/\/media.investnews.com.br\/uploads\/2023\/01\/2023-01-31T144244Z_1_LYNXMPEJ0U0O9_RTROPTP_4_ARGENTINA-BRAZIL-CURRENCY-300x200.jpg 300w, https:\/\/media.investnews.com.br\/uploads\/2023\/01\/2023-01-31T144244Z_1_LYNXMPEJ0U0O9_RTROPTP_4_ARGENTINA-BRAZIL-CURRENCY-1024x683.jpg 1024w, https:\/\/media.investnews.com.br\/uploads\/2023\/01\/2023-01-31T144244Z_1_LYNXMPEJ0U0O9_RTROPTP_4_ARGENTINA-BRAZIL-CURRENCY-768x512.jpg 768w, https:\/\/media.investnews.com.br\/uploads\/2023\/01\/2023-01-31T144244Z_1_LYNXMPEJ0U0O9_RTROPTP_4_ARGENTINA-BRAZIL-CURRENCY-1536x1025.jpg 1536w, https:\/\/media.investnews.com.br\/uploads\/2023\/01\/2023-01-31T144244Z_1_LYNXMPEJ0U0O9_RTROPTP_4_ARGENTINA-BRAZIL-CURRENCY-1256x838.jpg 1256w, https:\/\/media.investnews.com.br\/uploads\/2023\/01\/2023-01-31T144244Z_1_LYNXMPEJ0U0O9_RTROPTP_4_ARGENTINA-BRAZIL-CURRENCY-172x115.jpg 172w, https:\/\/media.investnews.com.br\/uploads\/2023\/01\/2023-01-31T144244Z_1_LYNXMPEJ0U0O9_RTROPTP_4_ARGENTINA-BRAZIL-CURRENCY-150x100.jpg 150w\" sizes=\"auto, (max-width: 2048px) 100vw, 2048px\" \/><figcaption class=\"wp-element-caption\">Ministro da Fazenda, Fernando Haddad, no Pal\u00e1cio do Planalto, Bras\u00edlia\n05\/01\/2023\nREUTERS\/Adriano Machado<\/figcaption><\/figure><p>Os novos valores precisar\u00e3o ser incorporados \u00e0s contas do governo e v\u00e3o gerar press\u00e3o negativa sobre o resultado fiscal em meio a um esfor\u00e7o do ministro da Fazenda, Fernando Haddad, de promover medidas de ajuste para recuperar o Or\u00e7amento.<\/p><ul class=\"wp-block-list\">\n<li><strong><em>Voc\u00ea sabe quem \u00e9 <\/em><\/strong><a href=\"https:\/\/investnews.com.br\/perfis\/fernando-haddad\/\" target=\"_blank\" rel=\"noreferrer noopener\">Fernando Haddad<\/a><strong><em>? Conhe\u00e7a sua forma\u00e7\u00e3o, cargos anteriores e mais<\/em><\/strong><\/li>\n<\/ul><p>De acordo com uma fonte que acompanha o assunto, o Minist\u00e9rio da Fazenda defendeu em reuni\u00f5es no governo uma pol\u00edtica de reajustes reais mais modestos para o sal\u00e1rio m\u00ednimo, o que reduziria o impacto or\u00e7ament\u00e1rio.<\/p><p>A Fazenda sugeriu que n\u00e3o fosse usado o resultado do PIB como refer\u00eancia, mas o PIB per capita, que tende a ter um percentual menor. A pasta acabou vencida na negocia\u00e7\u00e3o, prevalecendo o c\u00e1lculo com o PIB cheio, que era defendido pelo Minist\u00e9rio do Trabalho.<\/p><p>A proje\u00e7\u00e3o mais recente do governo para as contas deste ano, que ainda considerava o sal\u00e1rio m\u00ednimo de R$ 1.302, apontava para um d\u00e9ficit prim\u00e1rio R$ 107,6 bilh\u00f5es no fechamento de 2023.<\/p><h2 class=\"wp-block-heading\">Buscando fechar as contas<\/h2><p>O governo vem anunciando novas medidas para elevar a arrecada\u00e7\u00e3o e informou que buscar\u00e1 melhorar esse saldo at\u00e9 o fim do ano. Ser\u00e1 necess\u00e1rio, por\u00e9m, considerar essa despesa adicional de R$ 4,4 bilh\u00f5es na pr\u00f3xima avalia\u00e7\u00e3o oficial das contas, em maio.<\/p><p>O impacto estimado de R$ 14 bilh\u00f5es para 2024, por sua vez, precisaria ser incorporado no Or\u00e7amento do ano que vem, que ainda ter\u00e1 longo processo de tramita\u00e7\u00e3o no Congresso. Esse valor ter\u00e1 que ser compensado com corte de despesa ou ganho de arrecada\u00e7\u00e3o para que seja mantida a previs\u00e3o da equipe econ\u00f4mica de zerar o d\u00e9ficit no ano que vem.<\/p><p><em>(* com informa\u00e7\u00f5es da Reuters)<\/em><\/p>\n","protected":false},"excerpt":{"rendered":"<p>Valor representa um aumento de R$ 18 ao trabalhador.<\/p>\n","protected":false},"author":7,"featured_media":472382,"comment_status":"closed","ping_status":"open","sticky":false,"template":"","format":"standard","meta":{"_acf_changed":false,"inline_featured_image":false,"footnotes":""},"categories":[5],"tags":[2370],"autor-wsj":[],"coauthors":[1494],"class_list":["post-472373","post","type-post","status-publish","format-standard","has-post-thumbnail","hentry","category-economia","tag-luiz-inacio-lula-da-silva"],"acf":[],"amp_enabled":true,"_links":{"self":[{"href":"https:\/\/investnews.com.br\/inv-api\/wp\/v2\/posts\/472373","targetHints":{"allow":["GET"]}}],"collection":[{"href":"https:\/\/investnews.com.br\/inv-api\/wp\/v2\/posts"}],"about":[{"href":"https:\/\/investnews.com.br\/inv-api\/wp\/v2\/types\/post"}],"author":[{"embeddable":true,"href":"https:\/\/investnews.com.br\/inv-api\/wp\/v2\/users\/7"}],"replies":[{"embeddable":true,"href":"https:\/\/investnews.com.br\/inv-api\/wp\/v2\/comments?post=472373"}],"version-history":[{"count":13,"href":"https:\/\/investnews.com.br\/inv-api\/wp\/v2\/posts\/472373\/revisions"}],"predecessor-version":[{"id":704522,"href":"https:\/\/investnews.com.br\/inv-api\/wp\/v2\/posts\/472373\/revisions\/704522"}],"wp:featuredmedia":[{"embeddable":true,"href":"https:\/\/investnews.com.br\/inv-api\/wp\/v2\/media\/472382"}],"wp:attachment":[{"href":"https:\/\/investnews.com.br\/inv-api\/wp\/v2\/media?parent=472373"}],"wp:term":[{"taxonomy":"category","embeddable":true,"href":"https:\/\/investnews.com.br\/inv-api\/wp\/v2\/categories?post=472373"},{"taxonomy":"post_tag","embeddable":true,"href":"https:\/\/investnews.com.br\/inv-api\/wp\/v2\/tags?post=472373"},{"taxonomy":"autor-wsj","embeddable":true,"href":"https:\/\/investnews.com.br\/inv-api\/wp\/v2\/autor-wsj?post=472373"},{"taxonomy":"author","embeddable":true,"href":"https:\/\/investnews.com.br\/inv-api\/wp\/v2\/coauthors?post=472373"}],"curies":[{"name":"wp","href":"https:\/\/api.w.org\/{rel}","templated":true}]}}