{"id":472412,"date":"2023-04-30T09:00:00","date_gmt":"2023-04-30T12:00:00","guid":{"rendered":"https:\/\/investnews.com.br\/?p=472412"},"modified":"2024-06-24T15:37:15","modified_gmt":"2024-06-24T18:37:15","slug":"brasil-nao-tem-crise-de-credito-mas-enfrenta-restricao-diz-analista","status":"publish","type":"post","link":"https:\/\/investnews.com.br\/negocios\/brasil-nao-tem-crise-de-credito-mas-enfrenta-restricao-diz-analista\/","title":{"rendered":"Brasil n\u00e3o tem crise de cr\u00e9dito, mas j\u00e1 enfrenta restri\u00e7\u00e3o, diz analista"},"content":{"rendered":"\n<figure class=\"wp-block-embed is-type-video is-provider-youtube wp-block-embed-youtube wp-embed-aspect-16-9 wp-has-aspect-ratio\"><div class=\"wp-block-embed__wrapper\">\n<iframe loading=\"lazy\" title=\"Crise de cr\u00e9dito: Brasil enfrenta \u2018restri\u00e7\u00e3o\u2019 na oferta\" width=\"500\" height=\"281\" src=\"https:\/\/www.youtube.com\/embed\/YLpAwT3xRiI?feature=oembed\" frameborder=\"0\" allow=\"accelerometer; autoplay; clipboard-write; encrypted-media; gyroscope; picture-in-picture; web-share\" referrerpolicy=\"strict-origin-when-cross-origin\" allowfullscreen><\/iframe>\n<\/div><\/figure>\n\n\n\n<p>Com a alta de juros, infla\u00e7\u00e3o elevada, desacelera\u00e7\u00e3o da atividade econ\u00f4mica, empresas nacionais e bancos estrangeiros com dificuldades financeiras, o temor que o Brasil enfrente uma &#8220;crise de cr\u00e9dito&#8221; tem sido cada mais frequente. Para o analista <strong>Samer Serhan<\/strong>, s\u00f3cio da Jive Investiments, ainda n\u00e3o d\u00e1 pra caracterizar como uma crise efetivamente, mas sim uma restri\u00e7\u00e3o. <\/p>\n\n\n\n<blockquote class=\"wp-block-quote is-layout-flow wp-block-quote-is-layout-flow\">\n<p>&#8220;A gente tem menos oferta de cr\u00e9dito. Existe uma demanda muito grande reprimida de cr\u00e9dito, seja para o investimento em infraestrutura, capital de giro, consumo das fam\u00edlias, e tem menos oferta de cr\u00e9dito no mercado. Ent\u00e3o, acho que a melhor defini\u00e7\u00e3o \u00e9 uma restri\u00e7\u00e3o. Voc\u00ea tem menos agentes financeiros emprestando dinheiro no mercado.&#8221;<\/p>\n<\/blockquote>\n\n\n\n<p>De acordo com Serhan, no ano passado o pa\u00eds teve um excesso de oferta de cr\u00e9dito pelos agentes oficiais, bancos p\u00fablicos, ag\u00eancias multilaterais e pelo pr\u00f3prio mercado de capitais. Mas, a partir de setembro de 2022, essa oferta come\u00e7ou a diminuir porque a economia n\u00e3o respondeu ao montante de dinheiro injetado.<\/p>\n\n\n\n<p>Outro motivo da restri\u00e7\u00e3o foram as elei\u00e7\u00f5es que resultaram na volta do presidente Lula ao poder.<\/p>\n\n\n\n<blockquote class=\"wp-block-quote is-layout-flow wp-block-quote-is-layout-flow\">\n<p>&#8220;Elei\u00e7\u00e3o \u00e9 um momento de incerteza, voc\u00ea nunca sabe exatamente como vai ser o rumo do pr\u00f3ximo poder executivo, do legislativo que vai entrar. Independente de ser uma reelei\u00e7\u00e3o ou n\u00e3o, isso n\u00e3o importa, \u00e9 um novo governo de qualquer maneira|&#8221; ressaltou.<\/p>\n<\/blockquote>\n\n\n\n<p>E o terceiro motivo da restri\u00e7\u00e3o de cr\u00e9dito no pa\u00eds foram os casos de pedidos de recupera\u00e7\u00e3o judiciais de empresas, como o caso da <strong>Americanas<\/strong> (<a href=\"https:\/\/investnews.com.br\/cotacao\/amer3-americanas\/\">AMER3<\/a>), que fez com que essa oferta retra\u00edsse.<\/p>\n\n\n\n<p>No entanto, o especialista diz que a restri\u00e7\u00e3o atingiu um plat\u00f4 e comparando o in\u00edcio do m\u00eas de abril com o fim de mar\u00e7o, \u00e9 poss\u00edvel ver uma pequena melhora na oferta de cr\u00e9dito em rela\u00e7\u00e3o aos meses anteriores.<\/p>\n\n\n\n<p>Sobre a crise nas lojas Americanas, Samer Serhan diz que o caso provocou um efeito direto no &#8220;apetite&#8221; tanto dos agentes do mercado de capitais como do sistema financeiro em conceder cr\u00e9dito a outras empresas e pessoas f\u00edsicas que podem estar saud\u00e1veis, por medo de contamina\u00e7\u00e3o. <\/p>\n\n\n\n<blockquote class=\"wp-block-quote is-layout-flow wp-block-quote-is-layout-flow\">\n<p>&#8220;Teve um impacto, principalmente no mercado de capitais, a oferta de <a href=\"https:\/\/investnews.com.br\/guias\/o-que-sao-debentures\/\">deb\u00eantures<\/a> e outros tipos de opera\u00e7\u00f5es equivalentes no mercado, at\u00e9 que o <a href=\"https:\/\/investnews.com.br\/guias\/como-funciona-o-mercado-financeiro\/\">mercado financeiro<\/a> entendesse um pouco melhor at\u00e9 onde iria essa onda de pedidos de <a href=\"https:\/\/investnews.com.br\/guias\/recuperacao-judicial\/\">recupera\u00e7\u00e3o judicial<\/a> e restrutura\u00e7\u00e3o de d\u00edvidas&#8221;, disse ele.<\/p>\n<\/blockquote>\n\n\n\n<p>Questionado sobre a crise banc\u00e1ria na Europa e Estados Unidos chegou afetar o Brasil, ele negou e disse que as ag\u00eancias reguladoras dos pa\u00edses agiram rapidamente estancando uma poss\u00edvel contamina\u00e7\u00e3o.<\/p>\n\n\n\n<p>&#8220;O que poderia ter afetado \u00e9 a capacidade das empresas brasileiras que se financiam no exterior ter menos acesso a d\u00f3lares ou euros, porque esses mercados estariam mais fechados. Mas foi t\u00e3o r\u00e1pido, tanto o problema quanto a solu\u00e7\u00e3o, que a gente viu um pouco de volatilidade no mercado, mas rapidamente voltou para uma normalidade.&#8221;<\/p>\n\n\n\n<h2 class=\"wp-block-heading\">Medidas do governo para aumentar a oferta de cr\u00e9dito<\/h2>\n\n\n\n<p>O Minist\u00e9rio da Fazenda anuncia nesta quinta-feira (20) um conjunto com 13 medidas que pretendem estimular o mercado de cr\u00e9dito e impulsionar as Parcerias P\u00fablico-Privadas (PPPs) nos estados e munic\u00edpios.<\/p>\n\n\n\n<p>Entre as medidas est\u00e1 a altera\u00e7\u00e3o do valor m\u00ednimo existencial para R$ 600, aval da uni\u00e3o para PPPs nos estados e munic\u00edpios, financiamento de novos setores por deb\u00eantures incentivadas, novas regras do mercado de cr\u00e9dito, uso de recursos de planos de previd\u00eancia complementar aberta para empr\u00e9stimos banc\u00e1rios, acesso a dados fiscais, prote\u00e7\u00e3o de investidores minorit\u00e1rios no mercado de capitais, entre outras. <\/p>\n\n\n\n<p>Para Samer Serhan, al\u00e9m do que foi anunciado, outras microreformas e microprojetos que est\u00e3o sendo encaminhados, tanto pelo Banco Central, pela Comiss\u00e3o de Valores Mobili\u00e1rios (CVM), pelo Conselho Monet\u00e1rio Nacional (CMN) e pelo Minist\u00e9rio da Fazenda que v\u00e3o ter que destravar do mercado de cr\u00e9dito. <\/p>\n\n\n\n<blockquote class=\"wp-block-quote is-layout-flow wp-block-quote-is-layout-flow\">\n<p>&#8220;Isso \u00e9 um facilitador, o empresariado vai ter que reagir a essas medidas, n\u00e3o adianta n\u00e3o reagir. Ent\u00e3o quer dizer o que? Eles irem atr\u00e1s do cr\u00e9dito, mostrar bons projetos, mostrar que existe de fato demanda para essas medidas que o governo est\u00e1 trazendo. O pr\u00f3prio mercado financeiro tamb\u00e9m precisa mostrar disposi\u00e7\u00e3o, ajudar o governo e o empresariado a construir solu\u00e7\u00f5es para a oferta de cr\u00e9dito. Mas foi um excelente come\u00e7o.&#8221;<\/p>\n<\/blockquote>\n\n\n\n<p>Ele ressalta que boa parte das medidas anunciadas pelo governo precisa serem aprovadas por decreto ou por projeto de lei.<\/p>\n\n\n\n<ul class=\"wp-block-list\">\n<li><strong><em>Confira a <\/em><\/strong><a href=\"https:\/\/investnews.com.br\/cotacao\/roxo34-nubank\/\" target=\"_blank\" rel=\"noreferrer noopener\">cota\u00e7\u00e3o NUBR33<\/a><strong><em> em tempo real<\/em><\/strong><\/li>\n<\/ul>\n","protected":false},"excerpt":{"rendered":"<p>Para Samer Serhan, da Jive Investments, oferta excessiva, elei\u00e7\u00f5es e crise na Americanas impulsionaram retra\u00e7\u00e3o.<\/p>\n","protected":false},"author":73,"featured_media":472441,"comment_status":"closed","ping_status":"open","sticky":false,"template":"","format":"standard","meta":{"_acf_changed":false,"inline_featured_image":false,"footnotes":""},"categories":[6],"tags":[42,52,1616],"autor-wsj":[],"coauthors":[101284],"class_list":["post-472412","post","type-post","status-publish","format-standard","has-post-thumbnail","hentry","category-negocios","tag-credito","tag-inflacao","tag-taxa-de-juros"],"acf":[],"amp_enabled":true,"_links":{"self":[{"href":"https:\/\/investnews.com.br\/inv-api\/wp\/v2\/posts\/472412","targetHints":{"allow":["GET"]}}],"collection":[{"href":"https:\/\/investnews.com.br\/inv-api\/wp\/v2\/posts"}],"about":[{"href":"https:\/\/investnews.com.br\/inv-api\/wp\/v2\/types\/post"}],"author":[{"embeddable":true,"href":"https:\/\/investnews.com.br\/inv-api\/wp\/v2\/users\/73"}],"replies":[{"embeddable":true,"href":"https:\/\/investnews.com.br\/inv-api\/wp\/v2\/comments?post=472412"}],"version-history":[{"count":51,"href":"https:\/\/investnews.com.br\/inv-api\/wp\/v2\/posts\/472412\/revisions"}],"predecessor-version":[{"id":546637,"href":"https:\/\/investnews.com.br\/inv-api\/wp\/v2\/posts\/472412\/revisions\/546637"}],"wp:featuredmedia":[{"embeddable":true,"href":"https:\/\/investnews.com.br\/inv-api\/wp\/v2\/media\/472441"}],"wp:attachment":[{"href":"https:\/\/investnews.com.br\/inv-api\/wp\/v2\/media?parent=472412"}],"wp:term":[{"taxonomy":"category","embeddable":true,"href":"https:\/\/investnews.com.br\/inv-api\/wp\/v2\/categories?post=472412"},{"taxonomy":"post_tag","embeddable":true,"href":"https:\/\/investnews.com.br\/inv-api\/wp\/v2\/tags?post=472412"},{"taxonomy":"autor-wsj","embeddable":true,"href":"https:\/\/investnews.com.br\/inv-api\/wp\/v2\/autor-wsj?post=472412"},{"taxonomy":"author","embeddable":true,"href":"https:\/\/investnews.com.br\/inv-api\/wp\/v2\/coauthors?post=472412"}],"curies":[{"name":"wp","href":"https:\/\/api.w.org\/{rel}","templated":true}]}}