{"id":472856,"date":"2023-05-02T12:29:56","date_gmt":"2023-05-02T15:29:56","guid":{"rendered":"https:\/\/investnews.com.br\/?p=472856"},"modified":"2025-06-17T15:00:51","modified_gmt":"2025-06-17T18:00:51","slug":"reajuste-salario-minimo-2023-impacto-abono-salarial-seguro-desemprego-inss","status":"publish","type":"post","link":"https:\/\/investnews.com.br\/economia\/reajuste-salario-minimo-2023-impacto-abono-salarial-seguro-desemprego-inss\/","title":{"rendered":"Como reajuste do sal\u00e1rio m\u00ednimo impacta INSS, abono e seguro-desemprego?"},"content":{"rendered":"\n<p>Entrou em vigor na segunda-feira (1\u00ba) o <a href=\"https:\/\/investnews.com.br\/economia\/novo-salario-minimo-de-2023-de-r-1-320-passa-a-valer\/\">novo valor do&nbsp;sal\u00e1rio m\u00ednimo<\/a>, que passou de R$ 1.302 para R$ 1.320. O aumento ao trabalhador foi de 1,3%, ou, de R$ 18. O presidente Luiz In\u00e1cio Lula da Silva tamb\u00e9m se comprometeu a enviar ao Congresso um projeto de lei que reajusta o valor do m\u00ednimo anual acima da infla\u00e7\u00e3o do pa\u00eds<\/p>\n\n\n\n<p>A medida impacta o valor de benef\u00edcios e servi\u00e7os que usam o piso como refer\u00eancia. Um exemplo \u00e9 o seguro desemprego, o abono salarial PIS-Pasep, Benef\u00edcio de Presta\u00e7\u00e3o continuada (BPC) al\u00e9m de benef\u00edcios do INSS que ter\u00e3o reajustes. <\/p>\n\n\n\n<p>Segundo o Diesee, 22,7 milh\u00f5es de pessoas ser\u00e3o atingidas pelo aumento. Veja detalhes abaixo:<\/p>\n\n\n\n<h2 class=\"wp-block-heading\">Abono PIS\/Pasep<\/h2>\n\n\n\n<p>Segundo o Codefat, o <a href=\"https:\/\/investnews.com.br\/geral\/abono-salarial-pis-pasep-2023-veja-calendario\/\">abono salarial PIS\/PASEP<\/a> de 2023 ser\u00e1 pago a 23,6 milh\u00f5es de trabalhadores em todo o pa\u00eds que tenham carteira assinada. Desse total, 21,4 milh\u00f5es que trabalham na iniciativa privada receber\u00e3o o PIS e 2,2 milh\u00f5es de servidores p\u00fablicos, empregados de estatais e militares t\u00eam direito ao Pasep.<\/p>\n\n\n\n<p>Em 2023, t\u00eam direito ao benef\u00edcio aqueles que trabalharam por mais de 30 dias durante o ano de 2022.<\/p>\n\n\n\n<figure class=\"wp-block-image size-full\"><img loading=\"lazy\" decoding=\"async\" width=\"1280\" height=\"721\" src=\"https:\/\/media.investnews.com.br\/uploads\/2021\/09\/money-2387280_1280.jpg\" alt=\"dinheiro\" class=\"wp-image-276448\" srcset=\"https:\/\/media.investnews.com.br\/uploads\/2021\/09\/money-2387280_1280.jpg 1280w, https:\/\/media.investnews.com.br\/uploads\/2021\/09\/money-2387280_1280-300x169.jpg 300w, https:\/\/media.investnews.com.br\/uploads\/2021\/09\/money-2387280_1280-1024x577.jpg 1024w, https:\/\/media.investnews.com.br\/uploads\/2021\/09\/money-2387280_1280-768x433.jpg 768w, https:\/\/media.investnews.com.br\/uploads\/2021\/09\/money-2387280_1280-1256x707.jpg 1256w, https:\/\/media.investnews.com.br\/uploads\/2021\/09\/money-2387280_1280-172x97.jpg 172w, https:\/\/media.investnews.com.br\/uploads\/2021\/09\/money-2387280_1280-150x84.jpg 150w\" sizes=\"auto, (max-width: 1280px) 100vw, 1280px\" \/><\/figure>\n\n\n\n<p>O valor \u00e9 calculado proporcionalmente aos meses trabalhados, sendo que o teto para quem trabalhou o ano cheio \u00e9 equivalente a um <a href=\"https:\/\/investnews.com.br\/guias\/salario-minimo\/\">sal\u00e1rio m\u00ednimo<\/a> vigente. <\/p>\n\n\n\n<p>Logo, o valor do abono salarial passa a variar de R$ 110 (valor da divis\u00e3o do sal\u00e1rio m\u00ednimo por 12 meses) a R$ 1.320 (montante cheio),&nbsp;de acordo com a quantidade de meses trabalhados.<\/p>\n\n\n\n<p>Como ocorre tradicionalmente, os pagamentos ser\u00e3o divididos em seis lotes, baseados no m\u00eas de nascimento &#8211; no caso do PIS &#8211; , e no n\u00famero final de inscri\u00e7\u00e3o, &#8211; no caso do Pasep. O dinheiro ser\u00e1 depositado nas datas de libera\u00e7\u00e3o dos lotes e poder\u00e3o ser sacados at\u00e9 28 de dezembro de 2023. Ap\u00f3s esse prazo, ser\u00e1 necess\u00e1rio aguardar convoca\u00e7\u00e3o especial do Minist\u00e9rio do Trabalho e Previd\u00eancia.<\/p>\n\n\n\n<h3 class=\"wp-block-heading\"><strong>Veja abaixo o calend\u00e1rio para recebimento do PIS em 2023:<\/strong><\/h3>\n\n\n\n<figure class=\"wp-block-table is-style-stripes\"><table><thead><tr><th>Nascidos em:<\/th><th>Recebem a partir de:<\/th><\/tr><\/thead><tbody><tr><td>Janeiro<\/td><td>15\/02\/2023<\/td><\/tr><tr><td>Fevereiro<\/td><td>15\/02\/2023<\/td><\/tr><tr><td>Mar\u00e7o<\/td><td>15\/03\/2023<\/td><\/tr><tr><td>Abril<\/td><td>15\/03\/2023<\/td><\/tr><tr><td>Maio<\/td><td>17\/04\/2023<\/td><\/tr><tr><td>Junho<\/td><td>17\/04\/2023<\/td><\/tr><tr><td>Julho<\/td><td>15\/05\/2023<\/td><\/tr><tr><td>Agosto<\/td><td>15\/05\/2023<\/td><\/tr><tr><td>Setembro<\/td><td>15\/06\/2023<\/td><\/tr><tr><td>Outubro<\/td><td>15\/06\/2023<\/td><\/tr><tr><td>Novembro<\/td><td>17\/07\/2023<\/td><\/tr><tr><td>Dezembro<\/td><td>17\/07\/2023<\/td><\/tr><\/tbody><\/table><figcaption class=\"wp-element-caption\">Ano-base 2021 | Codefat n\u00ba 968&nbsp;de 15&nbsp;de dezembro&nbsp;de 2022<\/figcaption><\/figure>\n\n\n\n<p><\/p>\n\n\n\n<h3 class=\"wp-block-heading\"><strong>Veja abaixo o calend\u00e1rio para recebimento do Pasep em 2023:<\/strong><\/h3>\n\n\n\n<figure class=\"wp-block-table is-style-stripes\"><table><tbody><tr><td>Final da inscri\u00e7\u00e3o<\/td><td>Recebem a partir de<\/td><td>Recebem at\u00e9<\/td><\/tr><tr><td>0<\/td><td>15\/2\/2023<\/td><td>28\/12\/2023<\/td><\/tr><tr><td>1<\/td><td>15\/3\/2023<\/td><td>28\/12\/2023<\/td><\/tr><tr><td>2 e 3<\/td><td>17\/4\/2023<\/td><td>28\/12\/2023<\/td><\/tr><tr><td>4 e 5<\/td><td>15\/5\/2023<\/td><td>28\/12\/2023<\/td><\/tr><tr><td>6 e 7<\/td><td>15\/6\/2023<\/td><td>28\/12\/2023<\/td><\/tr><tr><td>8 e 9<\/td><td>17\/7\/2023<\/td><td>28\/12\/2023<\/td><\/tr><\/tbody><\/table><figcaption class=\"wp-element-caption\">Fonte: Codefat<\/figcaption><\/figure>\n\n\n\n<h2 class=\"wp-block-heading\">INSS<\/h2>\n\n\n\n<p>Assim como no PIS\/Pasep, quem recebe benef\u00edcios do Instituto Nacional do Seguro Social  (INSS) <a href=\"https:\/\/investnews.com.br\/geral\/tabela-de-contribuicao-do-inss-2023-veja-novo-valor-apos-reajuste\/\">ter\u00e3o direito ao reajuste<\/a>. Logo, aposentadorias, aux\u00edlio-doen\u00e7a e pens\u00e3o por morte entram no &#8220;pacote&#8221;.<\/p>\n\n\n\n<p>O pagamento referente ao m\u00eas de maio j\u00e1 ter\u00e1 o reajuste do benef\u00edcio para aqueles que recebem um sal\u00e1rio m\u00ednimo.<\/p>\n\n\n\n<p>a tabela de contribui\u00e7\u00e3o tamb\u00e9m muda. A al\u00edquota m\u00ednima de primeira faixa de contribui\u00e7\u00e3o, de&nbsp;<strong>7,5%<\/strong>&nbsp;passou do antigo sal\u00e1rio m\u00ednimo de R$ 1.302 (at\u00e9 abril) para o atual, de R$ 1.320, um aumento de R$ 18. Acima deste valor, os percentuais da tabela se mantiveram inalterados at\u00e9 o teto, de R$ 7.057,49, cuja al\u00edquota \u00e9 de 14% (<em>veja abaixo<\/em>).<\/p>\n\n\n\n<h3 class=\"wp-block-heading\">Tabela de contribui\u00e7\u00e3o do INSS 2023 atualizada<\/h3>\n\n\n\n<figure class=\"wp-block-table\"><table><tbody><tr><td><strong>Al\u00edquota<\/strong><\/td><td><strong>Antes do reajuste<\/strong><\/td><td><strong>Ap\u00f3s o reajuste<\/strong><\/td><\/tr><tr><td><strong>7,5%<\/strong><\/td><td>At\u00e9 R$ 1.302,00<\/td><td>At\u00e9 1.320,00<\/td><\/tr><tr><td><strong>9,0%<\/strong><\/td><td>De R$ 1.302,01 a R$ 2.571,29<\/td><td>De 1.320,01 at\u00e9 2.571,29<\/td><\/tr><tr><td><strong>12,0%<\/strong><\/td><td>De R$ 2.571,30 a R$ 3.856,94<\/td><td>De 2.571,30 at\u00e9 3.856,94<\/td><\/tr><tr><td><strong>14,0%<\/strong><\/td><td>De R$ 3.856,95 a R$ 7.507,49<\/td><td>De 3.856,95 at\u00e9 7.507,49<\/td><\/tr><\/tbody><\/table><\/figure>\n\n\n\n<p>Fonte: INSS<\/p>\n\n\n\n<p><strong>Veja tamb\u00e9m:<\/strong> <a href=\"https:\/\/investnews.com.br\/ferramentas\/calculadoras\/calculadora-inss\/\">Calculadora INSS<\/a> online e gratuita<\/p>\n\n\n\n<h2 class=\"wp-block-heading\">Seguro-desemprego<\/h2>\n\n\n\n<p>O trabalhador que tinha carteira assinada e foi demitido sem justa causa ter\u00e1 o seguro desemprego reajustado pelo novo piso. O c\u00e1lculo a ser recebido vai depender da m\u00e9dia salarial dos tr\u00eas meses que antecedem a demiss\u00e3o &#8211; mas sem que o valor da parcela seja inferior ao atual sal\u00e1rio m\u00ednimo.<\/p>\n\n\n\n<p>Os benefici\u00e1rios que receber\u00e3o a parcela em 11 de maio j\u00e1 ver\u00e3o o reajuste, de acordo com o Minist\u00e9rio do Trabalho.<\/p>\n\n\n\n<figure class=\"wp-block-image size-full\"><img loading=\"lazy\" decoding=\"async\" width=\"1920\" height=\"1273\" src=\"https:\/\/media.investnews.com.br\/uploads\/2020\/03\/people-431943_1920.jpg\" alt=\"fila_desemprego\" class=\"wp-image-4854\" srcset=\"https:\/\/media.investnews.com.br\/uploads\/2020\/03\/people-431943_1920.jpg 1920w, https:\/\/media.investnews.com.br\/uploads\/2020\/03\/people-431943_1920-300x199.jpg 300w, https:\/\/media.investnews.com.br\/uploads\/2020\/03\/people-431943_1920-1024x679.jpg 1024w, https:\/\/media.investnews.com.br\/uploads\/2020\/03\/people-431943_1920-768x509.jpg 768w, https:\/\/media.investnews.com.br\/uploads\/2020\/03\/people-431943_1920-1536x1018.jpg 1536w, https:\/\/media.investnews.com.br\/uploads\/2020\/03\/people-431943_1920-1256x833.jpg 1256w, https:\/\/media.investnews.com.br\/uploads\/2020\/03\/people-431943_1920-172x114.jpg 172w, https:\/\/media.investnews.com.br\/uploads\/2020\/03\/people-431943_1920-150x99.jpg 150w\" sizes=\"auto, (max-width: 1920px) 100vw, 1920px\" \/><\/figure>\n\n\n\n<ul class=\"wp-block-list\">\n<li><em><strong>Saiba mais: O que \u00e9 <\/strong><\/em><a href=\"https:\/\/investnews.com.br\/guias\/o-que-e-nit\/\"><strong>nit<\/strong><\/a><em><strong>?<\/strong><\/em><\/li>\n<\/ul>\n\n\n\n<h2 class=\"wp-block-heading\">Novo sal\u00e1rio m\u00ednimo<\/h2>\n\n\n\n<p>A partir da segunda-feira, o trabalhador que recebe sal\u00e1rio m\u00ednimo teve o segundo reajuste do ano. O valor de R$ 1.320 originalmente estava previsto no Or\u00e7amento Geral da Uni\u00e3o de 2023. No entanto,&nbsp;foi adiado em quatro meses porque o sal\u00e1rio m\u00ednimo neste valor n\u00e3o permitiria pagar os benef\u00edcios do Instituto Nacional do Seguro Social (INSS) durante todo o ano.<\/p>\n\n\n\n<p>O aumento para R$ 1.320 ficou em&nbsp;discuss\u00e3o porque os R$ 6,8 bilh\u00f5es destinados pela Emenda Constitucional da Transi\u00e7\u00e3o se mostraram insuficientes para bancar o aumento dos benef\u00edcios do Instituto Nacional do Seguro Social (INSS) atrelados ao sal\u00e1rio m\u00ednimo. Isso porque a forte concess\u00e3o de aposentadorias e pens\u00f5es no segundo semestre do ano passado criou impacto maior que o estimado para os gastos do INSS neste ano.<\/p>\n\n\n\n<p>De acordo com o Minist\u00e9rio da Fazenda, al\u00e9m dos R$ 6,8 bilh\u00f5es, o governo precisaria de R$ 7,7 bilh\u00f5es para bancar o aumento do sal\u00e1rio m\u00ednimo para R$ 1.320 ainda em janeiro. Inicialmente, a equipe econ\u00f4mica queria adiar o reajuste para 2024, mas o governo conseguiu encontrar recursos para o novo aumento do m\u00ednimo. O dinheiro veio do recadastramento do <strong><a href=\"https:\/\/investnews.com.br\/economia\/caixa-comeca-a-pagar-bolsa-familia-com-adicional-de-r-150\/\">Bolsa Fam\u00edlia<\/a><\/strong>, que eliminou 1,2 milh\u00e3o de benefici\u00e1rios em situa\u00e7\u00e3o irregular apenas em abril.<\/p>\n\n\n\n<ul class=\"wp-block-list\">\n<li><strong><em>Fa\u00e7a o <\/em><\/strong><a href=\"https:\/\/investnews.com.br\/ferramentas\/calculadoras\/calculadora-de-salario-liquido\/\">c\u00e1lculo do sal\u00e1rio l\u00edquido<\/a><strong><em> online e gratuitamente<\/em><\/strong><\/li>\n<\/ul>\n\n\n\n<h2 class=\"wp-block-heading\">Reajuste por infla\u00e7\u00e3o<\/h2>\n\n\n\n<p>Ap\u00f3s os dois reajustes deste ano, um em janeiro e outro agora em maio, o governo busca discutir uma pol\u00edtica de valoriza\u00e7\u00e3o permanente do sal\u00e1rio m\u00ednimo a partir de 2024. Na \u00faltima sexta-feira (28), o ministro do Trabalho e Emprego, Luiz Marinho, informou que o governo em breve enviar\u00e1 um projeto de lei que&nbsp;retoma a f\u00f3rmula que vigorou de 2012 at\u00e9 2019.<\/p>\n\n\n\n<p>Pela pol\u00edtica anterior, o sal\u00e1rio m\u00ednimo era corrigido pela infla\u00e7\u00e3o do ano anterior, pelo \u00cdndice Nacional de Pre\u00e7os ao Consumidor (INPC)&nbsp;e o crescimento do Produto Interno Bruto (PIB) de dois anos antes. Caso o PIB encolha, haver\u00e1 apenas a reposi\u00e7\u00e3o pela infla\u00e7\u00e3o. O Minist\u00e9rio da Fazenda defendia outra f\u00f3rmula, que incluiria a varia\u00e7\u00e3o do PIB&nbsp;<em>per capita<\/em>&nbsp;e teria impacto menor no Or\u00e7amento, mas foi vencido.<\/p>\n\n\n\n<p><em>Com Ag\u00eancia Brasil<\/em><\/p>\n","protected":false},"excerpt":{"rendered":"<p>Aumento do sal\u00e1rio m\u00ednimo ao trabalhador foi de 1,3%; medida impacta o valor de benef\u00edcios e servi\u00e7os que usam o piso como refer\u00eancia. <\/p>\n","protected":false},"author":37,"featured_media":21690,"comment_status":"closed","ping_status":"open","sticky":false,"template":"","format":"standard","meta":{"_acf_changed":false,"inline_featured_image":false,"footnotes":""},"categories":[5],"tags":[2370],"autor-wsj":[],"coauthors":[2270],"class_list":["post-472856","post","type-post","status-publish","format-standard","has-post-thumbnail","hentry","category-economia","tag-luiz-inacio-lula-da-silva"],"acf":[],"amp_enabled":true,"_links":{"self":[{"href":"https:\/\/investnews.com.br\/inv-api\/wp\/v2\/posts\/472856","targetHints":{"allow":["GET"]}}],"collection":[{"href":"https:\/\/investnews.com.br\/inv-api\/wp\/v2\/posts"}],"about":[{"href":"https:\/\/investnews.com.br\/inv-api\/wp\/v2\/types\/post"}],"author":[{"embeddable":true,"href":"https:\/\/investnews.com.br\/inv-api\/wp\/v2\/users\/37"}],"replies":[{"embeddable":true,"href":"https:\/\/investnews.com.br\/inv-api\/wp\/v2\/comments?post=472856"}],"version-history":[{"count":30,"href":"https:\/\/investnews.com.br\/inv-api\/wp\/v2\/posts\/472856\/revisions"}],"predecessor-version":[{"id":681097,"href":"https:\/\/investnews.com.br\/inv-api\/wp\/v2\/posts\/472856\/revisions\/681097"}],"wp:featuredmedia":[{"embeddable":true,"href":"https:\/\/investnews.com.br\/inv-api\/wp\/v2\/media\/21690"}],"wp:attachment":[{"href":"https:\/\/investnews.com.br\/inv-api\/wp\/v2\/media?parent=472856"}],"wp:term":[{"taxonomy":"category","embeddable":true,"href":"https:\/\/investnews.com.br\/inv-api\/wp\/v2\/categories?post=472856"},{"taxonomy":"post_tag","embeddable":true,"href":"https:\/\/investnews.com.br\/inv-api\/wp\/v2\/tags?post=472856"},{"taxonomy":"autor-wsj","embeddable":true,"href":"https:\/\/investnews.com.br\/inv-api\/wp\/v2\/autor-wsj?post=472856"},{"taxonomy":"author","embeddable":true,"href":"https:\/\/investnews.com.br\/inv-api\/wp\/v2\/coauthors?post=472856"}],"curies":[{"name":"wp","href":"https:\/\/api.w.org\/{rel}","templated":true}]}}