{"id":473190,"date":"2023-05-02T16:24:24","date_gmt":"2023-05-02T19:24:24","guid":{"rendered":"https:\/\/investnews.com.br\/?p=473190"},"modified":"2025-08-08T16:41:22","modified_gmt":"2025-08-08T19:41:22","slug":"desejada-por-lula-isencao-de-ir-sobre-plr-teria-impacto-de-r-4-bi-diz-xp","status":"publish","type":"post","link":"https:\/\/investnews.com.br\/economia\/desejada-por-lula-isencao-de-ir-sobre-plr-teria-impacto-de-r-4-bi-diz-xp\/","title":{"rendered":"Desejada por Lula, isen\u00e7\u00e3o de IR sobre PLR teria impacto de R$ 4 bi, diz XP"},"content":{"rendered":"<p>Nesta segunda-feira (1\u00ba), o presidente Luiz In\u00e1cio Lula da Silva informou que seu governo estuda conceder uma <strong>isen\u00e7\u00e3o da cobran\u00e7a de <a href=\"https:\/\/investnews.com.br\/guias\/imposto-de-renda-o-que-e\/\">Imposto de Renda<\/a><\/strong> sobre a participa\u00e7\u00e3o nos lucros e resultados, a <strong>PLR<\/strong>, paga pelas empresas aos empregados. Segundo Lula, a medida pode ser concretizada no pr\u00f3ximo ano.<\/p><p>O PLR \u00e9 um benef\u00edcio pago por empresas que distribuem seus lucros aos funcion\u00e1rios, como uma esp\u00e9cie de &#8220;b\u00f4nus&#8221;. A participa\u00e7\u00e3o nos lucros sofre tributa\u00e7\u00e3o de <a href=\"https:\/\/investnews.com.br\/guias\/imposto-de-renda-o-que-e\/\">Imposto de Renda<\/a> na fonte, de acordo com a <a href=\"https:\/\/investnews.com.br\/economia\/nova-tabela-imposto-de-renda-o-que-muda\/\">tabela progressiva do IR<\/a>.<\/p><figure class=\"wp-block-image size-large\"><img loading=\"lazy\" decoding=\"async\" width=\"1024\" height=\"683\" src=\"https:\/\/media.investnews.com.br\/uploads\/2023\/05\/2023-05-01T191407Z_1_LYNXMPEJ400S1_RTROPTP_4_MAY-DAY-BRAZIL-1024x683.jpg\" alt=\"Lula, em camisa bordada, ao lado de homem com bon\u00e9 UGT e punho erguido.\" class=\"wp-image-472771\" srcset=\"https:\/\/media.investnews.com.br\/uploads\/2023\/05\/2023-05-01T191407Z_1_LYNXMPEJ400S1_RTROPTP_4_MAY-DAY-BRAZIL-1024x683.jpg 1024w, https:\/\/media.investnews.com.br\/uploads\/2023\/05\/2023-05-01T191407Z_1_LYNXMPEJ400S1_RTROPTP_4_MAY-DAY-BRAZIL-300x200.jpg 300w, https:\/\/media.investnews.com.br\/uploads\/2023\/05\/2023-05-01T191407Z_1_LYNXMPEJ400S1_RTROPTP_4_MAY-DAY-BRAZIL-768x512.jpg 768w, https:\/\/media.investnews.com.br\/uploads\/2023\/05\/2023-05-01T191407Z_1_LYNXMPEJ400S1_RTROPTP_4_MAY-DAY-BRAZIL-1536x1025.jpg 1536w, https:\/\/media.investnews.com.br\/uploads\/2023\/05\/2023-05-01T191407Z_1_LYNXMPEJ400S1_RTROPTP_4_MAY-DAY-BRAZIL-1256x838.jpg 1256w, https:\/\/media.investnews.com.br\/uploads\/2023\/05\/2023-05-01T191407Z_1_LYNXMPEJ400S1_RTROPTP_4_MAY-DAY-BRAZIL-172x115.jpg 172w, https:\/\/media.investnews.com.br\/uploads\/2023\/05\/2023-05-01T191407Z_1_LYNXMPEJ400S1_RTROPTP_4_MAY-DAY-BRAZIL-150x100.jpg 150w, https:\/\/media.investnews.com.br\/uploads\/2023\/05\/2023-05-01T191407Z_1_LYNXMPEJ400S1_RTROPTP_4_MAY-DAY-BRAZIL.jpg 2048w\" sizes=\"auto, (max-width: 1024px) 100vw, 1024px\" \/><figcaption class=\"wp-element-caption\">O presidente Luiz In\u00e1cio Lula da Silva gesticula em evento sindical no Dia Internacional do Trabalhador, em S\u00e3o Paulo\n1\u00ba\/05\/2023\nREUTERS\/Amanda Perobelli<\/figcaption><\/figure><p>Segundo o governo federal, no ano de 2020, cerca de 60% dos rendimentos recebidos de PLR eram isentos \u2013 a faixa de isen\u00e7\u00e3o era de valores at\u00e9 R$ 6.677,45. Em 2022, este valor correspondia a uma redu\u00e7\u00e3o da arrecada\u00e7\u00e3o da ordem de R$ 3 bilh\u00f5es.<\/p><h2 class=\"wp-block-heading\">O que diz Lula sobre a PLR<\/h2><p>&#8220;Os trabalhadores se preparem, porque a pedido das centrais sindicais, n\u00f3s come\u00e7amos a estudar: se o patr\u00e3o n\u00e3o paga imposto de renda sobre o lucro, se o patr\u00e3o n\u00e3o paga imposto de renda sobre os <a href=\"https:\/\/investnews.com.br\/guias\/dividendos-o-que-sao-como-funcionam\/\">dividendos<\/a> que ele recebe, por que os trabalhadores t\u00eam que pagar imposto no PLR?&#8221;, questionou Lula em discurso na ocasi\u00e3o.<\/p><blockquote class=\"wp-block-quote is-layout-flow wp-block-quote-is-layout-flow\">\n<p>&#8220;N\u00f3s estamos estudando, quem, sabe para o pr\u00f3ximo ano, da mesma forma que um patr\u00e3o que ganha milh\u00f5es n\u00e3o paga sobre o lucro, o trabalhador n\u00e3o pode <a href=\"https:\/\/investnews.com.br\/financas\/como-pagar-imposto-de-renda-devido-apos-fazer-a-declaracao\/\">pagar imposto de renda<\/a> sobre a participa\u00e7\u00e3o dele no lucro da empresa&#8221;.<\/p>\n<cite>LULA, PRESIDENTE DA REP\u00daBLICA<\/cite><\/blockquote><h2 class=\"wp-block-heading\">Perda estimada de R$ 4 bi<\/h2><p>Segundo c\u00e1lculo preliminar feito pelo economista\u00a0da XP Tiago Sbardelotto, o impacto da isen\u00e7\u00e3o de tributa\u00e7\u00e3o de\u00a0PLR\u00a0na arrecada\u00e7\u00e3o do governo seria de uma perda total estimada em R$ 7 bilh\u00f5es em 2024. &#8220;Ou seja, haveria uma perda adicional de cerca de R$ 4 bilh\u00f5es com a medida em rela\u00e7\u00e3o \u00e0 situa\u00e7\u00e3o atual&#8221;, diz a XP em nota enviada \u00e0 imprensa, considerando a soma do impacto da isen\u00e7\u00e3o j\u00e1 existente para a faixa menor.<\/p><p>Ainda de acordo com Sbardelotto, a isen\u00e7\u00e3o elevaria a necessidade de medidas compensat\u00f3rias para atingir a meta de resultado prim\u00e1rio neutro em 2024, Segundo ele, \u00e9 &#8220;mais prov\u00e1vel que seja discutida apenas em eventual reforma do imposto sobre a renda, a ser apresentada no segundo semestre deste ano&#8221;.<\/p><p>Veja abaixo as al\u00edquotas sobre PLR:<\/p><figure class=\"wp-block-table is-style-stripes\"><table><tbody><tr><td><strong>PLR anual<\/strong><\/td><td><strong>Al\u00edquota de IR<\/strong><\/td><\/tr><tr><td>At\u00e9 R$ 6.677,55<\/td><td>zero<\/td><\/tr><tr><td>De R$ 6.677,56 a R$ 9.922,28<\/td><td>7,5%<\/td><\/tr><tr><td>De R$ 9,922,29 a R$ 13.167,00<\/td><td>15%<\/td><\/tr><tr><td>De R$ 13.167,01 a 16.380,38<\/td><td>22,5%<\/td><\/tr><tr><td>A partir de R$ 16.380,39<\/td><td>27,5%<\/td><\/tr><\/tbody><\/table><\/figure><ul class=\"wp-block-list\">\n<li>Confira: <a href=\"https:\/\/investnews.com.br\/economia\/quem-precisa-declarar-o-imposto-de-renda\/\">valor m\u00ednimo para declarar Imposto de Renda 2024<\/a><\/li>\n\n\n\n<li><a href=\"https:\/\/investnews.com.br\/economia\/imposto-de-renda-erros-declaracao-malha-fina\/\">Malha Fina Receita Federal<\/a><strong><em>: 9 erros comuns<\/em><\/strong><\/li>\n<\/ul>\n","protected":false},"excerpt":{"rendered":"<p>Segundo economista, mudan\u00e7a elevaria necessidade de medidas para atingir a meta de resultado prim\u00e1rio neutro em 2024.<\/p>\n","protected":false},"author":5,"featured_media":409061,"comment_status":"closed","ping_status":"open","sticky":false,"template":"","format":"standard","meta":{"_acf_changed":false,"inline_featured_image":false,"footnotes":""},"categories":[5],"tags":[526,44],"autor-wsj":[],"coauthors":[1495],"class_list":["post-473190","post","type-post","status-publish","format-standard","has-post-thumbnail","hentry","category-economia","tag-dividendos","tag-imposto-de-renda"],"acf":[],"amp_enabled":true,"_links":{"self":[{"href":"https:\/\/investnews.com.br\/inv-api\/wp\/v2\/posts\/473190","targetHints":{"allow":["GET"]}}],"collection":[{"href":"https:\/\/investnews.com.br\/inv-api\/wp\/v2\/posts"}],"about":[{"href":"https:\/\/investnews.com.br\/inv-api\/wp\/v2\/types\/post"}],"author":[{"embeddable":true,"href":"https:\/\/investnews.com.br\/inv-api\/wp\/v2\/users\/5"}],"replies":[{"embeddable":true,"href":"https:\/\/investnews.com.br\/inv-api\/wp\/v2\/comments?post=473190"}],"version-history":[{"count":26,"href":"https:\/\/investnews.com.br\/inv-api\/wp\/v2\/posts\/473190\/revisions"}],"predecessor-version":[{"id":704512,"href":"https:\/\/investnews.com.br\/inv-api\/wp\/v2\/posts\/473190\/revisions\/704512"}],"wp:featuredmedia":[{"embeddable":true,"href":"https:\/\/investnews.com.br\/inv-api\/wp\/v2\/media\/409061"}],"wp:attachment":[{"href":"https:\/\/investnews.com.br\/inv-api\/wp\/v2\/media?parent=473190"}],"wp:term":[{"taxonomy":"category","embeddable":true,"href":"https:\/\/investnews.com.br\/inv-api\/wp\/v2\/categories?post=473190"},{"taxonomy":"post_tag","embeddable":true,"href":"https:\/\/investnews.com.br\/inv-api\/wp\/v2\/tags?post=473190"},{"taxonomy":"autor-wsj","embeddable":true,"href":"https:\/\/investnews.com.br\/inv-api\/wp\/v2\/autor-wsj?post=473190"},{"taxonomy":"author","embeddable":true,"href":"https:\/\/investnews.com.br\/inv-api\/wp\/v2\/coauthors?post=473190"}],"curies":[{"name":"wp","href":"https:\/\/api.w.org\/{rel}","templated":true}]}}