{"id":474874,"date":"2023-05-04T16:18:00","date_gmt":"2023-05-04T19:18:00","guid":{"rendered":"https:\/\/investnews.com.br\/?p=474874"},"modified":"2023-05-05T10:40:51","modified_gmt":"2023-05-05T13:40:51","slug":"apos-106-anos-uma-das-familias-mais-ricas-do-mundo-abre-mao-de-seu-imperio","status":"publish","type":"post","link":"https:\/\/investnews.com.br\/negocios\/apos-106-anos-uma-das-familias-mais-ricas-do-mundo-abre-mao-de-seu-imperio\/","title":{"rendered":"Ap\u00f3s 106 anos, uma das fam\u00edlias mais ricas do mundo abre m\u00e3o de seu imp\u00e9rio"},"content":{"rendered":"\n<p id=\"block-2f921076-6e98-4c87-a2ba-2cde1c4488e2\"><br>Ao longo do s\u00e9culo passado, os <strong>Viessmanns<\/strong> constru\u00edram uma das maiores fortunas do mundo com um imp\u00e9rio industrial gerado a partir de uma pequena oficina no estado alem\u00e3o da Baviera.<\/p>\n\n\n\n<p id=\"block-889428fe-e26f-4dc7-a822-221dbfb79a00\">A fam\u00edlia bilion\u00e1ria est\u00e1 agora vendendo uma das empresas que sustentam a maior economia da Europa, em uma rara reformula\u00e7\u00e3o de sua fortuna de 106 anos.<\/p>\n\n\n\n<figure class=\"wp-block-image\" id=\"block-b413db3b-e04f-447c-b617-12cfa58bb73e\"><img decoding=\"async\" src=\"https:\/\/media.investnews.com.br\/uploads\/2023\/05\/why_our_heritage_Viessmann20180418_KK_0501_Max_Prof_Martin_Viessmann.webp\" alt=\"O atributo alt desta imagem est\u00e1 vazio. O nome do arquivo \u00e9 why_our_heritage_Viessmann20180418_KK_0501_Max_Prof_Martin_Viessmann.webp\"\/><figcaption class=\"wp-element-caption\">Maximilian Viessmann e o pai, Martin Viessmann. (Cr\u00e9dito: Viessmann)<\/figcaption><\/figure>\n\n\n\n<p id=\"block-249aaff4-4e1e-4ec2-a6a4-1cd62895f060\">A <strong>Carrier Global Corp.<\/strong> concordou esta semana em comprar a unidade de aquecimento e resfriamento da empresa hom\u00f4nima dos Viessmanns, em um acordo de dinheiro e a\u00e7\u00f5es. A venda elevar\u00e1 a riqueza da fam\u00edlia para at\u00e9 US$ 14 bilh\u00f5es, mais que o dobro de um ano atr\u00e1s, de acordo com o Bloomberg Billionaires Index.<\/p>\n\n\n\n<h2 class=\"wp-block-heading\" id=\"block-badee304-11fc-4f8d-b90f-8b4f39f30770\">Fim de gigante de neg\u00f3cios fundado em 1917<\/h2>\n\n\n\n<p id=\"block-d88a2074-a61b-4b5d-be69-f806974089be\">A mudan\u00e7a quebra um imp\u00e9rio de neg\u00f3cios que data de 1917, quando Johann Viessmann montou sua oficina ap\u00f3s passagens como oper\u00e1rio e ferreiro.<\/p>\n\n\n\n<p id=\"block-504246f9-a514-4997-901c-58bd7ff2db7e\">Sua fortuna mudou uma d\u00e9cada depois. Um jardineiro pediu uma maneira melhor de aquecer as plantas mais delicadas de sua estufa, levando Johann a criar e patentear uma caldeira de a\u00e7o. A ideia se tornou o motor dos neg\u00f3cios da fam\u00edlia por d\u00e9cadas.<\/p>\n\n\n\n<figure class=\"wp-block-image\" id=\"block-ad60bffc-11ef-4660-99fd-d4f77e43a88f\"><img decoding=\"async\" src=\"https:\/\/media.investnews.com.br\/uploads\/2023\/05\/martin-viessman-divulgacao.webp\" alt=\"O atributo alt desta imagem est\u00e1 vazio. O nome do arquivo \u00e9 martin-viessman-divulgacao.webp\"\/><figcaption class=\"wp-element-caption\">Martin Viessmann. (Cr\u00e9dito: Divulga\u00e7\u00e3o\/Viessmann)<\/figcaption><\/figure>\n\n\n\n<p id=\"block-df243b79-48a6-4082-bf53-96272b4c195b\">Martin Viessmann, 69 anos, e seu filho, Maximilian, que completa 34 este ano, dirigiram a empresa nos \u00faltimos anos junto com executivos de fora da fam\u00edlia. Maximilian tornou-se o \u00fanico CEO em julho. Ele trabalhou no Boston Consulting Group antes de ingressar na empresa como diretor digital.<\/p>\n\n\n\n<p id=\"block-28328127-65b4-43fe-a95d-11e007966260\">A dupla impulsionou a empresa com sede em Allendorf, na Alemanha, para novas tecnologias, como bombas de calor, armazenamento de eletricidade e servi\u00e7os digitais, fornecendo prote\u00e7\u00e3o contra desacelera\u00e7\u00f5es em seus neg\u00f3cios tradicionais.<\/p>\n\n\n\n<p id=\"block-c2d1a323-50fd-4c56-8776-1a433390a60d\">\u201cEstamos posicionados de forma muito ampla\u201d, disse Maximilian na quarta-feira em entrevista a rep\u00f3rteres locais. \u201cTemos lidado muito intensamente com a forma como o mercado se desenvolver\u00e1 a longo prazo.\u201d<\/p>\n\n\n\n<h2 class=\"wp-block-heading\" id=\"block-3d186f35-23d3-4e45-aeb1-501207358699\">Imp\u00e9rio industrial da Alemanha<\/h2>\n\n\n\n<p id=\"block-b566fc52-f903-4c0a-a0db-c0ecb12203f6\">A Viessmann, de capital fechado, \u00e9 uma das chamadas empresas Mittelstand que s\u00e3o a base da proeza industrial da Alemanha. As empresas, em sua maioria de m\u00e9dio porte, geralmente familiares, fornecem mais da metade dos empregos e da produ\u00e7\u00e3o econ\u00f4mica do pa\u00eds.<\/p>\n\n\n\n<p id=\"block-15d1487a-8e8d-4e81-b470-7d0a16597202\">Essas empresas ajudaram a tornar a Alemanha a maior fonte de fortunas europeias entre os ultra-ricos do mundo, e poucas venderam grande parte de seus neg\u00f3cios. A Messer, fabricante de g\u00e1s industrial controlada por sua fam\u00edlia hom\u00f4nima h\u00e1 mais de um s\u00e9culo, estava em negocia\u00e7\u00f5es para vender uma participa\u00e7\u00e3o ao fundo de riqueza de Cingapura GIC Pte e ao bra\u00e7o de infraestrutura da EQT AB, disseram pessoas com conhecimento das negocia\u00e7\u00f5es no in\u00edcio deste ano.<\/p>\n\n\n\n<p id=\"block-8eae61dc-f963-4fe0-ace5-224901188ea1\">\u201cMuitas empresas n\u00e3o alem\u00e3s v\u00e3o regularmente \u00e0 ca\u00e7a de firmas de Mittelstand, mas muitas n\u00e3o se vendem\u201d, disse Jeffrey Fear, professor de hist\u00f3ria de neg\u00f3cios internacionais da Universidade de Glasgow. Um dos pontos fortes das empresas \u00e9 \u201cuma perspectiva global com ra\u00edzes locais\u201d.<\/p>\n\n\n\n<h2 class=\"wp-block-heading\" id=\"block-bc073cf4-dfac-4769-a7ce-86be3e88f639\">Fam\u00edlias ricas querem diversificar fortuna<\/h2>\n\n\n\n<p id=\"block-b3b70fe5-4de0-415e-9556-7c60315f305c\">As fam\u00edlias mais ricas do mundo muitas vezes estabelecem empresas externas para diversificar sua riqueza ap\u00f3s um grande evento de liquidez, e os Viessmanns j\u00e1 criaram maneiras de fazer isso nos \u00faltimos anos.<\/p>\n\n\n\n<p id=\"block-45e29147-4dc8-4cec-8e89-83b6c492eed6\">Eles estabeleceram uma <a href=\"https:\/\/investnews.com.br\/guias\/holding\/\">holding<\/a> familiar em 2020 que agora administra uma divis\u00e3o de capital de risco \u2013 originalmente estabelecida em 2017 \u2013 e uma unidade imobili\u00e1ria. Tamb\u00e9m supervisiona a funda\u00e7\u00e3o do cl\u00e3, que recentemente doou dinheiro para ajudar no sustento de fam\u00edlias da Ucr\u00e2nia.<\/p>\n\n\n\n<p id=\"block-e39657ee-45e1-4f2f-a548-d62857fe4c0a\">Seu bra\u00e7o de risco, VC\/O, alocou dinheiro para fundos com investimentos em tecnologia profunda e neg\u00f3cios de energia em est\u00e1gio inicial. A Viessmann Real Estate, criada como parte da reestrutura\u00e7\u00e3o de 2020, planeja desenvolver locais n\u00e3o utilizados dos neg\u00f3cios operacionais da dinastia.<\/p>\n\n\n\n<p id=\"block-d575a0bd-cdbe-4117-b875-f5bd91d180d8\">Se a transa\u00e7\u00e3o com a Carrier for conclu\u00edda, a fam\u00edlia receber\u00e1 cerca de \u20ac 9,6 bilh\u00f5es (US$ 10,5 bilh\u00f5es) antes das considera\u00e7\u00f5es fiscais. Os Viessmanns planejam alocar a maior parte dos recursos em dinheiro para filantropia e seus neg\u00f3cios hom\u00f4nimos, disse um porta-voz da empresa.<\/p>\n\n\n\n<h2 class=\"wp-block-heading\" id=\"block-7728967b-c911-4b29-b87f-c42ce8703e00\">Viessmanns querem participa\u00e7\u00e3o na Carrier<\/h2>\n\n\n\n<p id=\"block-c7b4db3f-201a-4bd9-ab32-dcca622dbc69\">Eles tamb\u00e9m devem se apropriar de uma participa\u00e7\u00e3o de aproximadamente US$ 2,7 bilh\u00f5es na Carrier, de capital aberto, colocando-os entre seus maiores acionistas. A a\u00e7\u00e3o, que rendeu mais de 240% desde que a empresa com sede na Fl\u00f3rida se separou da United Technologies Corp. em 2020, mudou pouco este ano.<\/p>\n\n\n\n<p id=\"block-5df9718e-4bf8-47d8-9492-6a76eb881edf\">Espera-se que o acordo seja conclu\u00eddo at\u00e9 o final do ano, embora os reguladores alem\u00e3es estejam revisando-o para proteger os empregos de tecnologia verde. Maximilian Viessmann se juntar\u00e1 ao conselho da Carrier se a venda for concretizada.<\/p>\n\n\n\n<p id=\"block-44104a9f-4bb9-477b-9c5a-7802a6a86325\">O fabricante alem\u00e3o anunciou planos no ano passado para investir \u20ac 1 bilh\u00e3o em solu\u00e7\u00f5es clim\u00e1ticas verdes, o que significa que os Viessmanns est\u00e3o longe de terminar de construir seu imp\u00e9rio, mesmo depois de cederem o controle do neg\u00f3cio que os levou \u00e0 riqueza.<\/p>\n\n\n\n<blockquote class=\"wp-block-quote is-layout-flow wp-block-quote-is-layout-flow\">\n<h2 class=\"wp-block-heading\" id=\"block-baf16708-6701-4222-a3c4-b877a75ed041\">\u201cSer um empres\u00e1rio familiar n\u00e3o \u00e9 um trabalho, mas uma voca\u00e7\u00e3o\u201d, disse Maximilian em entrevista em 2021. \u201cS\u00f3 peguei emprestado a responsabilidade pela empresa das gera\u00e7\u00f5es vindouras.\u201d<\/h2>\n<\/blockquote>\n","protected":false},"excerpt":{"rendered":"<p>Viessmann, uma das empresas familiares que sustentam a economia alem\u00e3, est\u00e1 prestes a ser vendida ap\u00f3s quatro gera\u00e7\u00f5es.<\/p>\n","protected":false},"author":76,"featured_media":474877,"comment_status":"closed","ping_status":"open","sticky":false,"template":"","format":"standard","meta":{"_acf_changed":false,"inline_featured_image":false,"footnotes":""},"categories":[6],"tags":[2324,462,2389],"autor-wsj":[],"coauthors":[101325],"class_list":["post-474874","post","type-post","status-publish","format-standard","has-post-thumbnail","hentry","category-negocios","tag-fusoes-e-aquisicoes","tag-industria","tag-riqueza"],"acf":[],"amp_enabled":true,"_links":{"self":[{"href":"https:\/\/investnews.com.br\/inv-api\/wp\/v2\/posts\/474874","targetHints":{"allow":["GET"]}}],"collection":[{"href":"https:\/\/investnews.com.br\/inv-api\/wp\/v2\/posts"}],"about":[{"href":"https:\/\/investnews.com.br\/inv-api\/wp\/v2\/types\/post"}],"author":[{"embeddable":true,"href":"https:\/\/investnews.com.br\/inv-api\/wp\/v2\/users\/76"}],"replies":[{"embeddable":true,"href":"https:\/\/investnews.com.br\/inv-api\/wp\/v2\/comments?post=474874"}],"version-history":[{"count":5,"href":"https:\/\/investnews.com.br\/inv-api\/wp\/v2\/posts\/474874\/revisions"}],"predecessor-version":[{"id":474937,"href":"https:\/\/investnews.com.br\/inv-api\/wp\/v2\/posts\/474874\/revisions\/474937"}],"wp:featuredmedia":[{"embeddable":true,"href":"https:\/\/investnews.com.br\/inv-api\/wp\/v2\/media\/474877"}],"wp:attachment":[{"href":"https:\/\/investnews.com.br\/inv-api\/wp\/v2\/media?parent=474874"}],"wp:term":[{"taxonomy":"category","embeddable":true,"href":"https:\/\/investnews.com.br\/inv-api\/wp\/v2\/categories?post=474874"},{"taxonomy":"post_tag","embeddable":true,"href":"https:\/\/investnews.com.br\/inv-api\/wp\/v2\/tags?post=474874"},{"taxonomy":"autor-wsj","embeddable":true,"href":"https:\/\/investnews.com.br\/inv-api\/wp\/v2\/autor-wsj?post=474874"},{"taxonomy":"author","embeddable":true,"href":"https:\/\/investnews.com.br\/inv-api\/wp\/v2\/coauthors?post=474874"}],"curies":[{"name":"wp","href":"https:\/\/api.w.org\/{rel}","templated":true}]}}