{"id":477238,"date":"2023-05-10T11:11:59","date_gmt":"2023-05-10T14:11:59","guid":{"rendered":"https:\/\/investnews.com.br\/?p=477238"},"modified":"2023-09-11T17:00:34","modified_gmt":"2023-09-11T20:00:34","slug":"verde-zera-posicao-em-dolar-contra-o-real-entenda-motivos","status":"publish","type":"post","link":"https:\/\/investnews.com.br\/financas\/verde-zera-posicao-em-dolar-contra-o-real-entenda-motivos\/","title":{"rendered":"Verde zera posi\u00e7\u00e3o em d\u00f3lar contra o real; entenda motivos"},"content":{"rendered":"\n<p>O <a href=\"https:\/\/investnews.com.br\/guias\/fundo-verde-entenda\/\">fundo Verde<\/a>, gerido por <a href=\"https:\/\/investnews.com.br\/perfis\/luis-stuhlberger\/\" data-type=\"URL\" data-id=\"https:\/\/investnews.com.br\/perfis\/luis-stuhlberger\/\">Lu\u00eds Stuhlberger<\/a>, zerou suas posi\u00e7\u00f5es compradas em <strong>d\u00f3lar contra o real<\/strong>, justificando sinais positivos do Brasil em rela\u00e7\u00e3o \u00e0s <strong>receitas fiscais<\/strong> e com o Congresso se coloca como contraponto importante em algumas decis\u00f5es do governo.<\/p>\n\n\n\n<p>A gestora Verde Asset apontou em carta aos cotistas enviada na ter\u00e7a-feira (9) que o governo est\u00e1 obtendo substantiva vit\u00f3ria no Superior Tribunal de Justi\u00e7a (STJ) na quest\u00e3o dos benef\u00edcios do Imposto sobre Circula\u00e7\u00e3o de Mercadorias e Servi\u00e7os (<a href=\"https:\/\/investnews.com.br\/guias\/o-que-e-icms\/\">ICMS<\/a>) na base dos impostos federais, o que, segundo a Verde, parece aumentar a probabilidade de que as metas fiscais de 2023 e 2024 sejam cumpridas.<\/p>\n\n\n\n<figure class=\"wp-block-image size-full\"><img loading=\"lazy\" decoding=\"async\" width=\"2048\" height=\"1353\" src=\"https:\/\/media.investnews.com.br\/uploads\/2022\/03\/2022-03-15T170512Z_1_LYNXNPEI2E121_RTROPTP_4_ECONOMIA-BRASIL-BCOCENTRAL.jpg\" alt=\"5 fatos para hoje: novo ciclo de resgate de dinheiro esquecido; Ucr\u00e2nia e Moscou\" class=\"wp-image-312774\" srcset=\"https:\/\/media.investnews.com.br\/uploads\/2022\/03\/2022-03-15T170512Z_1_LYNXNPEI2E121_RTROPTP_4_ECONOMIA-BRASIL-BCOCENTRAL.jpg 2048w, https:\/\/media.investnews.com.br\/uploads\/2022\/03\/2022-03-15T170512Z_1_LYNXNPEI2E121_RTROPTP_4_ECONOMIA-BRASIL-BCOCENTRAL-300x198.jpg 300w, https:\/\/media.investnews.com.br\/uploads\/2022\/03\/2022-03-15T170512Z_1_LYNXNPEI2E121_RTROPTP_4_ECONOMIA-BRASIL-BCOCENTRAL-1024x677.jpg 1024w, https:\/\/media.investnews.com.br\/uploads\/2022\/03\/2022-03-15T170512Z_1_LYNXNPEI2E121_RTROPTP_4_ECONOMIA-BRASIL-BCOCENTRAL-768x507.jpg 768w, https:\/\/media.investnews.com.br\/uploads\/2022\/03\/2022-03-15T170512Z_1_LYNXNPEI2E121_RTROPTP_4_ECONOMIA-BRASIL-BCOCENTRAL-1536x1015.jpg 1536w, https:\/\/media.investnews.com.br\/uploads\/2022\/03\/2022-03-15T170512Z_1_LYNXNPEI2E121_RTROPTP_4_ECONOMIA-BRASIL-BCOCENTRAL-1256x830.jpg 1256w, https:\/\/media.investnews.com.br\/uploads\/2022\/03\/2022-03-15T170512Z_1_LYNXNPEI2E121_RTROPTP_4_ECONOMIA-BRASIL-BCOCENTRAL-172x114.jpg 172w, https:\/\/media.investnews.com.br\/uploads\/2022\/03\/2022-03-15T170512Z_1_LYNXNPEI2E121_RTROPTP_4_ECONOMIA-BRASIL-BCOCENTRAL-191x125.jpg 191w, https:\/\/media.investnews.com.br\/uploads\/2022\/03\/2022-03-15T170512Z_1_LYNXNPEI2E121_RTROPTP_4_ECONOMIA-BRASIL-BCOCENTRAL-150x99.jpg 150w\" sizes=\"auto, (max-width: 2048px) 100vw, 2048px\" \/><figcaption class=\"wp-element-caption\">C\u00e9dulas de 50 reais e de 10, 20 e 50 d\u00f3lares\n10\/09\/2015 REUTERS\/Ricardo Moraes<\/figcaption><\/figure>\n\n\n\n<p>Al\u00e9m disso, a Verde tamb\u00e9m destacou decis\u00f5es do governo, como no caso do saneamento e no <a href=\"https:\/\/investnews.com.br\/economia\/haddad-anuncia-novo-arcabouco-fiscal\/\"><strong>arcabou\u00e7o fiscal<\/strong><\/a>, onde os sinais apontam para melhoras no projeto, segundo a gestora. <\/p>\n\n\n\n<blockquote class=\"wp-block-quote is-layout-flow wp-block-quote-is-layout-flow\">\n<p>\u201cEmbora o pr\u00eamio de risco nos mercados tenha se mantido est\u00e1vel em grande medida em abril, vemos estes fatores com vi\u00e9s positivo, e, por isso, sa\u00edmos de posi\u00e7\u00f5es compradas em d\u00f3lar contra o real\u201d.<\/p>\n<cite>Verde asset.<\/cite><\/blockquote>\n\n\n\n<p><\/p>\n\n\n\n<h2 class=\"wp-block-heading\">Desempenho do fundo<\/h2>\n\n\n\n<p>No m\u00eas passado, o <a href=\"https:\/\/investnews.com.br\/guias\/fundo-verde-entenda\/\">fundo Verde<\/a> registrou perdas de -0,03% contra o ganho de 0,92% do <a href=\"https:\/\/investnews.com.br\/guias\/o-que-e-cdi\/\">CDI<\/a>. Considerando o acumulado de 2023, o fundo teve valoriza\u00e7\u00e3o de 2,32% ante 4,20%, respectivamente.<\/p>\n\n\n\n<p>O fundo registrou em abril ganhos nas posi\u00e7\u00f5es de <a href=\"https:\/\/investnews.com.br\/guias\/commodities-o-que-sao\/\">commodities<\/a>, ouro e petr\u00f3leo, na posi\u00e7\u00e3o de juros longos europeus e no livro de bolsa global. <\/p>\n\n\n\n<p>J\u00e1 as perdas vieram das posi\u00e7\u00f5es de <strong>infla\u00e7\u00e3o<\/strong>, tanto no Brasil quanto nos Estados Unidos, no d\u00f3lar e em menor medida na carteira de <strong>a\u00e7\u00f5es brasileiras<\/strong>.<\/p>\n\n\n\n<h2 class=\"wp-block-heading\">Pontos de aten\u00e7\u00e3o<\/h2>\n\n\n\n<p>De acordo com a gestora, quest\u00f5es envolvendo o <strong><a href=\"https:\/\/investnews.com.br\/economia\/crise-bancaria-nos-eua-favorece-consolidacao-de-grandes-bancos-do-pais\/\">sistema banc\u00e1rio americano<\/a><\/strong> continuaram tendo influ\u00eancia sobre os pre\u00e7os. <\/p>\n\n\n\n<p>\u201cOs mercados de juros precificam um impacto relevante de aperto de cr\u00e9dito \u2013 provocado pelas quest\u00f5es estruturais dos bancos \u2013 na economia americana, e, portanto, na pol\u00edtica monet\u00e1ria conduzida pelo Federal Reserve, o banco central dos EUA\u201d, cita a carta.<\/p>\n\n\n\n<p>Entre algumas d\u00favidas, a Verde destaca:<\/p>\n\n\n\n<ul class=\"wp-block-list\">\n<li>Se os impactos ser\u00e3o fortes o suficiente a ponto de levar a economia para uma recess\u00e3o;<\/li>\n\n\n\n<li>Qu\u00e3o r\u00e1pido o Fed vai mudar de postura na dire\u00e7\u00e3o de cortes profundos da taxa de juros.<\/li>\n<\/ul>\n\n\n\n<p> \u201cContinuamos vendo assimetrias na infla\u00e7\u00e3o, no sentido de ser mais resiliente que o precificado pelos mercados, e acreditamos que a precifica\u00e7\u00e3o da volatilidade das curvas americanas est\u00e1 exagerada, e a\u00ed que as principais apostas macro globais do fundo se concentram hoje\u201d, diz a Verde.<\/p>\n\n\n\n<h2 class=\"wp-block-heading\">Outras exposi\u00e7\u00f5es do fundo<\/h2>\n\n\n\n<p>A Verde informou ainda que o fundo reduziu marginalmente a exposi\u00e7\u00e3o na bolsa de valores brasileira e voltou a comprar bolsas globais, mantendo a exposi\u00e7\u00e3o em ouro e retomando uma pequena aloca\u00e7\u00e3o em petr\u00f3leo. <\/p>\n\n\n\n<p>\u201cA posi\u00e7\u00e3o comprada em infla\u00e7\u00e3o impl\u00edcita no Brasil foi mantida, e continuamos tomados em juros na parte curta da curva e comprados em infla\u00e7\u00e3o nos EUA\u201d, cita o documento. <\/p>\n\n\n\n<p>A gestora destacou ainda que as posi\u00e7\u00f5es em cr\u00e9dito&nbsp;high yield&nbsp;global foram marginalmente reduzidas e as de cr\u00e9dito local foram mantidas.<\/p>\n","protected":false},"excerpt":{"rendered":"<p>Gestora destacou sinais positivos do Brasil em rela\u00e7\u00e3o \u00e0s receitas fiscais e posi\u00e7\u00e3o de contraponto do Congresso  em decis\u00f5es do governo.<\/p>\n","protected":false},"author":36,"featured_media":312774,"comment_status":"closed","ping_status":"open","sticky":false,"template":"","format":"standard","meta":{"_acf_changed":false,"inline_featured_image":false,"footnotes":""},"categories":[4],"tags":[26,30,52],"autor-wsj":[],"coauthors":[2269],"class_list":["post-477238","post","type-post","status-publish","format-standard","has-post-thumbnail","hentry","category-financas","tag-dolar","tag-fundos-de-investimento","tag-inflacao"],"acf":[],"amp_enabled":true,"_links":{"self":[{"href":"https:\/\/investnews.com.br\/inv-api\/wp\/v2\/posts\/477238","targetHints":{"allow":["GET"]}}],"collection":[{"href":"https:\/\/investnews.com.br\/inv-api\/wp\/v2\/posts"}],"about":[{"href":"https:\/\/investnews.com.br\/inv-api\/wp\/v2\/types\/post"}],"author":[{"embeddable":true,"href":"https:\/\/investnews.com.br\/inv-api\/wp\/v2\/users\/36"}],"replies":[{"embeddable":true,"href":"https:\/\/investnews.com.br\/inv-api\/wp\/v2\/comments?post=477238"}],"version-history":[{"count":120,"href":"https:\/\/investnews.com.br\/inv-api\/wp\/v2\/posts\/477238\/revisions"}],"predecessor-version":[{"id":525409,"href":"https:\/\/investnews.com.br\/inv-api\/wp\/v2\/posts\/477238\/revisions\/525409"}],"wp:featuredmedia":[{"embeddable":true,"href":"https:\/\/investnews.com.br\/inv-api\/wp\/v2\/media\/312774"}],"wp:attachment":[{"href":"https:\/\/investnews.com.br\/inv-api\/wp\/v2\/media?parent=477238"}],"wp:term":[{"taxonomy":"category","embeddable":true,"href":"https:\/\/investnews.com.br\/inv-api\/wp\/v2\/categories?post=477238"},{"taxonomy":"post_tag","embeddable":true,"href":"https:\/\/investnews.com.br\/inv-api\/wp\/v2\/tags?post=477238"},{"taxonomy":"autor-wsj","embeddable":true,"href":"https:\/\/investnews.com.br\/inv-api\/wp\/v2\/autor-wsj?post=477238"},{"taxonomy":"author","embeddable":true,"href":"https:\/\/investnews.com.br\/inv-api\/wp\/v2\/coauthors?post=477238"}],"curies":[{"name":"wp","href":"https:\/\/api.w.org\/{rel}","templated":true}]}}