{"id":478407,"date":"2023-05-12T08:31:03","date_gmt":"2023-05-12T11:31:03","guid":{"rendered":"https:\/\/investnews.com.br\/?p=478407"},"modified":"2023-05-12T18:21:36","modified_gmt":"2023-05-12T21:21:36","slug":"light-entra-com-pedido-de-recuperacao-judicial-com-dividas-de-r-11-bilhoes","status":"publish","type":"post","link":"https:\/\/investnews.com.br\/negocios\/light-entra-com-pedido-de-recuperacao-judicial-com-dividas-de-r-11-bilhoes\/","title":{"rendered":"A\u00e7\u00e3o da Light chega a cair quase 20% ap\u00f3s pedido de recupera\u00e7\u00e3o judicial"},"content":{"rendered":"\n<p>A a\u00e7\u00e3o <strong>Light<\/strong> (<a href=\"https:\/\/investnews.com.br\/cotacao\/ligt3-light\/\">LIGT3<\/a>) fechou em forte queda nesta sexta-feira (12), depois que a empresa informou que entrou com <a href=\"https:\/\/investnews.com.br\/guias\/recuperacao-judicial\/\">pedido de recupera\u00e7\u00e3o judicial<\/a> na 3\u00aa Vara Empresarial do Estado do Rio de Janeiro, citando d\u00edvidas de cerca de R$ 11 bilh\u00f5es. Ap\u00f3s chegarem a despencar 19,13% na m\u00ednima do dia, os papeis encerraram o preg\u00e3o cotados a R$ 3,85 &#8211; queda de 17,2%.<\/p>\n\n\n\n<p>Em fato relevante, a companhia el\u00e9trica afirmou que os desafios de sua situa\u00e7\u00e3o econ\u00f4mico-financeira se agravaram apesar de seus esfor\u00e7os recentes para equacion\u00e1-la.<\/p>\n\n\n\n<p>Isso demandou a &#8220;tomada urgente&#8221; de outras medidas, disse a Light, para preservar &#8220;manuten\u00e7\u00e3o dos servi\u00e7os prestados no \u00e2mbito das concess\u00f5es de titularidade do Grupo Light, continuidade no estrito cumprimento das obriga\u00e7\u00f5es intrasetoriais, preserva\u00e7\u00e3o de valor e a promo\u00e7\u00e3o de sua fun\u00e7\u00e3o social&#8221;.<\/p>\n\n\n\n<p>O pedido \u00e0 Justi\u00e7a do RJ ocorre apesar da exist\u00eancia de lei que veda \u00e0s concession\u00e1rias de servi\u00e7os p\u00fablicos de energia el\u00e9trica de recorrer aos regimes de recupera\u00e7\u00e3o judicial ou extrajudicial.<\/p>\n\n\n\n<h2 class=\"wp-block-heading\">B3 retira a\u00e7\u00f5es da Light dos seus \u00edndices<\/h2>\n\n\n\n<p>Por conta do pedido de RJ, a B3 vai retirar as a\u00e7\u00f5es da Light dos \u00edndices&nbsp;<strong>IBRA, IEEX, IGTC, IGCX, IGNM, ISEE, ITAG, SMLL e UTIL&nbsp;<\/strong>ao pre\u00e7o de fechamento ap\u00f3s encerramento do preg\u00e3o de segunda-feira (15).<\/p>\n\n\n\n<h2 class=\"wp-block-heading\">Empresa em crise<\/h2>\n\n\n\n<p>Ao final de 2022, a d\u00edvida l\u00edquida consolidada da&nbsp;Light&nbsp;era de R$ 9 bilh\u00f5es, sendo que mais de R$ 3 bilh\u00f5es tem vencimento previsto para 2023 e 2024. Entre os motivos para a piora recente de sua situa\u00e7\u00e3o financeira, a el\u00e9trica citou o \u201cagravamento do not\u00f3rio e peculiar contexto de&nbsp;<strong>seguran\u00e7a p\u00fablica do Estado do<\/strong>&nbsp;<strong>Rio de Janeiro<\/strong>\u201d, situa\u00e7\u00e3o que a impede de atuar em alguns locais de sua \u00e1rea de concess\u00e3o, levando a perdas de receita com furtos de energia, por exemplo.<\/p>\n\n\n\n<figure class=\"wp-block-image\"><img loading=\"lazy\" decoding=\"async\" width=\"1024\" height=\"682\" src=\"https:\/\/media.investnews.com.br\/uploads\/2023\/04\/shanty-town-4808090_1280-1024x682.jpg\" alt=\"Vista do Rio de Janeiro (Foto:  henriqueesteves1 \/ Pixabay)\" class=\"wp-image-470918\" srcset=\"https:\/\/media.investnews.com.br\/uploads\/2023\/04\/shanty-town-4808090_1280-1024x682.jpg 1024w, https:\/\/media.investnews.com.br\/uploads\/2023\/04\/shanty-town-4808090_1280-300x200.jpg 300w, https:\/\/media.investnews.com.br\/uploads\/2023\/04\/shanty-town-4808090_1280-768x512.jpg 768w, https:\/\/media.investnews.com.br\/uploads\/2023\/04\/shanty-town-4808090_1280-1256x837.jpg 1256w, https:\/\/media.investnews.com.br\/uploads\/2023\/04\/shanty-town-4808090_1280-172x115.jpg 172w, https:\/\/media.investnews.com.br\/uploads\/2023\/04\/shanty-town-4808090_1280-150x100.jpg 150w, https:\/\/media.investnews.com.br\/uploads\/2023\/04\/shanty-town-4808090_1280.jpg 1280w\" sizes=\"auto, (max-width: 1024px) 100vw, 1024px\" \/><figcaption class=\"wp-element-caption\">Vista do Rio de Janeiro (Foto: henriqueesteves1 \/ Pixabay)<\/figcaption><\/figure>\n\n\n\n<p>A Light encerrou&nbsp;<strong>2022<\/strong>&nbsp;com um&nbsp;<strong>preju\u00edzo de R$ 5,6 bilh\u00f5es<\/strong>, devido a efeitos n\u00e3o recorrentes contabilizados no \u00faltimo trimestre do ano passado, que impactaram de forma negativa o resultado. De acordo com a TC\/Economatica, foi o pior resultado de todas as companhias listadas na bolsa de valores brasileira no per\u00edodo. Em 2021, a distribuidora havia registrado lucro de R$ 398 milh\u00f5es.<\/p>\n\n\n\n<p>Em meio a este cen\u00e1rio, a 3\u00aa Vara Empresarial do Rio de Janeiro concedeu no dia 12 de abril&nbsp;<a href=\"https:\/\/investnews.com.br\/negocios\/light-pede-a-justica-suspensao-de-pagamentos\/\">medida cautelar pedida pela&nbsp;Light<\/a>, que permite a suspens\u00e3o tempor\u00e1ria de cerca de R$ 11,1 bilh\u00f5es em obriga\u00e7\u00f5es financeiras da companhia de energia. Segundo a Light, a liminar \u00e9 v\u00e1lida por 30 dias, prorrog\u00e1veis por igual per\u00edodo.<\/p>\n\n\n\n<p>No entanto, mesmo antes da medida, a empresa vem enfrentando uma s\u00e9rie de desafios. Luis Novaes, analista da Terra Investimentos, pontua que, nos \u00faltimos 10 anos, a Light sofreu com:<\/p>\n\n\n\n<ul class=\"wp-block-list\">\n<li>Impacto negativo da crise h\u00eddrica de 2013 a 2016;<\/li>\n\n\n\n<li>Disputas com o governo do seu estado de atua\u00e7\u00e3o;<\/li>\n\n\n\n<li>Queda nos pre\u00e7os de energia em per\u00edodo recente;<\/li>\n\n\n\n<li>Deteriora\u00e7\u00e3o do poder financeiro da popula\u00e7\u00e3o.<\/li>\n<\/ul>\n\n\n\n<p>\u201cEsses fatores foram respons\u00e1veis pelo&nbsp;<strong>aumento significativo no endividamento<\/strong>&nbsp;e diminui\u00e7\u00e3o na gera\u00e7\u00e3o de caixa, o que resultou em uma capacidade cada vez menor de honrar seus compromissos e percep\u00e7\u00e3o maior de risco pelos credores\u201d, diz o analista.<\/p>\n\n\n\n<p>Luan Alves, analista-chefe da VG Research, acrescenta ainda que&nbsp;<strong>a Light tem um problema estrutural<\/strong>, pois atua em uma das \u00e1reas de concess\u00f5es mais complexas do pa\u00eds, com&nbsp;<strong>mais de 50% da energia fornecida hoje sendo furtada,&nbsp;<\/strong>e nem todo esse valor \u00e9 remunerado em sua tarifa. Assim, de acordo com ele, na pr\u00e1tica, parte dos furtos de energia s\u00e3o pagos pelo consumidor (via tarifa) e outra parte \u00e9 pago pela empresa (base de acionistas).&nbsp;<\/p>\n\n\n\n<p>Phil Soares, chefe de an\u00e1lise de a\u00e7\u00f5es da \u00d3rama Investimentos, afirma que n\u00e3o se trata de um problema atual da empresa, mas vem ficando mais grave ao longo dos anos, sendo necess\u00e1rio lidar do ponto de vista regulat\u00f3rio.<\/p>\n\n\n\n<p>\u201cO poder concedente tem que endere\u00e7ar de alguma forma, pois a inseguran\u00e7a p\u00fablica impossibilita a opera\u00e7\u00e3o de uma forma adequada na \u00e1rea de concess\u00e3o da Light. Isso torna a empresa diferente, conforme se tem um desempenho financeiro decepcionante. Precisa plugar o gap no fluxo de caixa com endividamento e, por isso, o endividamento dela cresceu\u201d, explica o chefe de an\u00e1lise da \u00d3rama.<\/p>\n\n\n\n<p>Nesse cen\u00e1rio, Novaes destaca que os problemas que a Light enfrentou nos \u00faltimos anos n\u00e3o foram vistos em outras empresas do setor. Assim, segundo o analista da Terra Investimentos, por mais que o cen\u00e1rio seja desafiador para as corpora\u00e7\u00f5es de modo geral, os efeitos foram significativamente menores as concorrentes.<\/p>\n\n\n\n<p><em>(* com informa\u00e7\u00f5es da Reuters)<\/em><\/p>\n","protected":false},"excerpt":{"rendered":"<p>Empresa citou d\u00edvidas de cerca de R$ 11 bilh\u00f5es.<\/p>\n","protected":false},"author":36,"featured_media":470918,"comment_status":"closed","ping_status":"open","sticky":false,"template":"","format":"standard","meta":{"_acf_changed":false,"inline_featured_image":false,"footnotes":""},"categories":[6],"tags":[101771,772],"autor-wsj":[],"coauthors":[2269],"class_list":["post-478407","post","type-post","status-publish","format-standard","has-post-thumbnail","hentry","category-negocios","tag-light","tag-recuperacao-judicial"],"acf":[],"amp_enabled":true,"_links":{"self":[{"href":"https:\/\/investnews.com.br\/inv-api\/wp\/v2\/posts\/478407","targetHints":{"allow":["GET"]}}],"collection":[{"href":"https:\/\/investnews.com.br\/inv-api\/wp\/v2\/posts"}],"about":[{"href":"https:\/\/investnews.com.br\/inv-api\/wp\/v2\/types\/post"}],"author":[{"embeddable":true,"href":"https:\/\/investnews.com.br\/inv-api\/wp\/v2\/users\/36"}],"replies":[{"embeddable":true,"href":"https:\/\/investnews.com.br\/inv-api\/wp\/v2\/comments?post=478407"}],"version-history":[{"count":18,"href":"https:\/\/investnews.com.br\/inv-api\/wp\/v2\/posts\/478407\/revisions"}],"predecessor-version":[{"id":479188,"href":"https:\/\/investnews.com.br\/inv-api\/wp\/v2\/posts\/478407\/revisions\/479188"}],"wp:featuredmedia":[{"embeddable":true,"href":"https:\/\/investnews.com.br\/inv-api\/wp\/v2\/media\/470918"}],"wp:attachment":[{"href":"https:\/\/investnews.com.br\/inv-api\/wp\/v2\/media?parent=478407"}],"wp:term":[{"taxonomy":"category","embeddable":true,"href":"https:\/\/investnews.com.br\/inv-api\/wp\/v2\/categories?post=478407"},{"taxonomy":"post_tag","embeddable":true,"href":"https:\/\/investnews.com.br\/inv-api\/wp\/v2\/tags?post=478407"},{"taxonomy":"autor-wsj","embeddable":true,"href":"https:\/\/investnews.com.br\/inv-api\/wp\/v2\/autor-wsj?post=478407"},{"taxonomy":"author","embeddable":true,"href":"https:\/\/investnews.com.br\/inv-api\/wp\/v2\/coauthors?post=478407"}],"curies":[{"name":"wp","href":"https:\/\/api.w.org\/{rel}","templated":true}]}}