{"id":479882,"date":"2023-05-15T16:06:15","date_gmt":"2023-05-15T19:06:15","guid":{"rendered":"https:\/\/investnews.com.br\/?p=479882"},"modified":"2025-08-08T16:39:49","modified_gmt":"2025-08-08T19:39:49","slug":"adriano-pires-diz-que-espera-que-nova-politica-de-precos-preserve-petrobras","status":"publish","type":"post","link":"https:\/\/investnews.com.br\/economia\/adriano-pires-diz-que-espera-que-nova-politica-de-precos-preserve-petrobras\/","title":{"rendered":"Adriano Pires diz que espera que nova pol\u00edtica de pre\u00e7os preserve Petrobras"},"content":{"rendered":"<p>O economista e especialista no setor de energia, Adriano Pires, disse na tarde desta segunda-feira (15), que espera que a nova pol\u00edtica de pre\u00e7os da <strong>Petrobras<\/strong>\u00a0(<a href=\"https:\/\/investnews.com.br\/cotacao\/petr3-petroleo-brasileiro-petrobras\/\">PETR3<\/a>;\u00a0<a href=\"https:\/\/investnews.com.br\/cotacao\/petr4-petroleo-brasileiro-petrobras\/\">PETR4<\/a>), que ser\u00e1 anunciada nesta semana, preserve a empresa.<\/p><p>&#8220;Espero que a pol\u00edtica nova de pre\u00e7os da Petrobras preserve a empresa, essa \u00e9 minha esperan\u00e7a, que aconte\u00e7a isso. O governo tamb\u00e9m est\u00e1 dando sorte porque o pre\u00e7o do petr\u00f3leo caiu muito. A Petrobras esse ano, de maneira correta, s\u00f3 reduziu o pre\u00e7o do g\u00e1s e da gasolina respeitando a paridade&#8221;, afirmou ele durante evento da Esfera Brasil, em S\u00e3o Paulo.<\/p><figure class=\"wp-block-image size-full\"><img loading=\"lazy\" decoding=\"async\" width=\"600\" height=\"400\" src=\"https:\/\/media.investnews.com.br\/uploads\/2022\/06\/adriano-pires-600x400-1.jpg\" alt=\"Diretor do Centro Brasileiro de Infraestrutura (CBIE), Adriano Pires, em foto de arquivo (Foto: Pedro Fran\u00e7a\/Ag\u00eancia Senado)\" class=\"wp-image-340947\" srcset=\"https:\/\/media.investnews.com.br\/uploads\/2022\/06\/adriano-pires-600x400-1.jpg 600w, https:\/\/media.investnews.com.br\/uploads\/2022\/06\/adriano-pires-600x400-1-300x200.jpg 300w, https:\/\/media.investnews.com.br\/uploads\/2022\/06\/adriano-pires-600x400-1-172x115.jpg 172w, https:\/\/media.investnews.com.br\/uploads\/2022\/06\/adriano-pires-600x400-1-150x100.jpg 150w\" sizes=\"auto, (max-width: 600px) 100vw, 600px\" \/><figcaption class=\"wp-element-caption\">Diretor do Centro Brasileiro de Infraestrutura (CBIE), Adriano Pires, em foto de arquivo (Foto: Pedro Fran\u00e7a\/Ag\u00eancia Senado)<\/figcaption><\/figure><p><a href=\"https:\/\/investnews.com.br\/negocios\/adriano-pires-desiste-de-assumir-presidencia-da-petrobras-confirma-governo\/\">Adriano Pires chegou a ser convidado para ser presidente da Petrobras<\/a>, durante o governo Jair Bolsonaro, mas declinou do convite para assumir o comando<strong> <\/strong>da estatal por \u201cmotivos pessoais\u201d. Ele disse ao governo, na ocasi\u00e3o, que n\u00e3o conseguiria conciliar seu trabalho como consultor com o de CEO da Petrobras.<\/p><p>O atual presidente da Petrobras, Jean Paul Prates, disse na semana passada que a <a href=\"https:\/\/investnews.com.br\/negocios\/petrobras-fara-anuncio-sobre-politica-de-preco-na-proxima-semana-diz-ceo\/\">estatal poder\u00e1 reajustar valores de alguns produtos<\/a>. Para precificar os seus combust\u00edveis, o executivo reiterou que a\u00a0Petrobras\u00a0continuar\u00e1 a seguir refer\u00eancias de pre\u00e7os internacionais e a levar em considera\u00e7\u00e3o a competitividade interna em cada mercado que a empresa participa. <\/p><figure class=\"wp-block-image size-full\"><img loading=\"lazy\" decoding=\"async\" width=\"2048\" height=\"1485\" src=\"https:\/\/media.investnews.com.br\/uploads\/2022\/06\/2022-06-22T113053Z_1_LYNXMPEI5L0I3_RTROPTP_4_BRAZIL-PETROBRAS.jpg\" alt=\"petrobras\" class=\"wp-image-338339\" srcset=\"https:\/\/media.investnews.com.br\/uploads\/2022\/06\/2022-06-22T113053Z_1_LYNXMPEI5L0I3_RTROPTP_4_BRAZIL-PETROBRAS.jpg 2048w, https:\/\/media.investnews.com.br\/uploads\/2022\/06\/2022-06-22T113053Z_1_LYNXMPEI5L0I3_RTROPTP_4_BRAZIL-PETROBRAS-300x218.jpg 300w, https:\/\/media.investnews.com.br\/uploads\/2022\/06\/2022-06-22T113053Z_1_LYNXMPEI5L0I3_RTROPTP_4_BRAZIL-PETROBRAS-1024x743.jpg 1024w, https:\/\/media.investnews.com.br\/uploads\/2022\/06\/2022-06-22T113053Z_1_LYNXMPEI5L0I3_RTROPTP_4_BRAZIL-PETROBRAS-768x557.jpg 768w, https:\/\/media.investnews.com.br\/uploads\/2022\/06\/2022-06-22T113053Z_1_LYNXMPEI5L0I3_RTROPTP_4_BRAZIL-PETROBRAS-1536x1114.jpg 1536w, https:\/\/media.investnews.com.br\/uploads\/2022\/06\/2022-06-22T113053Z_1_LYNXMPEI5L0I3_RTROPTP_4_BRAZIL-PETROBRAS-1256x911.jpg 1256w, https:\/\/media.investnews.com.br\/uploads\/2022\/06\/2022-06-22T113053Z_1_LYNXMPEI5L0I3_RTROPTP_4_BRAZIL-PETROBRAS-172x125.jpg 172w, https:\/\/media.investnews.com.br\/uploads\/2022\/06\/2022-06-22T113053Z_1_LYNXMPEI5L0I3_RTROPTP_4_BRAZIL-PETROBRAS-150x109.jpg 150w\" sizes=\"auto, (max-width: 2048px) 100vw, 2048px\" \/><figcaption class=\"wp-element-caption\">A logomarca da estatal Petrobras \u00e9 vista em um tanque da Refinaria Alberto Pasqualini, em Canoas, Rio Grande do Sul\n07\/12\/2021\nREUTERS\/Diego Vara<\/figcaption><\/figure><p>Nesta tarde, Pires disse que para ele ainda n\u00e3o est\u00e1 claro como deve ser essa nova pol\u00edtica e que o governo ainda deve estar estudando o assunto. No entanto, ele afirmou que fica preocupado com as altera\u00e7\u00f5es.<\/p><blockquote class=\"wp-block-quote is-layout-flow wp-block-quote-is-layout-flow\">\n<p>\u201cEu fico preocupado um pouquinho, porque me parece que a f\u00f3rmula da paridade da importa\u00e7\u00e3o n\u00e3o deveria ser abandonada porque existe em qualquer lugar do mundo. Eu tamb\u00e9m acho leg\u00edtimo o governo se preocupar em passar a <a href=\"https:\/\/investnews.com.br\/guias\/volatilidade-o-que-e\/\">volatilidade<\/a> de pre\u00e7os para o consumidor em fun\u00e7\u00e3o de uma guerra da Ucr\u00e2nia, com uma rapidez muito grande. Mas a\u00ed eu acho que \u00e9 quest\u00e3o de pol\u00edtica p\u00fablica, \u00e9 pol\u00edtica da Petrobras.&#8221;<\/p>\n<\/blockquote><p>Durante a palestra sobre infraestrutura e energia, Pires foi aplaudido por empres\u00e1rios ao afirmar que a Petrobras n\u00e3o deve fazer pol\u00edtica social, porque \u00e9 uma empresa com acionistas e quem deve fazer pol\u00edtica social \u00e9 o governo federal. <\/p><figure class=\"wp-block-image size-full is-resized\"><img loading=\"lazy\" decoding=\"async\" src=\"https:\/\/media.investnews.com.br\/uploads\/2021\/06\/2021-06-21T234136Z_1_LYNXNPEH5K1CH_RTROPTP_4_ELETROBRAS-DIVESTITURE-scaled.jpg\" alt=\"Silhueta de torre de transmiss\u00e3o el\u00e9trica no p\u00f4r do sol, com c\u00e9u em gradiente de azul para laranja.\" class=\"wp-image-255088\" width=\"1455\" height=\"970\" srcset=\"https:\/\/media.investnews.com.br\/uploads\/2021\/06\/2021-06-21T234136Z_1_LYNXNPEH5K1CH_RTROPTP_4_ELETROBRAS-DIVESTITURE-scaled.jpg 2048w, https:\/\/media.investnews.com.br\/uploads\/2021\/06\/2021-06-21T234136Z_1_LYNXNPEH5K1CH_RTROPTP_4_ELETROBRAS-DIVESTITURE-scaled-300x200.jpg 300w, https:\/\/media.investnews.com.br\/uploads\/2021\/06\/2021-06-21T234136Z_1_LYNXNPEH5K1CH_RTROPTP_4_ELETROBRAS-DIVESTITURE-scaled-1024x683.jpg 1024w, https:\/\/media.investnews.com.br\/uploads\/2021\/06\/2021-06-21T234136Z_1_LYNXNPEH5K1CH_RTROPTP_4_ELETROBRAS-DIVESTITURE-scaled-768x512.jpg 768w, https:\/\/media.investnews.com.br\/uploads\/2021\/06\/2021-06-21T234136Z_1_LYNXNPEH5K1CH_RTROPTP_4_ELETROBRAS-DIVESTITURE-scaled-1536x1025.jpg 1536w, https:\/\/media.investnews.com.br\/uploads\/2021\/06\/2021-06-21T234136Z_1_LYNXNPEH5K1CH_RTROPTP_4_ELETROBRAS-DIVESTITURE-scaled-1256x838.jpg 1256w, https:\/\/media.investnews.com.br\/uploads\/2021\/06\/2021-06-21T234136Z_1_LYNXNPEH5K1CH_RTROPTP_4_ELETROBRAS-DIVESTITURE-scaled-172x115.jpg 172w, https:\/\/media.investnews.com.br\/uploads\/2021\/06\/2021-06-21T234136Z_1_LYNXNPEH5K1CH_RTROPTP_4_ELETROBRAS-DIVESTITURE-scaled-150x100.jpg 150w\" sizes=\"auto, (max-width: 1455px) 100vw, 1455px\" \/><figcaption class=\"wp-element-caption\">Linhas de transmiss\u00e3o de energia em Bras\u00edlia (DF) \n29\/08\/2018\nREUTERS\/Ueslei Marcelino<\/figcaption><\/figure><h2 class=\"wp-block-heading\">Eletrobras<\/h2><p>O ministro de Minas e Energia, Alexandre Silveira, disse que o governo federal entrou, por meio da Advocacia-Geral da Uni\u00e3o (AGU), com uma a\u00e7\u00e3o no Supremo Tribunal Federal (STF), para questionar os direitos pol\u00edticos e ampliar a participa\u00e7\u00e3o no conselho da Eletrobras (<a href=\"https:\/\/investnews.com.br\/cotacao\/elet3-centrais-elet-bras-eletrobras\/\">ELET3<\/a>). Silveira ressaltou que em um primeiro momento n\u00e3o se prev\u00ea reestatiza\u00e7\u00e3o da companhia.<\/p><p>Questionado como o mercado avalia o ajuizamento da a\u00e7\u00e3o, Adriano Pires disse que a a\u00e7\u00e3o foi vista de forma negativa pelos investidores.<\/p><blockquote class=\"wp-block-quote is-layout-flow wp-block-quote-is-layout-flow\">\n<p>\u201cO mercado enxerga de outra maneira, enxerga que vc teve um processo de privatiza\u00e7\u00e3o da Eletrobras que passou na C\u00e2mara, no Congresso, no TCU. O mercado enxerga que est\u00e1 tendo uma situa\u00e7\u00e3o muito ruim, pois voc\u00ea acaba assustando o investidor logo no in\u00edcio de governo contestando o processo de privatiza\u00e7\u00e3o da Eletrobras.\u201d<\/p>\n<cite>adriano pires<\/cite><\/blockquote><p><\/p><p>O economista disse que o governo n\u00e3o foi feliz na sua decis\u00e3o e que est\u00e1 &#8220;incomodando sim&#8221; o mercado.<\/p><p>&#8220;Durante toda sua campanha, Lula foi contra seu processo de privatiza\u00e7\u00e3o. Eu acho que ele [Lula] foi eleito democraticamente e tem todo direito de colocar suas ideias em pr\u00e1tica. O problema todo \u00e9 voc\u00ea olhar para tr\u00e1s e contestar o que foi feito no Congresso Nacional&#8221;, disse Pires. <\/p><p>O presidente Luiz In\u00e1cio Lula da Silva voltou a criticar a privatiza\u00e7\u00e3o da\u00a0Eletrobras e disse que, o que aconteceu, foi uma \u201cbandidagem que deve ser (considerada) um crime de lesa-p\u00e1tria\u201d. De acordo com Lula, ele trabalhar\u00e1 para provar a corrup\u00e7\u00e3o no pa\u00eds. <\/p><p>Ele contou que o governo entrou, por meio da Advocacia-Geral da Uni\u00e3o (AGU), com uma a\u00e7\u00e3o no Supremo Tribunal Federal (STF) para ampliar seu poder na empresa, por orienta\u00e7\u00e3o do ministro da Casa Civil, Rui Costa. \u201cEstamos brigando para que o governo brasileiro tenha no conselho (da Eletrobras) representa\u00e7\u00e3o dos 43% (das a\u00e7\u00f5es).\u201d<\/p>\n","protected":false},"excerpt":{"rendered":"<p>Estatal vai anunciar mudan\u00e7a na pol\u00edcia de pre\u00e7os nesta semana. Pires diz estar preocupado com altera\u00e7\u00f5es.<\/p>\n","protected":false},"author":73,"featured_media":340947,"comment_status":"closed","ping_status":"open","sticky":false,"template":"","format":"standard","meta":{"_acf_changed":false,"inline_featured_image":false,"footnotes":""},"categories":[5],"tags":[21],"autor-wsj":[],"coauthors":[101284],"class_list":["post-479882","post","type-post","status-publish","format-standard","has-post-thumbnail","hentry","category-economia","tag-petrobras"],"acf":[],"amp_enabled":true,"_links":{"self":[{"href":"https:\/\/investnews.com.br\/inv-api\/wp\/v2\/posts\/479882","targetHints":{"allow":["GET"]}}],"collection":[{"href":"https:\/\/investnews.com.br\/inv-api\/wp\/v2\/posts"}],"about":[{"href":"https:\/\/investnews.com.br\/inv-api\/wp\/v2\/types\/post"}],"author":[{"embeddable":true,"href":"https:\/\/investnews.com.br\/inv-api\/wp\/v2\/users\/73"}],"replies":[{"embeddable":true,"href":"https:\/\/investnews.com.br\/inv-api\/wp\/v2\/comments?post=479882"}],"version-history":[{"count":34,"href":"https:\/\/investnews.com.br\/inv-api\/wp\/v2\/posts\/479882\/revisions"}],"predecessor-version":[{"id":704427,"href":"https:\/\/investnews.com.br\/inv-api\/wp\/v2\/posts\/479882\/revisions\/704427"}],"wp:featuredmedia":[{"embeddable":true,"href":"https:\/\/investnews.com.br\/inv-api\/wp\/v2\/media\/340947"}],"wp:attachment":[{"href":"https:\/\/investnews.com.br\/inv-api\/wp\/v2\/media?parent=479882"}],"wp:term":[{"taxonomy":"category","embeddable":true,"href":"https:\/\/investnews.com.br\/inv-api\/wp\/v2\/categories?post=479882"},{"taxonomy":"post_tag","embeddable":true,"href":"https:\/\/investnews.com.br\/inv-api\/wp\/v2\/tags?post=479882"},{"taxonomy":"autor-wsj","embeddable":true,"href":"https:\/\/investnews.com.br\/inv-api\/wp\/v2\/autor-wsj?post=479882"},{"taxonomy":"author","embeddable":true,"href":"https:\/\/investnews.com.br\/inv-api\/wp\/v2\/coauthors?post=479882"}],"curies":[{"name":"wp","href":"https:\/\/api.w.org\/{rel}","templated":true}]}}