{"id":482117,"date":"2023-05-19T17:18:27","date_gmt":"2023-05-19T20:18:27","guid":{"rendered":"https:\/\/investnews.com.br\/?p=482117"},"modified":"2025-08-08T16:39:14","modified_gmt":"2025-08-08T19:39:14","slug":"ainda-nao-estamos-a-salvo-diz-lagarde-sobre-inflacao","status":"publish","type":"post","link":"https:\/\/investnews.com.br\/economia\/ainda-nao-estamos-a-salvo-diz-lagarde-sobre-inflacao\/","title":{"rendered":"&#8216;Ainda n\u00e3o estamos a salvo&#8217;, diz Lagarde sobre infla\u00e7\u00e3o"},"content":{"rendered":"<p>A presidente do Banco Central Europeu (BCE), <a href=\"https:\/\/investnews.com.br\/perfis\/christine-lagarde\/\" data-type=\"URL\" data-id=\"https:\/\/investnews.com.br\/perfis\/christine-lagarde\/\">Christine Lagarde<\/a>, disse nesta sexta-feira (19) que, apesar dos apertos monet\u00e1rios (alta de juros) ao redor do mundo para conter a infla\u00e7\u00e3o, &#8220;ainda n\u00e3o estamos a salvo&#8221;.<\/p><p>A declara\u00e7\u00e3o foi feita por meio de um v\u00eddeo gravado para o &#8220;Semin\u00e1rio de alto n\u00edvel sobre bancos centrais: desafios passados e presentes&#8221;, na sess\u00e3o &#8220;Desafios p\u00f3s-pandemia: infla\u00e7\u00e3o alta, endividamento elevado e estabilidade financeira&#8221;, evento realizado pelo Banco Central (BC) no Brasil.<\/p><p>A presidente do BCE focou o seu discurso em passar uma mensagem sobre como os \u00f3rg\u00e3os reguladores das pol\u00edticas monet\u00e1rias devem abordar o relacionamento entre a estabilidade de pre\u00e7o e a financeira.<\/p><p>Para ela, \u00e9 preciso, primeiro, conter a infla\u00e7\u00e3o e, depois, avaliar as medidas necess\u00e1rias para promover a estabilidade financeira. &#8220;N\u00e3o podemos trocar a estabilidade de pre\u00e7o pela estabilidade financeira&#8221;, disse. Lagarde ainda concluiu que \u00e9 preciso fazer o que for para &#8220;manter a infla\u00e7\u00e3o dentro dos alvos&#8221;.<\/p><figure class=\"wp-block-image size-full\"><img loading=\"lazy\" decoding=\"async\" width=\"2048\" height=\"1366\" src=\"https:\/\/media.investnews.com.br\/uploads\/2021\/11\/2021-11-19T142913Z_1_LYNXMPEHAI0R5_RTROPTP_4_ECB-POLICY-LAGARDE-scaled.jpg\" alt=\"Mulher de cabelo branco e \u00f3culos azuis sorri, com len\u00e7o azul, em frente a fundo da UE.\" class=\"wp-image-289528\" srcset=\"https:\/\/media.investnews.com.br\/uploads\/2021\/11\/2021-11-19T142913Z_1_LYNXMPEHAI0R5_RTROPTP_4_ECB-POLICY-LAGARDE-scaled.jpg 2048w, https:\/\/media.investnews.com.br\/uploads\/2021\/11\/2021-11-19T142913Z_1_LYNXMPEHAI0R5_RTROPTP_4_ECB-POLICY-LAGARDE-scaled-300x200.jpg 300w, https:\/\/media.investnews.com.br\/uploads\/2021\/11\/2021-11-19T142913Z_1_LYNXMPEHAI0R5_RTROPTP_4_ECB-POLICY-LAGARDE-scaled-1024x683.jpg 1024w, https:\/\/media.investnews.com.br\/uploads\/2021\/11\/2021-11-19T142913Z_1_LYNXMPEHAI0R5_RTROPTP_4_ECB-POLICY-LAGARDE-scaled-768x512.jpg 768w, https:\/\/media.investnews.com.br\/uploads\/2021\/11\/2021-11-19T142913Z_1_LYNXMPEHAI0R5_RTROPTP_4_ECB-POLICY-LAGARDE-scaled-1536x1025.jpg 1536w, https:\/\/media.investnews.com.br\/uploads\/2021\/11\/2021-11-19T142913Z_1_LYNXMPEHAI0R5_RTROPTP_4_ECB-POLICY-LAGARDE-scaled-1256x838.jpg 1256w, https:\/\/media.investnews.com.br\/uploads\/2021\/11\/2021-11-19T142913Z_1_LYNXMPEHAI0R5_RTROPTP_4_ECB-POLICY-LAGARDE-scaled-172x115.jpg 172w, https:\/\/media.investnews.com.br\/uploads\/2021\/11\/2021-11-19T142913Z_1_LYNXMPEHAI0R5_RTROPTP_4_ECB-POLICY-LAGARDE-scaled-150x100.jpg 150w\" sizes=\"auto, (max-width: 2048px) 100vw, 2048px\" \/><figcaption class=\"wp-element-caption\">A presidente do Banco Central Europeu (BCE), Christine Lagarde, fala enquanto participa de uma coletiva de imprensa sobre a reuni\u00e3o do Conselho do BCE, em Frankfurt, Alemanha, em 28 de outubro de 2021. REUTERS\/Kai Pfaffenbach<\/figcaption><\/figure><h2 class=\"wp-block-heading\">BCE subindo juros<\/h2><p>Neste m\u00eas, o BCE elevou a taxa de\u00a0juros\u00a0em 25 pontos base, para 3,25%, e sinalizou que mais aperto ser\u00e1 necess\u00e1rio para conter a infla\u00e7\u00e3o.<\/p><p>O banco central dos 20 pa\u00edses que compartilham o euro elevou os\u00a0juros\u00a0at\u00e9 agora em um total de 375 pontos-base desde julho passado, seu ritmo mais r\u00e1pido de aperto. Mas deixou claro que novos movimentos ainda s\u00e3o prov\u00e1veis devido \u00e0s crescentes press\u00f5es salariais e de pre\u00e7os.<\/p><p>A decis\u00e3o foi tomada um dia depois de o Federal Reserve (Fed) tamb\u00e9m ter elevado sua <a href=\"https:\/\/investnews.com.br\/guias\/taxa-referencial-o-que-e\/\">taxa referencial<\/a> em 25 pontos nos Estados Unidos, &#8211; nesse caso para a faixa de 5,0% a 5,25% -, mas indicou que esse pode ter sido o \u00faltimo de uma hist\u00f3rica s\u00e9rie de aumentos.<\/p><p><em>*Com informa\u00e7\u00f5es da Reuters<\/em>.<\/p>\n","protected":false},"excerpt":{"rendered":"<p>Presidente do BCE voltou a priorizar combate a alta de pre\u00e7os.<\/p>\n","protected":false},"author":51,"featured_media":289528,"comment_status":"closed","ping_status":"open","sticky":false,"template":"","format":"standard","meta":{"_acf_changed":false,"inline_featured_image":false,"footnotes":""},"categories":[5],"tags":[227,52,354,1616],"autor-wsj":[],"coauthors":[2425],"class_list":["post-482117","post","type-post","status-publish","format-standard","has-post-thumbnail","hentry","category-economia","tag-europa","tag-inflacao","tag-juros","tag-taxa-de-juros"],"acf":[],"amp_enabled":true,"_links":{"self":[{"href":"https:\/\/investnews.com.br\/inv-api\/wp\/v2\/posts\/482117","targetHints":{"allow":["GET"]}}],"collection":[{"href":"https:\/\/investnews.com.br\/inv-api\/wp\/v2\/posts"}],"about":[{"href":"https:\/\/investnews.com.br\/inv-api\/wp\/v2\/types\/post"}],"author":[{"embeddable":true,"href":"https:\/\/investnews.com.br\/inv-api\/wp\/v2\/users\/51"}],"replies":[{"embeddable":true,"href":"https:\/\/investnews.com.br\/inv-api\/wp\/v2\/comments?post=482117"}],"version-history":[{"count":11,"href":"https:\/\/investnews.com.br\/inv-api\/wp\/v2\/posts\/482117\/revisions"}],"predecessor-version":[{"id":704395,"href":"https:\/\/investnews.com.br\/inv-api\/wp\/v2\/posts\/482117\/revisions\/704395"}],"wp:featuredmedia":[{"embeddable":true,"href":"https:\/\/investnews.com.br\/inv-api\/wp\/v2\/media\/289528"}],"wp:attachment":[{"href":"https:\/\/investnews.com.br\/inv-api\/wp\/v2\/media?parent=482117"}],"wp:term":[{"taxonomy":"category","embeddable":true,"href":"https:\/\/investnews.com.br\/inv-api\/wp\/v2\/categories?post=482117"},{"taxonomy":"post_tag","embeddable":true,"href":"https:\/\/investnews.com.br\/inv-api\/wp\/v2\/tags?post=482117"},{"taxonomy":"autor-wsj","embeddable":true,"href":"https:\/\/investnews.com.br\/inv-api\/wp\/v2\/autor-wsj?post=482117"},{"taxonomy":"author","embeddable":true,"href":"https:\/\/investnews.com.br\/inv-api\/wp\/v2\/coauthors?post=482117"}],"curies":[{"name":"wp","href":"https:\/\/api.w.org\/{rel}","templated":true}]}}