{"id":482949,"date":"2023-05-23T08:02:00","date_gmt":"2023-05-23T11:02:00","guid":{"rendered":"https:\/\/investnews.com.br\/?p=482949"},"modified":"2025-08-08T16:38:52","modified_gmt":"2025-08-08T19:38:52","slug":"3-fatos-para-hoje-texto-do-arcabouco-desdobramentos-de-juros-em-alta-e-mais","status":"publish","type":"post","link":"https:\/\/investnews.com.br\/economia\/3-fatos-para-hoje-texto-do-arcabouco-desdobramentos-de-juros-em-alta-e-mais\/","title":{"rendered":"3 fatos para hoje: texto do arcabou\u00e7o; desdobramentos de juros em alta e mais"},"content":{"rendered":"<p>O fato de o presidente Joe Biden e o presidente da C\u00e2mara dos EUA, Kevin McCarthy, n\u00e3o terem entrando em um consenso quanto ao<strong><a href=\"https:\/\/investnews.com.br\/economia\/iminencia-de-calote-nos-eua-so-preocupa-se-houver-efeito-em-rating\/\"> teto da d\u00edvida<\/a><\/strong> reflete na baixa vista na manh\u00e3 desta ter\u00e7a-feira (22) nos mercados mundiais. <\/p><figure class=\"wp-block-embed is-type-video is-provider-youtube wp-block-embed-youtube wp-embed-aspect-16-9 wp-has-aspect-ratio\"><div class=\"wp-block-embed__wrapper\">\n<iframe loading=\"lazy\" title=\"Calote dos EUA? Teto da d\u00edvida americana poderia deixar governo sem dinheiro; entenda\" width=\"500\" height=\"281\" src=\"https:\/\/www.youtube.com\/embed\/1qwUi42m4ik?start=52&#038;feature=oembed\" frameborder=\"0\" allow=\"accelerometer; autoplay; clipboard-write; encrypted-media; gyroscope; picture-in-picture; web-share\" referrerpolicy=\"strict-origin-when-cross-origin\" allowfullscreen><\/iframe>\n<\/div><\/figure><p>As a\u00e7\u00f5es chinesas tiveram a maior queda percentual di\u00e1ria em um m\u00eas, com os participantes do mercado tamb\u00e9m preocupados com a desacelera\u00e7\u00e3o da recupera\u00e7\u00e3o econ\u00f4mica do pa\u00eds, enquanto o enfraquecimento do iuan e os riscos geopol\u00edticos tamb\u00e9m mantinham o sentimento do investidor fr\u00e1gil.<\/p><p>O<strong> \u00edndice CSI300,<\/strong> que re\u00fane as maiores companhias listadas em Xangai e Shenzhen, caiu 1,41%, enquanto o \u00edndice de Xangai teve baixa de 1,52%. O \u00edndice Hang Seng, de Hong Kong, registrou queda de 1,25%.<\/p><p>Nesta manh\u00e3 foram divulgados os dados do PMI da zona do euro que permaneceu resiliente, mas desacelerou um pouco mais do que se pensava este m\u00eas, j\u00e1 que o setor de servi\u00e7os perdeu um pouco de seu brilho e a contra\u00e7\u00e3o na ind\u00fastria se aprofundou.<\/p><p>O \u00cdndice de Gerentes de Compras Composto (PMI) do HCOB para o bloco, compilado pela S&#038;P Global e visto como um bom indicador da sa\u00fade econ\u00f4mica geral, caiu para 53,3 em maio, ante 54,1 em abril.<\/p><p>Embora ainda esteja confortavelmente acima da marca de 50 que separa crescimento de contra\u00e7\u00e3o, ficou abaixo da estimativa em pesquisa da Reuters de 53,5.<\/p><p>J\u00e1 no cen\u00e1rio dom\u00e9stico, o relator do projeto do novo arcabou\u00e7o fiscal, deputado Cl\u00e1udio Cajado (PP-BA), afirmou na v\u00e9spera ap\u00f3s reuni\u00e3o com o ministro da Fazenda, Fernando Haddad, que deixar\u00e1 alguns pontos de seu parecer mais claros para evitar d\u00favidas e garantir o equil\u00edbrio do texto.<\/p><p><strong>Veja abaixo 3 fatos para hoje:<\/strong><\/p><h2 class=\"wp-block-heading\">1 &#8211; Altera\u00e7\u00f5es trar\u00e3o clareza ao texto do arcabou\u00e7o, mas n\u00e3o afetar\u00e3o seu equil\u00edbrio, diz relator<\/h2><p>O relator do projeto do novo arcabou\u00e7o fiscal, deputado Cl\u00e1udio Cajado (PP-BA), afirmou na v\u00e9spera, ap\u00f3s reuni\u00e3o com o ministro da Fazenda, Fernando Haddad, que deixar\u00e1 alguns pontos de seu parecer mais claros para evitar d\u00favidas e garantir o equil\u00edbrio do texto.<\/p><p>&#8220;Conversamos a respeito de tornar mais claro o texto em rela\u00e7\u00e3o \u00e0queles pontos que t\u00eam d\u00favidas, ent\u00e3o quest\u00f5es redacionais&#8221;, disse.<\/p><p>Contudo, Cajado destacou que novas altera\u00e7\u00f5es n\u00e3o v\u00e3o mudar o foco principal da proposta.<\/p><p>&#8220;Esse texto teve um equil\u00edbrio muito grande. N\u00f3s perseguimos ali que tivesse o consenso maior poss\u00edvel e mudar ou fazer grandes altera\u00e7\u00f5es vai desequilibrar justamente a busca desse equil\u00edbrio, que n\u00e3o foi f\u00e1cil, mas que ao final mostrou-se pelo menos no resultado da urg\u00eancia, extremamente equilibrado e com a maioria densa de apoiamento&#8221;, afirmou.<\/p><p>Cajado n\u00e3o informou quantas emendas oferecidas pelos colegas ser\u00e3o descartadas, mas fez quest\u00e3o de negar que seu texto abra o espa\u00e7o de 80 bilh\u00f5es de reais em gastos adicionais para o Executivo, um dos pontos que tem gerado controv\u00e9rsia.<\/p><blockquote class=\"wp-block-quote is-layout-flow wp-block-quote-is-layout-flow\">\n<p>&#8220;N\u00f3s vamos clarear essa quest\u00e3o para n\u00e3o dar a entender que o relat\u00f3rio do meu substitutivo d\u00e1 mais 80 bilh\u00f5es de reais, nunca deu. Essa conta criou ru\u00eddo e n\u00f3s vamos encontrar a reda\u00e7\u00e3o que deixe claro que n\u00e3o se est\u00e1 dando nada nesse sentido como possibilidade&#8221;.<\/p>\n<cite>Cl\u00e1udio Cajado (PP-BA)<\/cite><\/blockquote><p><\/p><p>O relator tamb\u00e9m garantiu que haver\u00e1 ganho real para o Fundo de Manuten\u00e7\u00e3o e Desenvolvimento da Educa\u00e7\u00e3o B\u00e1sica e de Valoriza\u00e7\u00e3o dos Profissionais da Educa\u00e7\u00e3o (Fundeb).<\/p><p>Ap\u00f3s a reuni\u00e3o, o ministro da Fazenda, Fernando Haddad, reiterou os coment\u00e1rios de Cajado sobre os ajustes redacionais e disse acreditar que o relator &#8220;est\u00e1 em um bom caminho&#8221;.<\/p><figure class=\"wp-block-image size-large\"><img loading=\"lazy\" decoding=\"async\" width=\"1024\" height=\"683\" src=\"https:\/\/media.investnews.com.br\/uploads\/2023\/05\/2023-05-05T113652Z_1_LYNXMPEJ440DD_RTROPTP_4_BRAZIL-POLITICS-LULA-1024x683.jpg\" alt=\"Homem em perfil, sorrindo e olhando para a esquerda. Fundo azul-escuro.\" class=\"wp-image-474807\" srcset=\"https:\/\/media.investnews.com.br\/uploads\/2023\/05\/2023-05-05T113652Z_1_LYNXMPEJ440DD_RTROPTP_4_BRAZIL-POLITICS-LULA-1024x683.jpg 1024w, https:\/\/media.investnews.com.br\/uploads\/2023\/05\/2023-05-05T113652Z_1_LYNXMPEJ440DD_RTROPTP_4_BRAZIL-POLITICS-LULA-300x200.jpg 300w, https:\/\/media.investnews.com.br\/uploads\/2023\/05\/2023-05-05T113652Z_1_LYNXMPEJ440DD_RTROPTP_4_BRAZIL-POLITICS-LULA-768x512.jpg 768w, https:\/\/media.investnews.com.br\/uploads\/2023\/05\/2023-05-05T113652Z_1_LYNXMPEJ440DD_RTROPTP_4_BRAZIL-POLITICS-LULA-1536x1025.jpg 1536w, https:\/\/media.investnews.com.br\/uploads\/2023\/05\/2023-05-05T113652Z_1_LYNXMPEJ440DD_RTROPTP_4_BRAZIL-POLITICS-LULA-1256x838.jpg 1256w, https:\/\/media.investnews.com.br\/uploads\/2023\/05\/2023-05-05T113652Z_1_LYNXMPEJ440DD_RTROPTP_4_BRAZIL-POLITICS-LULA-172x115.jpg 172w, https:\/\/media.investnews.com.br\/uploads\/2023\/05\/2023-05-05T113652Z_1_LYNXMPEJ440DD_RTROPTP_4_BRAZIL-POLITICS-LULA-150x100.jpg 150w, https:\/\/media.investnews.com.br\/uploads\/2023\/05\/2023-05-05T113652Z_1_LYNXMPEJ440DD_RTROPTP_4_BRAZIL-POLITICS-LULA.jpg 2048w\" sizes=\"auto, (max-width: 1024px) 100vw, 1024px\" \/><figcaption class=\"wp-element-caption\">Ministro Fernando Haddad \n10\/04\/2023\nREUTERS\/Ueslei Marcelino<\/figcaption><\/figure><p>&#8220;Modificar (o texto) ele pode, porque \u00e9 o relator, mas o que ele me trouxe aqui foram emendas para deixar mais claro contas erradas que foram feitas e como evitar que as pessoas tenham uma impress\u00e3o equivocada do relat\u00f3rio&#8221;, disse Haddad.<\/p><p>Sobre a data da poss\u00edvel vota\u00e7\u00e3o da mat\u00e9ria na C\u00e2mara dos Deputados, o ministro afirmou que Cajado disse estar confiante na vota\u00e7\u00e3o ainda essa semana.<\/p><h2 class=\"wp-block-heading\">2 &#8211; L\u00edder do governo afirma que haver\u00e1 &#8220;desdobramentos&#8221; no 2\u00ba semestre caso taxa de juros siga alta<\/h2><p>O l\u00edder do governo na C\u00e2mara, deputado Jos\u00e9 Guimar\u00e3es (PT-CE), afirmou nesta segunda-feira que haver\u00e1 &#8220;desdobramentos&#8221; caso a taxa b\u00e1sica de juros da economia, atualmente em 13,75% ao ano, n\u00e3o tenha uma baixa.<\/p><p>Ao refor\u00e7ar o discurso de muitos integrantes do governo contra a pol\u00edtica do Banco Central, Guimar\u00e3es argumentou que h\u00e1 melhora nos dados econ\u00f4micos, o que justificaria um movimento de flexibiliza\u00e7\u00e3o da pol\u00edtica monet\u00e1ria.<\/p><p>&#8220;N\u00e3o tem infla\u00e7\u00e3o alta, o desemprego est\u00e1 cedendo, o crescimento est\u00e1 se estabelecendo.. Estamos fazendo as reformas que s\u00e3o necess\u00e1rias e nada disso serve para uma baixa&#8221;, disse o l\u00edder governista em entrevista ao Jornal GGN, do jornalista Luis Nassif.<\/p><p>&#8220;Acho que se isso n\u00e3o ocorrer, teremos desdobramentos no segundo semestre em todos os aspectos&#8221;, acrescentou.<\/p><p>Mais cedo, o presidente do Banco Central, Roberto Campos Neto, disse que tem observado uma desacelera\u00e7\u00e3o grande na infla\u00e7\u00e3o brasileira, mas que o n\u00facleo dos pre\u00e7os ainda segue muito alto e as expectativas de alta dos pre\u00e7os permanecem elevadas.<\/p><p>Na entrevista desta segunda-feira, Guimar\u00e3es tamb\u00e9m fez coment\u00e1rios sobre as negocia\u00e7\u00f5es envolvendo o novo marco fiscal do governo. Segundo ele, o projeto a ser votado ter\u00e1 &#8220;o texto poss\u00edvel&#8221; &#8212; nem tanto quanto a esquerda gostaria, mas tamb\u00e9m sem ceder demais \u00e0s demandas da direita.<\/p><p>&#8220;\u00c9 o meio&#8221;, avaliou o deputado.<\/p><p>A previs\u00e3o \u00e9 de que a C\u00e2mara dos Deputados vote em plen\u00e1rio, ainda nesta semana, o novo arcabou\u00e7o fiscal.<\/p><h2 class=\"wp-block-heading\">3 &#8211; BoE: Infla\u00e7\u00e3o no Reino Unido est\u00e1 acima do esperado<\/h2><p>O presidente do Banco da Inglaterra (BoE, pela sigla em ingl\u00eas), Andrew Bailey, disse nesta ter\u00e7a-feira (23) que a infla\u00e7\u00e3o atual do Reino Unido est\u00e1 mais alta do que se esperava, mas j\u00e1 &#8220;superou sua pior fase&#8221;. Em audi\u00eancia no Parlamento brit\u00e2nico, Bailey comentou que a infla\u00e7\u00e3o de servi\u00e7os est\u00e1 se comportando mais ou menos como se previa em fevereiro, mas admitiu que o BoE subestimou a for\u00e7a dos pre\u00e7os de alimentos.<\/p><p>Bailey tamb\u00e9m reiterou que o BoE ir\u00e1 ajustar suas taxas de juros conforme for necess\u00e1rio para levar a infla\u00e7\u00e3o de volta \u00e0 sua meta oficial, de 2%.<\/p><p>Tamb\u00e9m ecoando alerta que o BoE fez em sua \u00faltima decis\u00e3o de pol\u00edtica monet\u00e1ria, quando o juro b\u00e1sico brit\u00e2nico foi elevado em 25 pontos-base, a 4,50%, Bailey disse que se houver &#8220;evid\u00eancias de press\u00f5es&#8221; de pre\u00e7os mais persistentes, novo aperto da pol\u00edcia monet\u00e1ria ser\u00e1 necess\u00e1rio.<\/p><p><em>Com Reuters e Estad\u00e3o<\/em><\/p>\n","protected":false},"excerpt":{"rendered":"<p>O presidente do Banco da Inglaterra disse nesta ter\u00e7a-feira (23) que a infla\u00e7\u00e3o atual do Reino Unido est\u00e1 mais alta do que se esperava, mas j\u00e1 &#8220;superou sua pior fase&#8221;. <\/p>\n","protected":false},"author":7,"featured_media":395049,"comment_status":"closed","ping_status":"open","sticky":false,"template":"","format":"standard","meta":{"_acf_changed":false,"inline_featured_image":false,"footnotes":""},"categories":[5],"tags":[101620,52,354,350,1616],"autor-wsj":[],"coauthors":[1494],"class_list":["post-482949","post","type-post","status-publish","format-standard","has-post-thumbnail","hentry","category-economia","tag-fernando-haddad","tag-inflacao","tag-juros","tag-reino-unido","tag-taxa-de-juros"],"acf":[],"amp_enabled":true,"_links":{"self":[{"href":"https:\/\/investnews.com.br\/inv-api\/wp\/v2\/posts\/482949","targetHints":{"allow":["GET"]}}],"collection":[{"href":"https:\/\/investnews.com.br\/inv-api\/wp\/v2\/posts"}],"about":[{"href":"https:\/\/investnews.com.br\/inv-api\/wp\/v2\/types\/post"}],"author":[{"embeddable":true,"href":"https:\/\/investnews.com.br\/inv-api\/wp\/v2\/users\/7"}],"replies":[{"embeddable":true,"href":"https:\/\/investnews.com.br\/inv-api\/wp\/v2\/comments?post=482949"}],"version-history":[{"count":7,"href":"https:\/\/investnews.com.br\/inv-api\/wp\/v2\/posts\/482949\/revisions"}],"predecessor-version":[{"id":704374,"href":"https:\/\/investnews.com.br\/inv-api\/wp\/v2\/posts\/482949\/revisions\/704374"}],"wp:featuredmedia":[{"embeddable":true,"href":"https:\/\/investnews.com.br\/inv-api\/wp\/v2\/media\/395049"}],"wp:attachment":[{"href":"https:\/\/investnews.com.br\/inv-api\/wp\/v2\/media?parent=482949"}],"wp:term":[{"taxonomy":"category","embeddable":true,"href":"https:\/\/investnews.com.br\/inv-api\/wp\/v2\/categories?post=482949"},{"taxonomy":"post_tag","embeddable":true,"href":"https:\/\/investnews.com.br\/inv-api\/wp\/v2\/tags?post=482949"},{"taxonomy":"autor-wsj","embeddable":true,"href":"https:\/\/investnews.com.br\/inv-api\/wp\/v2\/autor-wsj?post=482949"},{"taxonomy":"author","embeddable":true,"href":"https:\/\/investnews.com.br\/inv-api\/wp\/v2\/coauthors?post=482949"}],"curies":[{"name":"wp","href":"https:\/\/api.w.org\/{rel}","templated":true}]}}