{"id":483527,"date":"2023-05-23T20:50:41","date_gmt":"2023-05-23T23:50:41","guid":{"rendered":"https:\/\/investnews.com.br\/?p=483527"},"modified":"2023-05-23T20:51:10","modified_gmt":"2023-05-23T23:51:10","slug":"lira-novo-parecer-sobre-arcabouco-fiscal-sera-votado-nesta-terca","status":"publish","type":"post","link":"https:\/\/investnews.com.br\/economia\/lira-novo-parecer-sobre-arcabouco-fiscal-sera-votado-nesta-terca\/","title":{"rendered":"Lira: Novo parecer sobre arcabou\u00e7o fiscal ser\u00e1 votado nesta ter\u00e7a"},"content":{"rendered":"\n<p>O presidente da C\u00e2mara, Arthur Lira, afirmou, segundo informa\u00e7\u00f5es da Ag\u00eancia C\u00e2mara de Not\u00edcias, que um novo parecer do deputado Cl\u00e1udio Cajado (PP-BA) sobre o projeto do <a href=\"https:\/\/investnews.com.br\/economia\/haddad-anuncia-novo-arcabouco-fiscal\/\">arcabou\u00e7o fiscal <\/a>ser\u00e1 votado ainda nesta ter\u00e7a-feira (23). <\/p>\n\n\n\n<p>O entendimento da Lira \u00e9 que, por volta das 20h, a casa pudesse ter o texto com as altera\u00e7\u00f5es propostas, para afinar algumas conversas. <\/p>\n\n\n\n<p>Lira afirmou que a espinha dorsal do parecer inicial de Cajado ser\u00e1 mantida e que as altera\u00e7\u00f5es s\u00e3o de ajustes de texto que n\u00e3o alteram o texto original do deputado Cajado. <\/p>\n\n\n\n<p>A aprova\u00e7\u00e3o depende do voto favor\u00e1vel de 257 deputados.<\/p>\n\n\n\n<p>Na semana passada, a C\u00e2mara dos Deputados aprovou um requerimento que confere\u00a0<strong><a href=\"https:\/\/investnews.com.br\/economia\/camara-aprova-regime-de-urgencia-para-arcabouco-fiscal\/\">regime de urg\u00eancia\u00a0<\/a><\/strong>para o projeto. <\/p>\n","protected":false},"excerpt":{"rendered":"<p>Presidente da C\u00e2mara afirmou que a espinha dorsal do parecer inicial do relator Cajado ser\u00e1 mantida. <\/p>\n","protected":false},"author":53,"featured_media":444691,"comment_status":"closed","ping_status":"open","sticky":false,"template":"","format":"standard","meta":{"_acf_changed":false,"inline_featured_image":false,"footnotes":""},"categories":[5],"tags":[2346,1636],"autor-wsj":[],"coauthors":[2433],"class_list":["post-483527","post","type-post","status-publish","format-standard","has-post-thumbnail","hentry","category-economia","tag-arthur-lira","tag-contas-publicas"],"acf":[],"amp_enabled":true,"_links":{"self":[{"href":"https:\/\/investnews.com.br\/inv-api\/wp\/v2\/posts\/483527","targetHints":{"allow":["GET"]}}],"collection":[{"href":"https:\/\/investnews.com.br\/inv-api\/wp\/v2\/posts"}],"about":[{"href":"https:\/\/investnews.com.br\/inv-api\/wp\/v2\/types\/post"}],"author":[{"embeddable":true,"href":"https:\/\/investnews.com.br\/inv-api\/wp\/v2\/users\/53"}],"replies":[{"embeddable":true,"href":"https:\/\/investnews.com.br\/inv-api\/wp\/v2\/comments?post=483527"}],"version-history":[{"count":16,"href":"https:\/\/investnews.com.br\/inv-api\/wp\/v2\/posts\/483527\/revisions"}],"predecessor-version":[{"id":483543,"href":"https:\/\/investnews.com.br\/inv-api\/wp\/v2\/posts\/483527\/revisions\/483543"}],"wp:featuredmedia":[{"embeddable":true,"href":"https:\/\/investnews.com.br\/inv-api\/wp\/v2\/media\/444691"}],"wp:attachment":[{"href":"https:\/\/investnews.com.br\/inv-api\/wp\/v2\/media?parent=483527"}],"wp:term":[{"taxonomy":"category","embeddable":true,"href":"https:\/\/investnews.com.br\/inv-api\/wp\/v2\/categories?post=483527"},{"taxonomy":"post_tag","embeddable":true,"href":"https:\/\/investnews.com.br\/inv-api\/wp\/v2\/tags?post=483527"},{"taxonomy":"autor-wsj","embeddable":true,"href":"https:\/\/investnews.com.br\/inv-api\/wp\/v2\/autor-wsj?post=483527"},{"taxonomy":"author","embeddable":true,"href":"https:\/\/investnews.com.br\/inv-api\/wp\/v2\/coauthors?post=483527"}],"curies":[{"name":"wp","href":"https:\/\/api.w.org\/{rel}","templated":true}]}}