{"id":484258,"date":"2023-05-24T20:45:15","date_gmt":"2023-05-24T23:45:15","guid":{"rendered":"https:\/\/investnews.com.br\/?p=484258"},"modified":"2023-05-24T20:45:18","modified_gmt":"2023-05-24T23:45:18","slug":"camara-conclui-votacao-de-emendas-e-arcabouco-fiscal-segue-para-senado","status":"publish","type":"post","link":"https:\/\/investnews.com.br\/economia\/camara-conclui-votacao-de-emendas-e-arcabouco-fiscal-segue-para-senado\/","title":{"rendered":"C\u00e2mara conclui vota\u00e7\u00e3o de emendas e arcabou\u00e7o fiscal segue para Senado"},"content":{"rendered":"\n<p>A C\u00e2mara dos Deputados encerrou a vota\u00e7\u00e3o na noite desta quarta-feira 24) das emendas ao <a href=\"https:\/\/investnews.com.br\/economia\/haddad-anuncia-novo-arcabouco-fiscal\/\">arcabou\u00e7o fiscal<\/a>, projeto priorit\u00e1rio para o governo que segue agora ao Senado, em vit\u00f3ria creditada n\u00e3o apenas ao governo, mas tamb\u00e9m ao capital pol\u00edtico do presidente da C\u00e2mara, Arthur Lira (PP-AL), e \u00e0 capacidade de articula\u00e7\u00e3o pol\u00edtica do ministro da Fazenda, Fernando Haddad.<\/p>\n\n\n\n<p>Deputados rejeitaram as quatro emendas destacadas para vota\u00e7\u00e3o separada nesta quarta, que poderiam alterar o <a href=\"https:\/\/investnews.com.br\/economia\/arcabouco-fiscal-veja-as-mudancas-de-ultima-hora-aprovadas-na-camara\/\">texto principal aprovado na v\u00e9spera <\/a>por uma boa margem de votos favor\u00e1veis &#8212; 372 votos &#8220;sim&#8221;, bem acima do m\u00ednimo de 257, contra 108 contr\u00e1rios.<\/p>\n\n\n\n<figure class=\"wp-block-embed is-type-video is-provider-youtube wp-block-embed-youtube wp-embed-aspect-16-9 wp-has-aspect-ratio\"><div class=\"wp-block-embed__wrapper\">\n<iframe loading=\"lazy\" title=\"Ibovespa cai 1% ap\u00f3s arcabou\u00e7o fiscal passar na C\u00e2mara; por qu\u00ea?\" width=\"500\" height=\"281\" src=\"https:\/\/www.youtube.com\/embed\/QFWbYzUXh7s?feature=oembed\" frameborder=\"0\" allow=\"accelerometer; autoplay; clipboard-write; encrypted-media; gyroscope; picture-in-picture; web-share\" referrerpolicy=\"strict-origin-when-cross-origin\" allowfullscreen><\/iframe>\n<\/div><\/figure>\n\n\n\n<p>As quatro emendas apresentadas nesta quarta pelo PL, partido de oposi\u00e7\u00e3o ao governo Luiz In\u00e1cio Lula da Silva, foram votadas separadamente &#8212; os chamados destaques &#8212; e foram rejeitadas. Assim, n\u00e3o houve altera\u00e7\u00e3o do texto.<\/p>\n\n\n\n<p>O primeiro destaque visava excluir do texto artigo que isenta o gestor p\u00fablico de puni\u00e7\u00e3o em caso de descumprimento da meta fiscal.<\/p>\n\n\n\n<p>O segundo destaque pretendia derrubar dispositivo que altera a f\u00f3rmula de c\u00e1lculo do fundo constitucional do Distrito Federal.<\/p>\n\n\n\n<p>Um terceiro destaque propunha a supress\u00e3o de artigo que permite certa folga ao governo para os gastos no exerc\u00edcio financeiro de 2024.<\/p>\n\n\n\n<p>A \u00faltima emenda tentava incluir trechos determinando que eventual valor excedente gerado por aumento de carga tribut\u00e1ria dever\u00e1 ser utilizado para abatimento da d\u00edvida p\u00fablica.<\/p>\n\n\n\n<h2 class=\"wp-block-heading\">Gatilhos<\/h2>\n\n\n\n<p>O texto aprovado pelos deputados foi bem recebido por especialistas em Or\u00e7amento e membros do governo, apesar da inclus\u00e3o de uma regra de complexidade elevada para viabilizar uma poss\u00edvel folga nos gastos em 2024.<\/p>\n\n\n\n<p>A regra geral da proposta criada para substituir o teto de gastos estabelece que <strong>as despesas federais n\u00e3o poder\u00e3o crescer mais do que 70% da alta das receitas<\/strong>, al\u00e9m de definir que os gastos crescer\u00e3o anualmente entre<strong> 0,6% e 2,5% acima da infla\u00e7\u00e3o.<\/strong><\/p>\n\n\n\n<p>O texto define que em caso de descumprimento da meta fiscal, que ter\u00e1 uma margem de toler\u00e2ncia, o crescimento dos gastos passar\u00e1 a ser limitado a 50% da alta da receita.<\/p>\n\n\n\n<p>Al\u00e9m dessa puni\u00e7\u00e3o, o relator, deputado Cl\u00e1udio Cajado (PP-BA), adicionou uma s\u00e9rie de <strong>gatilhos autom\u00e1ticos de ajuste fiscal<\/strong>. No primeiro ano de rompimento da meta, o governo ficaria impedido de criar cargos, reajustar aux\u00edlios de servidores, criar ou aumentar despesas obrigat\u00f3rias e conceder ou ampliar benef\u00edcios tribut\u00e1rios.<\/p>\n\n\n\n<p>Se o descumprimento ocorrer pelo segundo ano consecutivo, seriam barrados adicionalmente aumento de despesa com pessoal, contrata\u00e7\u00f5es e realiza\u00e7\u00f5es de concursos.<\/p>\n\n\n\n<p>Tamb\u00e9m haver\u00e1 travas se as despesas obrigat\u00f3rias, como as previdenci\u00e1rias e a folha salarial do funcionalismo p\u00fablico, superarem 95% do Or\u00e7amento.<\/p>\n\n\n\n<p>Pelo texto, se o governo quiser suspender ou amortecer esses gatilhos, ter\u00e1 que enviar um projeto ao Congresso para pedir essa autoriza\u00e7\u00e3o, al\u00e9m de fazer uma compensa\u00e7\u00e3o por meio de ajustes em outras \u00e1reas.<\/p>\n\n\n\n<p>Encerrada a batalha do arcabou\u00e7o fiscal na C\u00e2mara, deputados devem agora se debru\u00e7ar sobre outro tema de interesse do governo: a reforma tribut\u00e1ria.<\/p>\n\n\n\n<p>Lira j\u00e1 deixou claro que pretende colocar a proposta em vota\u00e7\u00e3o neste semestre e que n\u00e3o haver\u00e1 recesso parlamentar em julho se a reforma n\u00e3o for analisada.<\/p>\n","protected":false},"excerpt":{"rendered":"<p>Deputados rejeitaram as quatro emendas destacadas para vota\u00e7\u00e3o separada nesta quarta, que poderiam alterar o texto principal aprovado na v\u00e9spera.<\/p>\n","protected":false},"author":61,"featured_media":386783,"comment_status":"closed","ping_status":"open","sticky":false,"template":"","format":"standard","meta":{"_acf_changed":false,"inline_featured_image":false,"footnotes":""},"categories":[5],"tags":[2346,1636,1719],"autor-wsj":[],"coauthors":[2494],"class_list":["post-484258","post","type-post","status-publish","format-standard","has-post-thumbnail","hentry","category-economia","tag-arthur-lira","tag-contas-publicas","tag-teto-de-gastos"],"acf":[],"amp_enabled":true,"_links":{"self":[{"href":"https:\/\/investnews.com.br\/inv-api\/wp\/v2\/posts\/484258","targetHints":{"allow":["GET"]}}],"collection":[{"href":"https:\/\/investnews.com.br\/inv-api\/wp\/v2\/posts"}],"about":[{"href":"https:\/\/investnews.com.br\/inv-api\/wp\/v2\/types\/post"}],"author":[{"embeddable":true,"href":"https:\/\/investnews.com.br\/inv-api\/wp\/v2\/users\/61"}],"replies":[{"embeddable":true,"href":"https:\/\/investnews.com.br\/inv-api\/wp\/v2\/comments?post=484258"}],"version-history":[{"count":5,"href":"https:\/\/investnews.com.br\/inv-api\/wp\/v2\/posts\/484258\/revisions"}],"predecessor-version":[{"id":484266,"href":"https:\/\/investnews.com.br\/inv-api\/wp\/v2\/posts\/484258\/revisions\/484266"}],"wp:featuredmedia":[{"embeddable":true,"href":"https:\/\/investnews.com.br\/inv-api\/wp\/v2\/media\/386783"}],"wp:attachment":[{"href":"https:\/\/investnews.com.br\/inv-api\/wp\/v2\/media?parent=484258"}],"wp:term":[{"taxonomy":"category","embeddable":true,"href":"https:\/\/investnews.com.br\/inv-api\/wp\/v2\/categories?post=484258"},{"taxonomy":"post_tag","embeddable":true,"href":"https:\/\/investnews.com.br\/inv-api\/wp\/v2\/tags?post=484258"},{"taxonomy":"autor-wsj","embeddable":true,"href":"https:\/\/investnews.com.br\/inv-api\/wp\/v2\/autor-wsj?post=484258"},{"taxonomy":"author","embeddable":true,"href":"https:\/\/investnews.com.br\/inv-api\/wp\/v2\/coauthors?post=484258"}],"curies":[{"name":"wp","href":"https:\/\/api.w.org\/{rel}","templated":true}]}}