{"id":484373,"date":"2023-05-25T11:31:23","date_gmt":"2023-05-25T14:31:23","guid":{"rendered":"https:\/\/investnews.com.br\/?p=484373"},"modified":"2023-05-25T17:44:04","modified_gmt":"2023-05-25T20:44:04","slug":"ceo-renuncia-em-momento-ruim-para-a-cvc-dizem-analistas-acao-cai-4","status":"publish","type":"post","link":"https:\/\/investnews.com.br\/negocios\/ceo-renuncia-em-momento-ruim-para-a-cvc-dizem-analistas-acao-cai-4\/","title":{"rendered":"CEO renuncia em momento ruim para a  CVC, dizem analistas; a\u00e7\u00e3o recua 4,6%"},"content":{"rendered":"\n<p>O pedido de <a href=\"https:\/\/investnews.com.br\/negocios\/ceo-da-cvc-renuncia-ao-cargo\/\"><strong>ren\u00fancia ao cargo<\/strong><\/a> do ent\u00e3o diretor-presidente e de diretor-financeiro e de Rela\u00e7\u00f5es com Investidores da <strong>CVC<\/strong>&nbsp;<strong>Corp&nbsp;<\/strong>(<a href=\"https:\/\/investnews.com.br\/cotacao\/cvcb3-cvc\/\">CVCB3<\/a>), Leonel Dias de Andrade Neto, ocorre em um momento ruim para a companhia, segundo avalia\u00e7\u00e3o de analistas. Repercutindo o sa\u00edda do CEO do grupo de viagens, o papel a empresa teve dia de queda na bolsa de valores.<\/p>\n\n\n\n<p>A a\u00e7\u00e3o da CVC encerrou o preg\u00e3o desta quinta-feira (25) com perda de 4,63%, negociada a R$ 2,68, depois de chegar a cair mais 7% no decorrer do dia. Em 2023, a a\u00e7\u00e3o CVCB3 acumula queda superior a 40%. Em 12 meses, as perdas superam 75%.<\/p>\n\n\n\n<figure class=\"wp-block-image size-large\"><img loading=\"lazy\" decoding=\"async\" width=\"1024\" height=\"576\" src=\"https:\/\/media.investnews.com.br\/uploads\/2023\/05\/CVC-1-1024x576.jpg\" alt=\"Leonel de Andrade\" class=\"wp-image-484477\" srcset=\"https:\/\/media.investnews.com.br\/uploads\/2023\/05\/CVC-1-1024x576.jpg 1024w, https:\/\/media.investnews.com.br\/uploads\/2023\/05\/CVC-1-300x169.jpg 300w, https:\/\/media.investnews.com.br\/uploads\/2023\/05\/CVC-1-768x432.jpg 768w, https:\/\/media.investnews.com.br\/uploads\/2023\/05\/CVC-1-172x97.jpg 172w, https:\/\/media.investnews.com.br\/uploads\/2023\/05\/CVC-1-150x84.jpg 150w, https:\/\/media.investnews.com.br\/uploads\/2023\/05\/CVC-1.jpg 1200w\" sizes=\"auto, (max-width: 1024px) 100vw, 1024px\" \/><figcaption class=\"wp-element-caption\">Leonel de Andrade. Cr\u00e9dito: CVC\/Divulga\u00e7\u00e3o<\/figcaption><\/figure>\n\n\n\n<p>Em fato relevante na noite de quarta-feira, a<strong>&nbsp;CVC<\/strong>&nbsp;<strong>Corp&nbsp;<\/strong>informou que Andrade apresentou sua carta de&nbsp;ren\u00fancia<strong> <\/strong>para se dedicar a assuntos pessoais. Andrade estava no&nbsp;comando do grupo de viagens h\u00e1 tr\u00eas anos.<\/p>\n\n\n\n<p>Para Heitor Martins, especialista em <a href=\"https:\/\/investnews.com.br\/guias\/renda-variavel-o-que-e-e-como-investir\/\">renda vari\u00e1vel<\/a> na Nexgen Capital, Andrade renunciou em um momento muito ruim para a companhia, uma vez que CVC estava passando por um <strong>processo de reestrutura\u00e7\u00e3o<\/strong> tanto na parte operacional, tentando se adaptar \u00e0s novas condi\u00e7\u00f5es de turismo, quanto na parte de estrutura de capital da empresa, com renegocia\u00e7\u00e3o de algumas d\u00edvidas da empresa e estudo de proposta de emiss\u00e3o de a\u00e7\u00f5es.<\/p>\n\n\n\n<blockquote class=\"wp-block-quote is-layout-flow wp-block-quote-is-layout-flow\">\n<p>\u201cEssa sa\u00edda do CEO vai deixar uma <strong>brecha na organiza\u00e7\u00e3o<\/strong>. E \u00e9 natural imaginar que a empresa vai buscar um novo CEO e CFO com o mesmo perfil, para levar a companhia nesse caminho de reorganiza\u00e7\u00e3o tanto operacional quanto de capital\u201d<\/p>\n<cite>Para Heitor Martins, especialista em renda vari\u00e1vel na Nexgen Capital<\/cite><\/blockquote>\n\n\n\n<p><\/p>\n\n\n\n<p>Em relat\u00f3rio, o analista Mateus Haag, da Genial Investimentos, avaliou que a CVC est\u00e1 em uma situa\u00e7\u00e3o operacional e financeira dif\u00edcil e que a sa\u00edda do CEO sem um plano claro de transi\u00e7\u00e3o deve dificultar ainda mais a recupera\u00e7\u00e3o da companhia.<\/p>\n\n\n\n<p>\u201cA CVC vem apresentando resultados fracos nos \u00faltimos anos em fun\u00e7\u00e3o de diversos fatores, sendo os principais deles o <strong>fechamento da Avianca<\/strong> (um dos principais \u201cfornecedores\u201d da CVC na \u00e9poca) e a pandemia. Desde 2020, a empresa vem acumulando preju\u00edzos e viu sua <strong>d\u00edvida crescer<\/strong>, for\u00e7ando renegocia\u00e7\u00f5es com os bancos credores que incluem um plano de oferta de a\u00e7\u00f5es que deve ser conclu\u00eddo ainda em 2023\u201d, destaca Haag.<\/p>\n\n\n\n<h2 class=\"wp-block-heading\">Pr\u00f3ximos passos<\/h2>\n\n\n\n<p>A CVC informou que o conselho de administra\u00e7\u00e3o da companhia j\u00e1 iniciou o processo de sucess\u00e3o e que est\u00e1 encarregado, com a assessoria do comit\u00ea de pessoas e sustentabilidade, de escolher e eleger novos diretores no menor prazo poss\u00edvel.<\/p>\n\n\n\n<p>\u201cAt\u00e9 l\u00e1, de forma a assegurar a continuidade das opera\u00e7\u00f5es da companhia, o conselho de administra\u00e7\u00e3o criou um <strong>Comit\u00ea de Transi\u00e7\u00e3o<\/strong>, que ser\u00e1 liderado pelo conselheiro Sandoval Martins, cujas atividades se iniciam a partir de amanh\u00e3\u201d, disse a empresa no documento.<\/p>\n\n\n\n<p>Ainda de acordo com a CVC, durante esse per\u00edodo, Eliane Silveira Lapa vai acumular o cargo de diretora de governan\u00e7a corporativa e compliance com o de diretora de rela\u00e7\u00f5es com investidores.<\/p>\n\n\n\n<p>Leonel&nbsp;Andrade disse em comunicado \u00e0 imprensa divulgado pela companhia na quarta-feira que &#8220;foram tr\u00eas anos intensos, de muita dedica\u00e7\u00e3o e muitos neg\u00f3cios&#8221;. &#8220;Me apaixonei pela CVC Corp e a nossa gente. Me orgulho de ter liderado o melhor time de profissionais do turismo e ter contribu\u00eddo para tornar a companhia mais s\u00f3lida, sustent\u00e1vel e com uma forte cultura de governan\u00e7a\u201d.<\/p>\n\n\n\n<h2 class=\"wp-block-heading\">Empresa sem CFO<\/h2>\n\n\n\n<p>No dia 25 de abril, a&nbsp;CVC&nbsp;informou que Marcelo Kopel apresentou sua carta de<br><a href=\"https:\/\/investnews.com.br\/negocios\/diretor-financeiro-e-de-ri-da-cvc-renuncia-ao-cargo-acao-recua\/\"><strong>ren\u00fancia ao cargo<\/strong>&nbsp;<\/a>de diretor financeiro e de rela\u00e7\u00f5es com investidores. Kopel deixou a empresa em 29 de abril de 2023.<\/p>\n\n\n\n<p>\u00c0 \u00e9poca, em comunicado ao mercado, a companhia informou que Leonel Andrade acumularia o cargo de forma interina at\u00e9 que um substituto fosse nomeado.<\/p>\n","protected":false},"excerpt":{"rendered":"<p>Empresa anunciou na v\u00e9spera que Leonel de Andrade apresentou carta de ren\u00fancia para se dedicar a assuntos pessoais.<\/p>\n","protected":false},"author":36,"featured_media":229661,"comment_status":"closed","ping_status":"open","sticky":false,"template":"","format":"standard","meta":{"_acf_changed":false,"inline_featured_image":false,"footnotes":""},"categories":[6],"tags":[170],"autor-wsj":[],"coauthors":[2269],"class_list":["post-484373","post","type-post","status-publish","format-standard","has-post-thumbnail","hentry","category-negocios","tag-cvc"],"acf":[],"amp_enabled":true,"_links":{"self":[{"href":"https:\/\/investnews.com.br\/inv-api\/wp\/v2\/posts\/484373","targetHints":{"allow":["GET"]}}],"collection":[{"href":"https:\/\/investnews.com.br\/inv-api\/wp\/v2\/posts"}],"about":[{"href":"https:\/\/investnews.com.br\/inv-api\/wp\/v2\/types\/post"}],"author":[{"embeddable":true,"href":"https:\/\/investnews.com.br\/inv-api\/wp\/v2\/users\/36"}],"replies":[{"embeddable":true,"href":"https:\/\/investnews.com.br\/inv-api\/wp\/v2\/comments?post=484373"}],"version-history":[{"count":116,"href":"https:\/\/investnews.com.br\/inv-api\/wp\/v2\/posts\/484373\/revisions"}],"predecessor-version":[{"id":484785,"href":"https:\/\/investnews.com.br\/inv-api\/wp\/v2\/posts\/484373\/revisions\/484785"}],"wp:featuredmedia":[{"embeddable":true,"href":"https:\/\/investnews.com.br\/inv-api\/wp\/v2\/media\/229661"}],"wp:attachment":[{"href":"https:\/\/investnews.com.br\/inv-api\/wp\/v2\/media?parent=484373"}],"wp:term":[{"taxonomy":"category","embeddable":true,"href":"https:\/\/investnews.com.br\/inv-api\/wp\/v2\/categories?post=484373"},{"taxonomy":"post_tag","embeddable":true,"href":"https:\/\/investnews.com.br\/inv-api\/wp\/v2\/tags?post=484373"},{"taxonomy":"autor-wsj","embeddable":true,"href":"https:\/\/investnews.com.br\/inv-api\/wp\/v2\/autor-wsj?post=484373"},{"taxonomy":"author","embeddable":true,"href":"https:\/\/investnews.com.br\/inv-api\/wp\/v2\/coauthors?post=484373"}],"curies":[{"name":"wp","href":"https:\/\/api.w.org\/{rel}","templated":true}]}}