{"id":486681,"date":"2023-05-31T06:15:00","date_gmt":"2023-05-31T09:15:00","guid":{"rendered":"https:\/\/investnews.com.br\/?p=486681"},"modified":"2025-08-27T14:44:59","modified_gmt":"2025-08-27T17:44:59","slug":"reestruturacao-da-renner-aponta-para-nova-rota-da-varejista","status":"publish","type":"post","link":"https:\/\/investnews.com.br\/financas\/reestruturacao-da-renner-aponta-para-nova-rota-da-varejista\/","title":{"rendered":"Reestrutura\u00e7\u00e3o da Renner aponta para nova rota da varejista"},"content":{"rendered":"\n<figure class=\"wp-block-embed is-type-video is-provider-youtube wp-block-embed-youtube wp-embed-aspect-16-9 wp-has-aspect-ratio\"><div class=\"wp-block-embed__wrapper\">\n<iframe loading=\"lazy\" title=\"Reestrutura\u00e7\u00e3o da Renner aponta para nova rota da varejista\" width=\"500\" height=\"281\" src=\"https:\/\/www.youtube.com\/embed\/-1eDZGNeL5M?feature=oembed\" frameborder=\"0\" allow=\"accelerometer; autoplay; clipboard-write; encrypted-media; gyroscope; picture-in-picture; web-share\" referrerpolicy=\"strict-origin-when-cross-origin\" allowfullscreen><\/iframe>\n<\/div><\/figure>\n\n\n\n<p>O setor de varejo de moda no Brasil vem passando por momentos desafiadores n\u00e3o \u00e9 de hoje. Al\u00e9m de ainda sofrer com o aumento da inadimpl\u00eancia, alta taxa de juros, infla\u00e7\u00e3o,  rescaldo da pandemia, o setor ainda v\u00ea aumentar a concorr\u00eancia com empresas estrangeiras, como a Shein.<\/p>\n\n\n\n<p>E diante deste cen\u00e1rio, a<strong> Renner<\/strong> (<a href=\"https:\/\/investnews.com.br\/cotacao\/lren3-lojas-renner\/\">LREN3<\/a>) vem fazendo uma reestrutura\u00e7\u00e3o em seu modelo de neg\u00f3cio. <\/p>\n\n\n\n<p>Neste <em>Cafe\u00edna,<\/em> Samy Dana e Dony De Nuccio mostram as an\u00e1lises da varejista, as recomenda\u00e7\u00f5es para LREN3 e o que o investidor precisa ter no radar diante do cen\u00e1rio desafiador do setor.<\/p>\n\n\n\n<p>Veja abaixo resposta da lojas Renner ao programa <em>Cafe\u00edna<\/em>:<\/p>\n\n\n\n<p><em>&#8220;A Lojas Renner S.A. terminou o ano de 2022 com um faturamento l\u00edquido de R$ 12 bilh\u00f5es, alcan\u00e7ando no per\u00edodo o seu maior lucro hist\u00f3rico, acima de R$ 1,3 bilh\u00e3o. Al\u00e9m disso, investiu mais de R$ 1 bilh\u00e3o em melhorias, moderniza\u00e7\u00e3o e lojas novas, refor\u00e7ando a sua estrat\u00e9gia de crescimento cont\u00ednuo, contribuindo para a gera\u00e7\u00e3o de empregos e renda.<\/em><\/p>\n\n\n\n<p><em>A companhia entende que as aberturas e os fechamentos s\u00e3o movimentos naturais do varejo e segue fazendo uma an\u00e1lise do desempenho das suas opera\u00e7\u00f5es, como sempre fez, agora levando em conta o fluxo de clientes p\u00f3s-pandemia, o que ocasionou uma revis\u00e3o maior e mais concentrada no in\u00edcio de 2023. Daqui para frente, pode haver fechamentos pontuais, dentro da normalidade. Da mesma forma, nos pr\u00f3ximos meses retomaremos o volume de inaugura\u00e7\u00f5es de lojas. O plano de expans\u00e3o para este ano prev\u00ea abrir entre 35 e 40 unidades, levando em conta todas as marcas da companhia.<\/em><\/p>\n\n\n\n<p><em>Al\u00e9m disso, recentemente a Lojas Renner S.A. reportou os resultados do primeiro trimestre de 2023, que alcan\u00e7aram uma robusta posi\u00e7\u00e3o de caixa de aproximadamente R$ 2,8 bilh\u00f5es. O valor \u00e9 superior ao montante da d\u00edvida da varejista, o que refor\u00e7a sua s\u00f3lida situa\u00e7\u00e3o financeira.\u201d<\/em><\/p>\n\n\n\n<p><\/p>\n","protected":false},"excerpt":{"rendered":"<p>Samy Dana e Dony De Nuccio mostram as an\u00e1lises da varejista, as recomenda\u00e7\u00f5es e o que o investidor de LREN3 precisa ter no radar. <\/p>\n","protected":false},"author":7,"featured_media":486793,"comment_status":"closed","ping_status":"open","sticky":false,"template":"","format":"video","meta":{"_acf_changed":false,"inline_featured_image":false,"footnotes":""},"categories":[4],"tags":[189],"autor-wsj":[],"coauthors":[1494],"class_list":["post-486681","post","type-post","status-publish","format-video","has-post-thumbnail","hentry","category-financas","tag-lojas-renner","post_format-post-format-video"],"acf":[],"amp_enabled":true,"_links":{"self":[{"href":"https:\/\/investnews.com.br\/inv-api\/wp\/v2\/posts\/486681","targetHints":{"allow":["GET"]}}],"collection":[{"href":"https:\/\/investnews.com.br\/inv-api\/wp\/v2\/posts"}],"about":[{"href":"https:\/\/investnews.com.br\/inv-api\/wp\/v2\/types\/post"}],"author":[{"embeddable":true,"href":"https:\/\/investnews.com.br\/inv-api\/wp\/v2\/users\/7"}],"replies":[{"embeddable":true,"href":"https:\/\/investnews.com.br\/inv-api\/wp\/v2\/comments?post=486681"}],"version-history":[{"count":12,"href":"https:\/\/investnews.com.br\/inv-api\/wp\/v2\/posts\/486681\/revisions"}],"predecessor-version":[{"id":710365,"href":"https:\/\/investnews.com.br\/inv-api\/wp\/v2\/posts\/486681\/revisions\/710365"}],"wp:featuredmedia":[{"embeddable":true,"href":"https:\/\/investnews.com.br\/inv-api\/wp\/v2\/media\/486793"}],"wp:attachment":[{"href":"https:\/\/investnews.com.br\/inv-api\/wp\/v2\/media?parent=486681"}],"wp:term":[{"taxonomy":"category","embeddable":true,"href":"https:\/\/investnews.com.br\/inv-api\/wp\/v2\/categories?post=486681"},{"taxonomy":"post_tag","embeddable":true,"href":"https:\/\/investnews.com.br\/inv-api\/wp\/v2\/tags?post=486681"},{"taxonomy":"autor-wsj","embeddable":true,"href":"https:\/\/investnews.com.br\/inv-api\/wp\/v2\/autor-wsj?post=486681"},{"taxonomy":"author","embeddable":true,"href":"https:\/\/investnews.com.br\/inv-api\/wp\/v2\/coauthors?post=486681"}],"curies":[{"name":"wp","href":"https:\/\/api.w.org\/{rel}","templated":true}]}}