{"id":48677,"date":"2021-01-13T16:06:02","date_gmt":"2021-01-13T19:06:02","guid":{"rendered":"https:\/\/investnews.com.br\/?p=48677"},"modified":"2021-01-13T16:06:30","modified_gmt":"2021-01-13T19:06:30","slug":"moodys-atraso-do-brasil-com-vacina-acrescenta-risco-a-recuperacao-economica","status":"publish","type":"post","link":"https:\/\/investnews.com.br\/economia\/moodys-atraso-do-brasil-com-vacina-acrescenta-risco-a-recuperacao-economica\/","title":{"rendered":"Moody&#8217;s: atraso do Brasil  com vacina acrescenta risco \u00e0 recupera\u00e7\u00e3o econ\u00f4mica"},"content":{"rendered":"\n<p>Os atrasos cont\u00ednuos do Brasil na distribui\u00e7\u00e3o de uma vacina contra o coronav\u00edrus ir\u00e3o <strong>aumentar os riscos negativos para a recupera\u00e7\u00e3o econ\u00f4mica projetada para este ano<\/strong>, afirmou nesta quarta-feira a principal analista para o Brasil da ag\u00eancia de classifica\u00e7\u00e3o de risco Moody&#8217;s.<\/p>\n\n\n\n<p><strong>Leia tamb\u00e9m:<\/strong><\/p>\n\n\n\n<ul class=\"wp-block-list\"><li><a href=\"https:\/\/investnews.com.br\/geral\/butantan-pede-uso-emergencial-da-coronavac-a-anvisa\/\" class=\"rank-math-link\">Butantan pede uso emergencial da CoronaVac \u00e0 Anvisa<\/a><\/li><\/ul>\n\n\n\n<p>O governo brasileiro est\u00e1 sob press\u00e3o em meio ao ritmo lento do lan\u00e7amento de vacinas no pa\u00eds. <strong>A imuniza\u00e7\u00e3o ainda n\u00e3o foi iniciada no maior pa\u00eds da Am\u00e9rica Latina, e a ag\u00eancia reguladora de sa\u00fade Anvisa ainda n\u00e3o aprovou nenhuma vacina para uso<\/strong>.<\/p>\n\n\n\n<p>Em uma entrevista \u00e0 imprensa virtual abordando as perspectivas econ\u00f4micas do Brasil, Samar Maziad disse que a vacina\u00e7\u00e3o em todo o pa\u00eds limitar\u00e1 o escopo de medidas adicionais de distanciamento social e fechamento de neg\u00f3cios, apoiando assim a economia.<\/p>\n\n\n\n<p>&#8220;\u00c0 medida que vemos atrasos, isso aumentar\u00e1 o risco negativo para a recupera\u00e7\u00e3o&#8221;, disse Maziad.<\/p>\n\n\n\n<p>A Moody&#8217;s espera que a economia do Brasil cres\u00e7a 3,3% este ano, ap\u00f3s uma contra\u00e7\u00e3o esperada de 5,7% em 2020, com a maior parte da recupera\u00e7\u00e3o atribu\u00edda \u00e0 base fraca de compara\u00e7\u00e3o e n\u00e3o a um processo autossustent\u00e1vel de retomada.<\/p>\n\n\n\n<p>Maziad disse ainda que o <strong>fim do aux\u00edlio emergencial<\/strong> pago a milh\u00f5es de fam\u00edlias no ano passado, no valor de quase R$ 300 bilh\u00f5es, um dos programas de transfer\u00eancia de renda mais generosos do mundo como propor\u00e7\u00e3o do tamanho economia, <strong>pode desacelerar a recupera\u00e7\u00e3o e talvez fomentar a agita\u00e7\u00e3o social.<\/strong><\/p>\n\n\n\n<p>\u201cA retirada da ajuda representa algum risco para a agita\u00e7\u00e3o social &#8230; e, com o alto desemprego, h\u00e1 alguns riscos (para a economia). Mas n\u00e3o um risco elevado\u201d, disse ela. &#8220;Os (principais) riscos continuam do lado fiscal.&#8221;<\/p>\n\n\n\n<p>Maziad disse que o abandono do teto de gastos do governo, principal \u00e2ncora fiscal do pa\u00eds, teria implica\u00e7\u00f5es negativas para o perfil de cr\u00e9dito soberano do Brasil.<\/p>\n\n\n\n<p>Os gastos para combater a crise no ano passado abriram um buraco recorde nas finan\u00e7as p\u00fablicas, amea\u00e7ando a regra que limita o crescimento dos gastos \u00e0 taxa de infla\u00e7\u00e3o. Muitos analistas dizem que uma viola\u00e7\u00e3o em algum momento do futuro pr\u00f3ximo \u00e9 \u200b\u200baltamente prov\u00e1vel.<\/p>\n\n\n\n<p>A Moody&#8217;s tem um <a href=\"https:\/\/investnews.com.br\/guias\/rating-entenda-a-escala-de-classificacao-de-risco-de-credito\/\">rating<\/a> de Ba2 para o cr\u00e9dito soberano do Brasil, abaixo do chamado grau de investimento, com perspectiva est\u00e1vel.<\/p>\n","protected":false},"excerpt":{"rendered":"<p>A ag\u00eancia de classifica\u00e7\u00e3o de risco espera que a economia do Brasil cres\u00e7a 3,3% este ano, ap\u00f3s uma contra\u00e7\u00e3o esperada de 5,7% em 2020.<\/p>\n","protected":false},"author":7,"featured_media":48693,"comment_status":"closed","ping_status":"open","sticky":false,"template":"","format":"standard","meta":{"_acf_changed":false,"inline_featured_image":false,"footnotes":""},"categories":[5],"tags":[404,1719],"autor-wsj":[],"coauthors":[1494],"class_list":["post-48677","post","type-post","status-publish","format-standard","has-post-thumbnail","hentry","category-economia","tag-coronavirus","tag-teto-de-gastos"],"acf":[],"amp_enabled":true,"_links":{"self":[{"href":"https:\/\/investnews.com.br\/inv-api\/wp\/v2\/posts\/48677","targetHints":{"allow":["GET"]}}],"collection":[{"href":"https:\/\/investnews.com.br\/inv-api\/wp\/v2\/posts"}],"about":[{"href":"https:\/\/investnews.com.br\/inv-api\/wp\/v2\/types\/post"}],"author":[{"embeddable":true,"href":"https:\/\/investnews.com.br\/inv-api\/wp\/v2\/users\/7"}],"replies":[{"embeddable":true,"href":"https:\/\/investnews.com.br\/inv-api\/wp\/v2\/comments?post=48677"}],"version-history":[{"count":6,"href":"https:\/\/investnews.com.br\/inv-api\/wp\/v2\/posts\/48677\/revisions"}],"predecessor-version":[{"id":48769,"href":"https:\/\/investnews.com.br\/inv-api\/wp\/v2\/posts\/48677\/revisions\/48769"}],"wp:featuredmedia":[{"embeddable":true,"href":"https:\/\/investnews.com.br\/inv-api\/wp\/v2\/media\/48693"}],"wp:attachment":[{"href":"https:\/\/investnews.com.br\/inv-api\/wp\/v2\/media?parent=48677"}],"wp:term":[{"taxonomy":"category","embeddable":true,"href":"https:\/\/investnews.com.br\/inv-api\/wp\/v2\/categories?post=48677"},{"taxonomy":"post_tag","embeddable":true,"href":"https:\/\/investnews.com.br\/inv-api\/wp\/v2\/tags?post=48677"},{"taxonomy":"autor-wsj","embeddable":true,"href":"https:\/\/investnews.com.br\/inv-api\/wp\/v2\/autor-wsj?post=48677"},{"taxonomy":"author","embeddable":true,"href":"https:\/\/investnews.com.br\/inv-api\/wp\/v2\/coauthors?post=48677"}],"curies":[{"name":"wp","href":"https:\/\/api.w.org\/{rel}","templated":true}]}}