{"id":487187,"date":"2023-06-01T12:16:57","date_gmt":"2023-06-01T15:16:57","guid":{"rendered":"https:\/\/investnews.com.br\/?p=487187"},"modified":"2024-01-18T10:37:42","modified_gmt":"2024-01-18T13:37:42","slug":"apesar-de-alta-no-1o-tri-consumo-das-familias-desacelera-e-gera-duvidas","status":"publish","type":"post","link":"https:\/\/investnews.com.br\/economia\/apesar-de-alta-no-1o-tri-consumo-das-familias-desacelera-e-gera-duvidas\/","title":{"rendered":"Apesar de alta no 1\u00ba tri, consumo das fam\u00edlias desacelera e gera d\u00favidas"},"content":{"rendered":"\n<p>O crescimento do consumo das fam\u00edlias desacelerou pelo quarto trimestre consecutivo, segundo <a href=\"https:\/\/investnews.com.br\/economia\/pib-do-brasil-cresce-19-no-1o-trimestre-com-avanco-da-agropecuaria\/\">dados divulgados nesta quinta-feira (1\u00ba)<\/a> pelo Instituto Brasileiro de Geografia e Estat\u00edstica (IBGE). Nos primeiros tr\u00eas meses de 2023, a alta foi de 3,2% sobre 2022, contra avan\u00e7o de 4,3% no per\u00edodo anterior. Na compara\u00e7\u00e3o com o 4\u00ba trimestre de 2022, a alta foi de apenas 0,2%.<\/p>\n\n\n\n<div class=\"flourish-embed flourish-chart\" data-src=\"visualisation\/13983447?1266799\"><script src=\"https:\/\/public.flourish.studio\/resources\/embed.js\"><\/script><\/div>\n\n\n\n<p>A perda de \u00edmpeto se reflete tamb\u00e9m nos dados do <strong>com\u00e9rcio<\/strong>, que faz parte do <strong>setor de servi\u00e7os<\/strong>. A alta foi de 1,6% no primeiro trimestre de 2023 contra o mesmo per\u00edodo de 2022, ap\u00f3s ter subido 2,1% nos meses anteriores.<\/p>\n\n\n\n<div class=\"flourish-embed flourish-chart\" data-src=\"visualisation\/13984023?1266799\"><script src=\"https:\/\/public.flourish.studio\/resources\/embed.js\"><\/script><\/div>\n\n\n\n<p>Para especialistas, a alta no primeiro trimestre ocorreu em vista da baixa da taxa de desemprego e da infla\u00e7\u00e3o, com impulso tamb\u00e9m dos programas de transfer\u00eancia de renda do governo, como Bolsa Fam\u00edlia. No entanto, n\u00e3o se sabe at\u00e9 quando haver\u00e1 f\u00f4lego para manter o crescimento.&nbsp;As proje\u00e7\u00f5es s\u00e3o de que a desacelera\u00e7\u00e3o do consumo continue nos pr\u00f3ximos meses, com a<a href=\"https:\/\/investnews.com.br\/economia\/copom-mantem-selic-em-1375-conforme-esperava-mercado\/\"> Selic, taxa b\u00e1sica de juros, mantida em 13,75% ao ano<\/a>. <\/p>\n\n\n\n<p>Idean Alves, s\u00f3cio e chefe da mesa de opera\u00e7\u00f5es da A\u00e7\u00e3o Brasil Investimentos, comenta que <strong><a href=\"https:\/\/investnews.com.br\/economia\/desemprego-fica-em-85-no-tri-ate-abril-menor-taxa-no-periodo-desde-2015\/\">a taxa de desemprego continua baixa<\/a> se comparada aos par\u00e2metros hist\u00f3ricos<\/strong>. &#8220;Os itens de com\u00e9rcio e servi\u00e7os, de um modo geral, t\u00eam um <a href=\"https:\/\/investnews.com.br\/guias\/ticket-medio\/\">ticket m\u00e9dio<\/a> mais acess\u00edvel, sendo muitas das vezes a vaz\u00e3o do desejo de consumo represado das fam\u00edlias&#8221;, avalia.<\/p>\n\n\n\n<ul class=\"wp-block-list\">\n<li><strong><em>Confira a <\/em><\/strong><a href=\"https:\/\/investnews.com.br\/cotacao\/amer3-americanas\/\" target=\"_blank\" rel=\"noreferrer noopener\">cota\u00e7\u00e3o AMER3<\/a><strong><em> em tempo real<\/em><\/strong><\/li>\n<\/ul>\n\n\n\n<p>Luciano Costa, economista-chefe e s\u00f3cio da Monte Bravo Investimentos, tamb\u00e9m destaca a <strong>resili\u00eancia do mercado de trabalho<\/strong>, com saldo positivo de gera\u00e7\u00e3o de vagas nos \u00faltimos meses, e aponta tamb\u00e9m os efeitos da <strong><a href=\"https:\/\/investnews.com.br\/economia\/ipca-de-abril-fica-em-061-inflacao-e-puxada-por-alta-nos-medicamentos\/\">queda da infla\u00e7\u00e3o<\/a><\/strong> e do aumento de<strong> transfer\u00eancias por parte do governo \u00e0 popula\u00e7\u00e3o<\/strong>. &#8220;Tivemos um aumento no n\u00famero de fam\u00edlias no Bolsa Fam\u00edlia. Tem novos programas de pagamentos para as fam\u00edlias. Tem mais transfer\u00eancias do governo&#8221;, diz.<\/p>\n\n\n\n<blockquote class=\"wp-block-quote is-layout-flow wp-block-quote-is-layout-flow\">\n<p><em>Lembrando tamb\u00e9m que o governo est\u00e1 neste ano gastando mais relativamente do que estava gastando no passado por causa da PEC da Transi\u00e7\u00e3o, ent\u00e3o isso tudo ajuda a economia ficar mais aquecida do que est\u00e1vamos esperando na virada do ano.&#8221;<\/em><\/p>\n<cite><em>Luciano Costa, economista-chefe e s\u00f3cio da Monte Bravo Investimentos.<\/em><\/cite><\/blockquote>\n\n\n\n<p><\/p>\n\n\n\n<p>Por outro lado, os especialistas apontam que a Selic elevada \u00e9 um sinal de alerta. &#8220;A grande quest\u00e3o \u00e9 se teremos f\u00f4lego para manter esse ritmo at\u00e9 o fim do ano com uma Selic no patamar atual \u2013 o que pressiona empresas, consumidores e cr\u00e9dito&#8221;, diz Alves. <\/p>\n\n\n\n<p>Na mesma linha, Costa comenta que, com a <strong>concess\u00e3o de cr\u00e9dito desacelerando<\/strong>, o ritmo de crescimento do consumo deve continuar diminuindo, se refletindo na economia como um todo. <\/p>\n\n\n\n<h2 class=\"wp-block-heading\">Perspectiva de queda da Selic<\/h2>\n\n\n\n<p>Diante de <a href=\"https:\/\/investnews.com.br\/economia\/previa-da-inflacao-fica-abaixo-do-esperado-pelo-mercado-em-maio\/\">dados de infla\u00e7\u00e3o melhores que o esperado<\/a> nas \u00faltimas leituras, o <a href=\"https:\/\/investnews.com.br\/guias\/como-funciona-o-mercado-financeiro\/\">mercado financeiro<\/a> j\u00e1 precifica <strong>cortes da Selic a partir do segundo semestre<\/strong>, em um ciclo que deve se estender ao longo de 2024, segundo as previs\u00f5es. <\/p>\n\n\n\n<p>Para os especialistas, esse cen\u00e1rio deve se refletir em uma acelera\u00e7\u00e3o dos resultados do com\u00e9rcio e consumo das fam\u00edlias. &#8220;<strong>A perspectiva para 2024 \u00e9 que o consumo volte a ganhar velocidade<\/strong> conforme os cortes de juros v\u00e3o acontecendo&#8221;, diz Costa.<\/p>\n\n\n\n<p>Na mesma linha, Andr\u00e9 Meirelles, diretor de Aloca\u00e7\u00e3o e Distribui\u00e7\u00e3o da InvestSmart, diz que se o in\u00edcio da queda da Selic se efetivar em algum momento de 2023, ser\u00e1 poss\u00edvel ver uma <strong>recupera\u00e7\u00e3o dos setores em 2024<\/strong>.<\/p>\n\n\n\n<p>J\u00e1 Felipe Pontes, s\u00f3cio-fundador da L4 Capital, acredita que j\u00e1 nos pr\u00f3ximos meses ser\u00e1 poss\u00edvel come\u00e7ar a ver melhora nos setores de varejo e servi\u00e7os, devido ao <a href=\"https:\/\/investnews.com.br\/economia\/com-retracao-de-184-em-maio-igp-m-tem-deflacao-pela-3a-vez-no-ano\/\">maior arrefecimento da infla\u00e7\u00e3o<\/a>.<\/p>\n\n\n\n<blockquote class=\"wp-block-quote is-layout-flow wp-block-quote-is-layout-flow\">\n<p><em>&#8220;Ainda que a taxa de juros n\u00e3o caia muito forte este ano, o arrefecimento da infla\u00e7\u00e3o poder\u00e1 se converter em estabiliza\u00e7\u00e3o\/redu\u00e7\u00e3o de pre\u00e7os, o que poder\u00e1 incentivar o consumo das fam\u00edlias.&#8221;<\/em><\/p>\n<cite><em>Felipe Pontes, s\u00f3cio-fundador da L4 Capital.<\/em><\/cite><\/blockquote>\n","protected":false},"excerpt":{"rendered":"<p>Especialistas apontam que perda de for\u00e7a deve continuar devido \u00e0 eleva\u00e7\u00e3o da taxa de juros.<\/p>\n","protected":false},"author":51,"featured_media":354138,"comment_status":"closed","ping_status":"open","sticky":false,"template":"","format":"standard","meta":{"_acf_changed":false,"inline_featured_image":false,"footnotes":""},"categories":[5],"tags":[499,53,376],"autor-wsj":[],"coauthors":[2425,1908],"class_list":["post-487187","post","type-post","status-publish","format-standard","has-post-thumbnail","hentry","category-economia","tag-economia","tag-pib","tag-varejo"],"acf":[],"amp_enabled":true,"_links":{"self":[{"href":"https:\/\/investnews.com.br\/inv-api\/wp\/v2\/posts\/487187","targetHints":{"allow":["GET"]}}],"collection":[{"href":"https:\/\/investnews.com.br\/inv-api\/wp\/v2\/posts"}],"about":[{"href":"https:\/\/investnews.com.br\/inv-api\/wp\/v2\/types\/post"}],"author":[{"embeddable":true,"href":"https:\/\/investnews.com.br\/inv-api\/wp\/v2\/users\/51"}],"replies":[{"embeddable":true,"href":"https:\/\/investnews.com.br\/inv-api\/wp\/v2\/comments?post=487187"}],"version-history":[{"count":29,"href":"https:\/\/investnews.com.br\/inv-api\/wp\/v2\/posts\/487187\/revisions"}],"predecessor-version":[{"id":546511,"href":"https:\/\/investnews.com.br\/inv-api\/wp\/v2\/posts\/487187\/revisions\/546511"}],"wp:featuredmedia":[{"embeddable":true,"href":"https:\/\/investnews.com.br\/inv-api\/wp\/v2\/media\/354138"}],"wp:attachment":[{"href":"https:\/\/investnews.com.br\/inv-api\/wp\/v2\/media?parent=487187"}],"wp:term":[{"taxonomy":"category","embeddable":true,"href":"https:\/\/investnews.com.br\/inv-api\/wp\/v2\/categories?post=487187"},{"taxonomy":"post_tag","embeddable":true,"href":"https:\/\/investnews.com.br\/inv-api\/wp\/v2\/tags?post=487187"},{"taxonomy":"autor-wsj","embeddable":true,"href":"https:\/\/investnews.com.br\/inv-api\/wp\/v2\/autor-wsj?post=487187"},{"taxonomy":"author","embeddable":true,"href":"https:\/\/investnews.com.br\/inv-api\/wp\/v2\/coauthors?post=487187"}],"curies":[{"name":"wp","href":"https:\/\/api.w.org\/{rel}","templated":true}]}}