{"id":487360,"date":"2023-06-01T09:04:36","date_gmt":"2023-06-01T12:04:36","guid":{"rendered":"https:\/\/investnews.com.br\/?p=487360"},"modified":"2025-08-08T16:37:34","modified_gmt":"2025-08-08T19:37:34","slug":"pib-do-brasil-cresce-19-no-1o-trimestre-com-avanco-da-agropecuaria","status":"publish","type":"post","link":"https:\/\/investnews.com.br\/economia\/pib-do-brasil-cresce-19-no-1o-trimestre-com-avanco-da-agropecuaria\/","title":{"rendered":"PIB do Brasil cresce 1,9% no 1\u00ba trimestre, com avan\u00e7o da agropecu\u00e1ria"},"content":{"rendered":"<p>O <strong>Produto Interno Bruto<\/strong> (<a href=\"https:\/\/investnews.com.br\/investnews-explica\/pib-o-que-e-para-que-serve-como-funciona-e-como-e-calculado\/\">PIB<\/a>) do Brasil <strong>avan\u00e7ou 1,9%<\/strong> no primeiro trimestre de 2023 na compara\u00e7\u00e3o com os tr\u00eas meses anteriores, de acordo com informa\u00e7\u00f5es divulgadas nesta quinta-feira (1\u00ba) pelo Instituto Brasileiro de Geografia Estat\u00edstica (IBGE). O PIB, que \u00e9 a soma dos bens e servi\u00e7os finais produzidos no Brasil, totalizou <strong>R$ 2,6 trilh\u00f5es<\/strong> no per\u00edodo.<\/p><p>O resultado veio acima das expectativas do mercado. A proje\u00e7\u00e3o da Reuters era de expans\u00e3o de 1,3%. <\/p><h2 class=\"wp-block-heading\">Resumo dos resultados do PIB: varia\u00e7\u00e3o trimestral<\/h2><figure class=\"wp-block-image size-full\"><img loading=\"lazy\" decoding=\"async\" width=\"895\" height=\"540\" src=\"https:\/\/media.investnews.com.br\/uploads\/2023\/06\/out_2410.png\" alt=\"Gr\u00e1fico de barras: PIB trimestral variou de -8,6% (2T20) a 7,9% (3T20). \u00daltimo: 1,9% (1T23).\" class=\"wp-image-487370\" srcset=\"https:\/\/media.investnews.com.br\/uploads\/2023\/06\/out_2410.png 895w, https:\/\/media.investnews.com.br\/uploads\/2023\/06\/out_2410-300x181.png 300w, https:\/\/media.investnews.com.br\/uploads\/2023\/06\/out_2410-768x463.png 768w, https:\/\/media.investnews.com.br\/uploads\/2023\/06\/out_2410-172x104.png 172w, https:\/\/media.investnews.com.br\/uploads\/2023\/06\/out_2410-150x91.png 150w\" sizes=\"auto, (max-width: 895px) 100vw, 895px\" \/><\/figure><figure class=\"wp-block-table is-style-stripes\"><table><tbody><tr><td>PIB<\/td><td>1,9%<\/td><\/tr><tr><td>Agro<\/td><td>21,6%<\/td><\/tr><tr><td>Ind\u00fastria<\/td><td>-0,1%<\/td><\/tr><tr><td>Servi\u00e7os<\/td><td>0,6%<\/td><\/tr><tr><td>FBCF (investimentos)<\/td><td>-3,4%<\/td><\/tr><tr><td>Consumo das fam\u00edlias<\/td><td>0,2%<\/td><\/tr><tr><td>Consumo do governo<\/td><td>0,3%<\/td><\/tr><\/tbody><\/table><figcaption class=\"wp-element-caption\">Fonte: IBGE<\/figcaption><\/figure><h2 class=\"wp-block-heading\">Resumo dos resultados do PIB: varia\u00e7\u00e3o anual<\/h2><p>Na compara\u00e7\u00e3o com o primeiro trimestre de 2022, o PIB cresceu 4%. <\/p><figure class=\"wp-block-image size-full\"><img loading=\"lazy\" decoding=\"async\" width=\"895\" height=\"540\" src=\"https:\/\/media.investnews.com.br\/uploads\/2023\/06\/out_2411.png\" alt=\"Gr\u00e1fico de barras da varia\u00e7\u00e3o percentual do PIB do Brasil, com queda acentuada em 2020 e forte recupera\u00e7\u00e3o.\" class=\"wp-image-487403\" srcset=\"https:\/\/media.investnews.com.br\/uploads\/2023\/06\/out_2411.png 895w, https:\/\/media.investnews.com.br\/uploads\/2023\/06\/out_2411-300x181.png 300w, https:\/\/media.investnews.com.br\/uploads\/2023\/06\/out_2411-768x463.png 768w, https:\/\/media.investnews.com.br\/uploads\/2023\/06\/out_2411-172x104.png 172w, https:\/\/media.investnews.com.br\/uploads\/2023\/06\/out_2411-150x91.png 150w\" sizes=\"auto, (max-width: 895px) 100vw, 895px\" \/><\/figure><figure class=\"wp-block-table is-style-stripes\"><table><tbody><tr><td>PIB<\/td><td>4,0%<\/td><\/tr><tr><td>Agro<\/td><td>18,8%<\/td><\/tr><tr><td>Ind\u00fastria<\/td><td>1,9%<\/td><\/tr><tr><td>Servi\u00e7os<\/td><td>2,9%<\/td><\/tr><tr><td>FBCF (investimentos)<\/td><td>0,8%<\/td><\/tr><tr><td>Consumo das fam\u00edlias<\/td><td>3,5%<\/td><\/tr><tr><td>Consumo do governo<\/td><td>1,2%<\/td><\/tr><\/tbody><\/table><figcaption class=\"wp-element-caption\">Fonte: IBGE<\/figcaption><\/figure><h2 class=\"wp-block-heading\">Resumo dos resultados do PIB: varia\u00e7\u00e3o em 12 meses<\/h2><p>No acumulado em 12 meses, o PIB registrou eleva\u00e7\u00e3o de 3,3%.<\/p><figure class=\"wp-block-table is-style-stripes\"><table><tbody><tr><td>PIB<\/td><td>3,3%<\/td><\/tr><tr><td>Agro<\/td><td>6,0%<\/td><\/tr><tr><td>Ind\u00fastria<\/td><td>2,4%<\/td><\/tr><tr><td>Servi\u00e7os<\/td><td>3,9%<\/td><\/tr><tr><td>FBCF (investimentos)<\/td><td>2,7%<\/td><\/tr><tr><td>Consumo das fam\u00edlias<\/td><td>4,5%<\/td><\/tr><tr><td>Consumo do governo<\/td><td>0,9%<\/td><\/tr><\/tbody><\/table><figcaption class=\"wp-element-caption\">Fonte: IBGE<\/figcaption><\/figure><h2 class=\"wp-block-heading\">Agropecu\u00e1ria forte<\/h2><p>O crescimento da economia brasileira foi puxado pela<strong> disparada de 21,6% na agropecu\u00e1ria<\/strong>, que tem peso de aproximadamente 8% da economia do pa\u00eds. Essa foi a maior alta do setor desde o quarto trimestre de 1996.<\/p><figure class=\"wp-block-image size-large\"><img loading=\"lazy\" decoding=\"async\" width=\"1024\" height=\"683\" src=\"https:\/\/media.investnews.com.br\/uploads\/2023\/06\/2023-06-01T121246Z_1_LYNXMPEJ501GV_RTROPTP_4_MACRO-PIB-TRIMESTRE-1024x683.jpg\" alt=\"Colheitadeira laranja em vasto campo, colhendo gr\u00e3os e levantando poeira. Rastros na terra. Floresta ao fundo.\" class=\"wp-image-487398\" srcset=\"https:\/\/media.investnews.com.br\/uploads\/2023\/06\/2023-06-01T121246Z_1_LYNXMPEJ501GV_RTROPTP_4_MACRO-PIB-TRIMESTRE-1024x683.jpg 1024w, https:\/\/media.investnews.com.br\/uploads\/2023\/06\/2023-06-01T121246Z_1_LYNXMPEJ501GV_RTROPTP_4_MACRO-PIB-TRIMESTRE-300x200.jpg 300w, https:\/\/media.investnews.com.br\/uploads\/2023\/06\/2023-06-01T121246Z_1_LYNXMPEJ501GV_RTROPTP_4_MACRO-PIB-TRIMESTRE-768x512.jpg 768w, https:\/\/media.investnews.com.br\/uploads\/2023\/06\/2023-06-01T121246Z_1_LYNXMPEJ501GV_RTROPTP_4_MACRO-PIB-TRIMESTRE-1536x1025.jpg 1536w, https:\/\/media.investnews.com.br\/uploads\/2023\/06\/2023-06-01T121246Z_1_LYNXMPEJ501GV_RTROPTP_4_MACRO-PIB-TRIMESTRE-1256x838.jpg 1256w, https:\/\/media.investnews.com.br\/uploads\/2023\/06\/2023-06-01T121246Z_1_LYNXMPEJ501GV_RTROPTP_4_MACRO-PIB-TRIMESTRE-172x115.jpg 172w, https:\/\/media.investnews.com.br\/uploads\/2023\/06\/2023-06-01T121246Z_1_LYNXMPEJ501GV_RTROPTP_4_MACRO-PIB-TRIMESTRE-150x100.jpg 150w, https:\/\/media.investnews.com.br\/uploads\/2023\/06\/2023-06-01T121246Z_1_LYNXMPEJ501GV_RTROPTP_4_MACRO-PIB-TRIMESTRE.jpg 2048w\" sizes=\"auto, (max-width: 1024px) 100vw, 1024px\" \/><figcaption class=\"wp-element-caption\">Colheita de soja em fazenda de Ponta Grossa, no Paran\u00e1\n25\/04\/2023\nREUTERS\/Rodolfo Buhrer<\/figcaption><\/figure><p>A coordenadora de Contas Nacionais do IBGE, Rebeca Palis, explicou que &#8220;problemas clim\u00e1ticos impactaram negativamente a agropecu\u00e1ria ano passado e esse ano estamos com previs\u00e3o de <strong>safra recorde de soja<\/strong>, que representa aproximadamente 70% da lavoura no trimestre, com crescimento de mais de 24% de produ\u00e7\u00e3o.&#8221; <\/p><blockquote class=\"wp-block-quote is-layout-flow wp-block-quote-is-layout-flow\">\n<p>&#8220;A safra da soja \u00e9 concentrada no primeiro semestre do ano. Ao compararmos o quarto trimestre de um ano ruim com um primeiro trimestre bom, observamos esse crescimento expressivo da agropecu\u00e1ria.\u201d\u00a0<\/p>\n<cite>coordenadora de Contas Nacionais do IBGE, Rebeca Palis<\/cite><\/blockquote><p>Guilherme Paulo, operador de renda vari\u00e1vel da Manchester Investimentos, disse que agroneg\u00f3cio brasileiro \u00e9 um\u00a0dos setores que tem sustentado essa alta do PIB de forma mais ampla desde os dados mais recentes, mesmo com alguma desacelera\u00e7\u00e3o nos \u00faltimos meses.<\/p><p>&#8220;Claro que muito disso tem rela\u00e7\u00e3o com a <strong>economia global<\/strong>,\u00a0com os <strong>pre\u00e7os das <a href=\"https:\/\/investnews.com.br\/guias\/commodities-o-que-sao\/\">commodities<\/a> <\/strong>subindo com muita for\u00e7a nos \u00faltimos anos&#8221;, afirma, acrescentando ainda que &#8220;uma desacelera\u00e7\u00e3o deve come\u00e7ar a refletir nos pr\u00f3ximos trimestres&#8221;. <\/p><figure class=\"wp-block-image size-full\"><img loading=\"lazy\" decoding=\"async\" width=\"895\" height=\"540\" src=\"https:\/\/media.investnews.com.br\/uploads\/2023\/06\/out_2412.png\" alt=\"Gr\u00e1fico de barras: varia\u00e7\u00e3o trimestral do PIB-Agro. Destaca alta de 21,6% no 1T\/23, ap\u00f3s quedas em 2022.\" class=\"wp-image-487372\" srcset=\"https:\/\/media.investnews.com.br\/uploads\/2023\/06\/out_2412.png 895w, https:\/\/media.investnews.com.br\/uploads\/2023\/06\/out_2412-300x181.png 300w, https:\/\/media.investnews.com.br\/uploads\/2023\/06\/out_2412-768x463.png 768w, https:\/\/media.investnews.com.br\/uploads\/2023\/06\/out_2412-172x104.png 172w, https:\/\/media.investnews.com.br\/uploads\/2023\/06\/out_2412-150x91.png 150w\" sizes=\"auto, (max-width: 895px) 100vw, 895px\" \/><\/figure><p>A agropecu\u00e1ria cresceu 18,8% em rela\u00e7\u00e3o a igual per\u00edodo do ano anterior. De acordo com o IBGE, esse resultado pode ser explicado, principalmente, pelo bom desempenho de produtos da lavoura que t\u00eam safra relevante no primeiro trimestre e pela produtividade. <\/p><p>A soja, principal cultivo, apresentou ganho de produtividade e crescimento expressivo na produ\u00e7\u00e3o anual, estimada em 24,7%. Com exce\u00e7\u00e3o do arroz (-7,5%), outras culturas com safra relevante nesse trimestre tamb\u00e9m apontaram crescimento na produ\u00e7\u00e3o anual e ganho de produtividade, como milho (8,8%), fumo (3,0%) e mandioca (2,1%).\u00a0<\/p><p>Ricardo Jorge, especialista em renda fixa e s\u00f3cio da Quantzed, ressaltou que o PIB do primeiro trimestre surpreendeu para cima com um n\u00famero muito positivo, e isso, provavelmente, vai fazer com que os agentes do <a href=\"https:\/\/investnews.com.br\/guias\/como-funciona-o-mercado-financeiro\/\">mercado financeiro<\/a> fa\u00e7am revis\u00f5es para cima para os pr\u00f3ximos trimestres. Na bolsa de valores, ele afirma que &#8220;as empresas cujas atua\u00e7\u00f5es est\u00e3o mais vinculadas ao setor de agroneg\u00f3cio, provavelmente v\u00e3o se destacar&#8221;.<\/p><div class=\"flourish-embed flourish-chart\" data-src=\"visualisation\/13982973?1266799\"><script src=\"https:\/\/public.flourish.studio\/resources\/embed.js\"><\/script><\/div><h2 class=\"wp-block-heading\">Servi\u00e7os e ind\u00fastria<\/h2><p>O <strong>setor de servi\u00e7os<\/strong>, que tem o maior peso no indicador, <strong>cresceu 0,6% no primeiro trimestre <\/strong>deste ano. O resultado foi puxado, principalmente, pelas altas nos setores de transportes e atividades financeiras, com crescimento de 1,2% cada.\u00a0J\u00e1\u00a0o segmento de Informa\u00e7\u00e3o e comunica\u00e7\u00e3o apresentou a maior queda do primeiro trimestre para os servi\u00e7os, de 1,4%.<\/p><p>O setor de servi\u00e7os cresceu 2,9% na compara\u00e7\u00e3o com o mesmo per\u00edodo do ano anterior. Todas as suas atividades apresentaram alta: Informa\u00e7\u00e3o e comunica\u00e7\u00e3o (6,8%), Transporte, armazenagem e correio (5,1%), Atividades financeiras, de seguros e servi\u00e7os relacionados (4,6%), Outras atividades de servi\u00e7os (4,3%), Atividades Imobili\u00e1rias (2,8%), Com\u00e9rcio (1,6%) e Administra\u00e7\u00e3o, defesa, sa\u00fade e educa\u00e7\u00e3o p\u00fablicas e seguridade social (0,4%).\u00a0<\/p><figure class=\"wp-block-image size-full\"><img loading=\"lazy\" decoding=\"async\" width=\"2048\" height=\"1366\" src=\"https:\/\/media.investnews.com.br\/uploads\/2023\/01\/2023-01-27T113509Z_1_LYNXMPEJ0Q0DF_RTROPTP_4_MACRO-PMI-INDUSTRIA.jpg\" alt=\"Oper\u00e1rios em f\u00e1brica engarrafando e embalando \u00e1gua em garrafas pl\u00e1sticas. M\u00e1quinas e esteiras ao fundo.\" class=\"wp-image-426670\" srcset=\"https:\/\/media.investnews.com.br\/uploads\/2023\/01\/2023-01-27T113509Z_1_LYNXMPEJ0Q0DF_RTROPTP_4_MACRO-PMI-INDUSTRIA.jpg 2048w, https:\/\/media.investnews.com.br\/uploads\/2023\/01\/2023-01-27T113509Z_1_LYNXMPEJ0Q0DF_RTROPTP_4_MACRO-PMI-INDUSTRIA-300x200.jpg 300w, https:\/\/media.investnews.com.br\/uploads\/2023\/01\/2023-01-27T113509Z_1_LYNXMPEJ0Q0DF_RTROPTP_4_MACRO-PMI-INDUSTRIA-1024x683.jpg 1024w, https:\/\/media.investnews.com.br\/uploads\/2023\/01\/2023-01-27T113509Z_1_LYNXMPEJ0Q0DF_RTROPTP_4_MACRO-PMI-INDUSTRIA-768x512.jpg 768w, https:\/\/media.investnews.com.br\/uploads\/2023\/01\/2023-01-27T113509Z_1_LYNXMPEJ0Q0DF_RTROPTP_4_MACRO-PMI-INDUSTRIA-1536x1025.jpg 1536w, https:\/\/media.investnews.com.br\/uploads\/2023\/01\/2023-01-27T113509Z_1_LYNXMPEJ0Q0DF_RTROPTP_4_MACRO-PMI-INDUSTRIA-1256x838.jpg 1256w, https:\/\/media.investnews.com.br\/uploads\/2023\/01\/2023-01-27T113509Z_1_LYNXMPEJ0Q0DF_RTROPTP_4_MACRO-PMI-INDUSTRIA-172x115.jpg 172w, https:\/\/media.investnews.com.br\/uploads\/2023\/01\/2023-01-27T113509Z_1_LYNXMPEJ0Q0DF_RTROPTP_4_MACRO-PMI-INDUSTRIA-150x100.jpg 150w\" sizes=\"auto, (max-width: 2048px) 100vw, 2048px\" \/><figcaption class=\"wp-element-caption\">F\u00e1brica da AGE do Brasil em Vinhedo\nREUTERS\/Amanda Perobelli<\/figcaption><\/figure><p>A <strong>atividade industrial<\/strong> apresentou estabilidade, com leve queda de 0,1%. O recuo na ind\u00fastria de transforma\u00e7\u00e3o foi influenciado pelas quedas de bens de capital e bens intermedi\u00e1rios, enquanto a atividade de eletricidade e \u00e1gua, g\u00e1s, esgoto, atividades de gest\u00e3o de res\u00edduos subiu 6,4%.<\/p><p>A ind\u00fastria registrou alta de 1,9% no per\u00edodo com o resultado positivo das Ind\u00fastrias Extrativas (7,7%) afetadas pela alta tanto da extra\u00e7\u00e3o de petr\u00f3leo e g\u00e1s como de min\u00e9rio de ferro. Outro destaque foi a atividade de eletricidade e g\u00e1s, \u00e1gua, esgoto, atividades de gest\u00e3o de res\u00edduos (6,4%) com a melhoria das condi\u00e7\u00f5es h\u00eddricas. E a constru\u00e7\u00e3o aumentou 1,5%, e teve sua d\u00e9cima alta consecutiva.\u00a0<\/p><h2 class=\"wp-block-heading\">Consumos das fam\u00edlias\u00a0<\/h2><p>Pela \u00f3tica da demanda, a <strong>despesa de consumo das fam\u00edlias<\/strong> cresceu 0,2%. A <strong>despesa de consumo do governo<\/strong> tamb\u00e9m teve varia\u00e7\u00e3o positiva de 0,3%, enquanto a <strong>forma\u00e7\u00e3o bruta de capital fixo<\/strong> (os investimentos) registrou queda de 3,4%.\u00a0<\/p><p>Segundo Rafael Perez, da Suno Reserach, as principais raz\u00f5es para esse resultado foram o pacote de medidas de incentivo ao consumo pelo governo, como o Bolsa Fam\u00edlia, a queda na infla\u00e7\u00e3o nos \u00faltimos meses e uma melhora na massa salarial. <\/p><blockquote class=\"wp-block-quote is-layout-flow wp-block-quote-is-layout-flow\">\n<p>&#8220;O consumo das fam\u00edlias ser\u00e1 um dos principais fatores a sustentar a atividade econ\u00f4mica ao longo do ano&#8221;<\/p>\n<cite>Rafael Perez, da Suno Reserach<\/cite><\/blockquote><p><\/p><p>A fala corrobora com a an\u00e1lise t\u00e9cnica da Secretaria de Pol\u00edticas Econ\u00f4micas, em que afirma que os programas de facilita\u00e7\u00e3o de acesso ao cr\u00e9dito para micro, pequenas e m\u00e9dias empresas, em conson\u00e2ncia com o aumento da renda dispon\u00edvel, permitiram a cria\u00e7\u00e3o de empregos no terceiro setor, sustentando o crescimento da massa real efetiva e a demanda das fam\u00edlias.<\/p><div class=\"flourish-embed flourish-chart\" data-src=\"visualisation\/13983237?1266799\"><script src=\"https:\/\/public.flourish.studio\/resources\/embed.js\"><\/script><\/div><h2 class=\"wp-block-heading\">Expectativas <\/h2><p>Perez ressaltou ainda que a expectativa para o final deste ano \u00e9 de uma maior estabilidade do PIB, sentido os efeitos do aperto monet\u00e1rio do Banco Central com a alta da Selic, a dissipa\u00e7\u00e3o dos efeitos do agro, que s\u00e3o mais concentrados no primeiro trimestre, e o cen\u00e1rio externo de menor crescimento. <\/p><p>Segundo o IBGE, o setor externo contribuiu positivamente para o crescimento, pois as exporta\u00e7\u00f5es de bens e servi\u00e7os tiveram varia\u00e7\u00e3o negativa de 0,4% enquanto as importa\u00e7\u00f5es de bens e servi\u00e7os ca\u00edram 7,1% em rela\u00e7\u00e3o ao quarto trimestre de 2022.\u00a0<\/p><h3 class=\"wp-block-heading\">&#8216;T\u00e1 ruim, mas t\u00e1 bom&#8217;<\/h3><p>Na an\u00e1lise do economista Andre Perfeito, a not\u00edcia do resultado \u00e9 que &#8220;est\u00e1 ruim&#8221;, uma vez que a base de compara\u00e7\u00e3o \u00e9 &#8220;ridiculamente baixa&#8221;. Na avalia\u00e7\u00e3o de Perfeito, &#8220;crescer \u00e9 quase uma ilus\u00e3o estat\u00edstica&#8221;. <\/p><blockquote class=\"wp-block-quote is-layout-flow wp-block-quote-is-layout-flow\">\n<p>&#8220;Se de um lado a boa not\u00edcia \u00e9 que est\u00e1 ruim, vale dizer: mas que bom. Foi um bom in\u00edcio, mas h\u00e1 muito o que ponderar. Dificilmente a agricultura ir\u00e1 ajudar tanto nos pr\u00f3ximos trimestres e o setor externo pode n\u00e3o ser t\u00e3o generoso tamb\u00e9m&#8221;.<\/p>\n<cite>andre perfeito, economista<\/cite><\/blockquote><p><\/p><p>As medidas recentes de sustenta\u00e7\u00e3o da demanda como o reajuste do <a href=\"https:\/\/investnews.com.br\/guias\/salario-minimo\/\">sal\u00e1rio m\u00ednimo<\/a> ou at\u00e9 do Bolsa Fam\u00edlia tamb\u00e9m colaboraram para o resultado, &#8220;mas ainda n\u00e3o d\u00e1 para dizer que foi isso que gerou o crescimento atual&#8221;, segundo o economista, que tamb\u00e9m apontou que a taxa de investimento no pa\u00eds recuou, sendo este o &#8220;calcanhar de Aquiles&#8221; da economia brasileira. A pondera\u00e7\u00e3o foi de que dificilmente os investimentos iriam deslanchar em um in\u00edcio de governo.<\/p><p>Logo, para ele, seria necess\u00e1rio observar a evolu\u00e7\u00e3o da renda com a infla\u00e7\u00e3o controlada e se o empresariado volta a investir com a perspectiva de juros em (leve) queda.<\/p><figure class=\"wp-block-embed is-type-video is-provider-youtube wp-block-embed-youtube wp-embed-aspect-16-9 wp-has-aspect-ratio\"><div class=\"wp-block-embed__wrapper\">\n<iframe loading=\"lazy\" title=\"PIB: o que \u00e9, para que serve, como funciona e como \u00e9 calculado?\" width=\"500\" height=\"281\" src=\"https:\/\/www.youtube.com\/embed\/nNd0Lj-UBN4?feature=oembed\" frameborder=\"0\" allow=\"accelerometer; autoplay; clipboard-write; encrypted-media; gyroscope; picture-in-picture; web-share\" referrerpolicy=\"strict-origin-when-cross-origin\" allowfullscreen><\/iframe>\n<\/div><\/figure>\n","protected":false},"excerpt":{"rendered":"<p>Dados divulgados pelo IBGE nesta quinta superaram expectativas do mercado.<\/p>\n","protected":false},"author":73,"featured_media":487398,"comment_status":"closed","ping_status":"open","sticky":false,"template":"","format":"standard","meta":{"_acf_changed":false,"inline_featured_image":false,"footnotes":""},"categories":[5],"tags":[155,499,53],"autor-wsj":[],"coauthors":[101284,2270],"class_list":["post-487360","post","type-post","status-publish","format-standard","has-post-thumbnail","hentry","category-economia","tag-brasil","tag-economia","tag-pib"],"acf":[],"amp_enabled":true,"_links":{"self":[{"href":"https:\/\/investnews.com.br\/inv-api\/wp\/v2\/posts\/487360","targetHints":{"allow":["GET"]}}],"collection":[{"href":"https:\/\/investnews.com.br\/inv-api\/wp\/v2\/posts"}],"about":[{"href":"https:\/\/investnews.com.br\/inv-api\/wp\/v2\/types\/post"}],"author":[{"embeddable":true,"href":"https:\/\/investnews.com.br\/inv-api\/wp\/v2\/users\/73"}],"replies":[{"embeddable":true,"href":"https:\/\/investnews.com.br\/inv-api\/wp\/v2\/comments?post=487360"}],"version-history":[{"count":78,"href":"https:\/\/investnews.com.br\/inv-api\/wp\/v2\/posts\/487360\/revisions"}],"predecessor-version":[{"id":704298,"href":"https:\/\/investnews.com.br\/inv-api\/wp\/v2\/posts\/487360\/revisions\/704298"}],"wp:featuredmedia":[{"embeddable":true,"href":"https:\/\/investnews.com.br\/inv-api\/wp\/v2\/media\/487398"}],"wp:attachment":[{"href":"https:\/\/investnews.com.br\/inv-api\/wp\/v2\/media?parent=487360"}],"wp:term":[{"taxonomy":"category","embeddable":true,"href":"https:\/\/investnews.com.br\/inv-api\/wp\/v2\/categories?post=487360"},{"taxonomy":"post_tag","embeddable":true,"href":"https:\/\/investnews.com.br\/inv-api\/wp\/v2\/tags?post=487360"},{"taxonomy":"autor-wsj","embeddable":true,"href":"https:\/\/investnews.com.br\/inv-api\/wp\/v2\/autor-wsj?post=487360"},{"taxonomy":"author","embeddable":true,"href":"https:\/\/investnews.com.br\/inv-api\/wp\/v2\/coauthors?post=487360"}],"curies":[{"name":"wp","href":"https:\/\/api.w.org\/{rel}","templated":true}]}}