{"id":487756,"date":"2023-06-01T16:35:02","date_gmt":"2023-06-01T19:35:02","guid":{"rendered":"https:\/\/investnews.com.br\/?p=487756"},"modified":"2025-08-08T16:37:27","modified_gmt":"2025-08-08T19:37:27","slug":"congresso-encerra-impasse-e-mp-dos-ministerios-segue-a-sancao-presidencial","status":"publish","type":"post","link":"https:\/\/investnews.com.br\/economia\/congresso-encerra-impasse-e-mp-dos-ministerios-segue-a-sancao-presidencial\/","title":{"rendered":"Congresso encerra impasse e MP dos Minist\u00e9rios segue \u00e0 san\u00e7\u00e3o presidencial"},"content":{"rendered":"<p>A medida provis\u00f3ria que reestrutura a Esplanada dos Minist\u00e9rios e d\u00e1 a cara do presidente <strong>Luiz In\u00e1cio Lula da Silv<\/strong>a ao Executivo Federal segue \u00e0 san\u00e7\u00e3o presidencial ap\u00f3s ser aprovada pelo Congresso nesta quinta-feira (1\u00ba), nos \u00faltimos instantes antes de perder a validade, e depois de o governo entrar em campo para evitar uma derrota iminente, mobiliza\u00e7\u00e3o que incluiu a libera\u00e7\u00e3o de emendas parlamentares.<\/p><figure class=\"wp-block-image size-large\"><img decoding=\"async\" src=\"https:\/\/media.investnews.com.br\/uploads\/2023\/06\/2023-06-01T162821Z_1_LYNXMPEJ501PB_RTROPTP_4_BRAZIL-BRASILIA-1024x682.jpg\" alt=\"Vista panor\u00e2mica do Congresso Nacional em Bras\u00edlia, Brasil, e edif\u00edcios verdes sob c\u00e9u claro.\" class=\"wp-image-487757\"><figcaption class=\"wp-element-caption\">Esplanada dos Minist\u00e9rios com o Congresso Nacional ao fundo, em Bras\u00edlia\n07\/04\/2010\nREUTERS\/Ricardo Moraes<\/figcaption><\/figure><p>Ainda que tenha sido aprovado um texto diferente do originalmente proposto pelo presidente, a conclus\u00e3o da tramita\u00e7\u00e3o da medida provis\u00f3ria no Congresso oferece um cen\u00e1rio menos pior para o governo do que a perda de validade de toda a MP.<\/p><p>A C\u00e2mara aprovou a proposta na madrugada, ap\u00f3s muitas idas e vindas, cr\u00edticas \u00e0 articula\u00e7\u00e3o do governo, e press\u00e3o do presidente da Casa, <strong>Arthur Lira<\/strong> (PP-AL), por mudan\u00e7as ministeriais que envolvessem espa\u00e7o para o seu partido na Esplanada. Lira nega ter feito qualquer pedido do tipo.<\/p><p>Ainda assim, o texto principal foi aprovado na C\u00e2mara por 337 votos a 125, placar bem mais favor\u00e1vel do que o esperado pelo governo quando ainda negociava a vota\u00e7\u00e3o da mat\u00e9ria na quarta-feira.<\/p><p>At\u00e9 mesmo o presidente Lula admitiu que, no meio da tarde da v\u00e9spera, a derrota do governo na C\u00e2mara era dada como certa. Avaliou, no entanto, que o resultado final foi melhor do que o esperado.<\/p><p>&#8220;A pol\u00edtica n\u00e3o \u00e9 uma ci\u00eancia exata. Muda de acordo com o comportamento dos partidos. E foi isso que aconteceu ontem, e acontecer\u00e1 em outras vota\u00e7\u00f5es, porque somos um governo que respeita o Congresso Nacional&#8221;, afirmou Lula, em entrevista nesta quinta ao lado do presidente da Finl\u00e2ndia, Sauli Niinist\u00f6.<\/p><figure class=\"wp-block-image size-large\"><img loading=\"lazy\" decoding=\"async\" width=\"1024\" height=\"683\" src=\"https:\/\/media.investnews.com.br\/uploads\/2023\/06\/2023-06-01T184124Z_1_LYNXMPEJ501T9_RTROPTP_4_BRAZIL-SUMMIT-1024x683.jpg\" alt=\"Presidente Lula com olhos fechados e fei\u00e7\u00e3o emocionada, diante de um microfone.\" class=\"wp-image-487770\" srcset=\"https:\/\/media.investnews.com.br\/uploads\/2023\/06\/2023-06-01T184124Z_1_LYNXMPEJ501T9_RTROPTP_4_BRAZIL-SUMMIT-1024x683.jpg 1024w, https:\/\/media.investnews.com.br\/uploads\/2023\/06\/2023-06-01T184124Z_1_LYNXMPEJ501T9_RTROPTP_4_BRAZIL-SUMMIT-300x200.jpg 300w, https:\/\/media.investnews.com.br\/uploads\/2023\/06\/2023-06-01T184124Z_1_LYNXMPEJ501T9_RTROPTP_4_BRAZIL-SUMMIT-768x512.jpg 768w, https:\/\/media.investnews.com.br\/uploads\/2023\/06\/2023-06-01T184124Z_1_LYNXMPEJ501T9_RTROPTP_4_BRAZIL-SUMMIT-1536x1025.jpg 1536w, https:\/\/media.investnews.com.br\/uploads\/2023\/06\/2023-06-01T184124Z_1_LYNXMPEJ501T9_RTROPTP_4_BRAZIL-SUMMIT-1256x838.jpg 1256w, https:\/\/media.investnews.com.br\/uploads\/2023\/06\/2023-06-01T184124Z_1_LYNXMPEJ501T9_RTROPTP_4_BRAZIL-SUMMIT-172x115.jpg 172w, https:\/\/media.investnews.com.br\/uploads\/2023\/06\/2023-06-01T184124Z_1_LYNXMPEJ501T9_RTROPTP_4_BRAZIL-SUMMIT-150x100.jpg 150w, https:\/\/media.investnews.com.br\/uploads\/2023\/06\/2023-06-01T184124Z_1_LYNXMPEJ501T9_RTROPTP_4_BRAZIL-SUMMIT.jpg 2048w\" sizes=\"auto, (max-width: 1024px) 100vw, 1024px\" \/><figcaption class=\"wp-element-caption\">Presidente Luiz In\u00e1cio Lula da Silva\n29\/05\/2023\nREUTERS\/Ueslei Marcelino<\/figcaption><\/figure><h2 class=\"wp-block-heading\">Sufoco<\/h2><p>Se na C\u00e2mara, o sentimento em torno da MP era de apreens\u00e3o &#8211; Lira chegou a declarar na tarde da quarta que o governo n\u00e3o tinha votos suficientes e que a medida corria o risco de nem ser pautada -, no Senado, o trajeto foi bem mais tranquilo.<\/p><p>O texto principal da proposta foi aprovado por 51 senadores, enquanto 19 votaram contra a medida. O presidente da Casa, <strong>Rodrigo Pacheco<\/strong> (PSD-MG), j\u00e1 havia deixado o Senado em posi\u00e7\u00e3o de alerta, interrompeu a sess\u00e3o da quarta-feira e avisou que a retomaria assim que a MP fosse enviada pela C\u00e2mara.<\/p><p>&#8220;Seria muito ruim que ela caducasse ou n\u00e3o fosse aprovada&#8221;, disse Pacheco a rep\u00f3rteres pouco antes da vota\u00e7\u00e3o no Senado.<\/p><p>Ap\u00f3s a conclus\u00e3o da tramita\u00e7\u00e3o da mat\u00e9ria no Legislativo, o l\u00edder do governo no Congresso, senador Randolfe Rodrigues (Rede-AP), afirmou que a aprova\u00e7\u00e3o respeita a decis\u00e3o dos eleitores que em outubro do ano passado escolheram o programa do presidente Lula para os pr\u00f3ximos 4 anos.<\/p><p>&#8220;Com vota\u00e7\u00e3o ampla e majorit\u00e1ria, conseguimos aprovar a MP que estrutura os minist\u00e9rios, que v\u00e3o executar as pol\u00edticas p\u00fablicas. Seguimos na reconstru\u00e7\u00e3o do Brasil! Este resultado consolida a nossa base aliada no Senado. Vit\u00f3ria do projeto que ganhou as elei\u00e7\u00f5es, vit\u00f3ria do povo!&#8221;, publicou o l\u00edder no Twitter.<\/p><p>O texto enviado \u00e0 san\u00e7\u00e3o presidencial altera a medida idealizada pelo governo. Ele desidrata, por exemplo, prerrogativas de pastas como a do<strong> Meio Ambiente<\/strong> e a dos <strong>Povos Ind\u00edgenas<\/strong>. Durante a vota\u00e7\u00e3o na C\u00e2mara, deputados decidiram recriar a Funda\u00e7\u00e3o Nacional de Sa\u00fade (Funasa), \u00f3rg\u00e3o que esteve at\u00e9 o ano passado sob a al\u00e7ada do centr\u00e3o.<\/p><figure class=\"wp-block-image size-large\"><img loading=\"lazy\" decoding=\"async\" width=\"1024\" height=\"683\" src=\"https:\/\/media.investnews.com.br\/uploads\/2023\/05\/2023-05-23T204839Z_1_LYNXMPEJ4M0U9_RTROPTP_4_BRAZIL-NORWAY-ENVIRONMENT-1024x683.jpg\" alt=\"Retrato de mulher com \u00f3culos, cabelos escuros presos e blusa estampada, falando.\" class=\"wp-image-483574\" srcset=\"https:\/\/media.investnews.com.br\/uploads\/2023\/05\/2023-05-23T204839Z_1_LYNXMPEJ4M0U9_RTROPTP_4_BRAZIL-NORWAY-ENVIRONMENT-1024x683.jpg 1024w, https:\/\/media.investnews.com.br\/uploads\/2023\/05\/2023-05-23T204839Z_1_LYNXMPEJ4M0U9_RTROPTP_4_BRAZIL-NORWAY-ENVIRONMENT-300x200.jpg 300w, https:\/\/media.investnews.com.br\/uploads\/2023\/05\/2023-05-23T204839Z_1_LYNXMPEJ4M0U9_RTROPTP_4_BRAZIL-NORWAY-ENVIRONMENT-768x512.jpg 768w, https:\/\/media.investnews.com.br\/uploads\/2023\/05\/2023-05-23T204839Z_1_LYNXMPEJ4M0U9_RTROPTP_4_BRAZIL-NORWAY-ENVIRONMENT-1536x1025.jpg 1536w, https:\/\/media.investnews.com.br\/uploads\/2023\/05\/2023-05-23T204839Z_1_LYNXMPEJ4M0U9_RTROPTP_4_BRAZIL-NORWAY-ENVIRONMENT-1256x838.jpg 1256w, https:\/\/media.investnews.com.br\/uploads\/2023\/05\/2023-05-23T204839Z_1_LYNXMPEJ4M0U9_RTROPTP_4_BRAZIL-NORWAY-ENVIRONMENT-172x115.jpg 172w, https:\/\/media.investnews.com.br\/uploads\/2023\/05\/2023-05-23T204839Z_1_LYNXMPEJ4M0U9_RTROPTP_4_BRAZIL-NORWAY-ENVIRONMENT-150x100.jpg 150w, https:\/\/media.investnews.com.br\/uploads\/2023\/05\/2023-05-23T204839Z_1_LYNXMPEJ4M0U9_RTROPTP_4_BRAZIL-NORWAY-ENVIRONMENT.jpg 2048w\" sizes=\"auto, (max-width: 1024px) 100vw, 1024px\" \/><figcaption class=\"wp-element-caption\">Ministra do Meio Ambiente, Marina Silva\n22\/3\/2023 \nREUTERS\/Adriano Machado<\/figcaption><\/figure><p>Ainda assim, o governo se veria em situa\u00e7\u00e3o muito pior caso a medida n\u00e3o fosse aprovada. \u00c9 ela quem determina, entre outros pontos, o desmembramento do Minist\u00e9rio da Economia da administra\u00e7\u00e3o anterior em quatro pastas: a da Fazenda, a do Planejamento e Or\u00e7amento, a da Gest\u00e3o e da Inova\u00e7\u00e3o dos Servi\u00e7os P\u00fablicos e a do Desenvolvimento, Ind\u00fastria, Com\u00e9rcio e Servi\u00e7os.<\/p><p>Lula tem 15 dias para sancionar ou editar vetos \u00e0 MP.<\/p><p>Nesta quinta, em entrevista \u00e0 GloboNews, o presidente da C\u00e2mara avaliou que a vota\u00e7\u00e3o da medida ocorreu ap\u00f3s um apelo de Lula a ele, que transmitiu o pedido aos l\u00edderes de bancada.<\/p><p>Ao defender que o sufoco da v\u00e9spera tenha &#8220;servido de ensinamento&#8221;, o deputado alertou que um governo sem maioria no Parlamento &#8220;n\u00e3o pode achar que partidos independentes s\u00e3o obrigados a pautar e a votar mat\u00e9ria de seu interesse&#8221;.<\/p>\n","protected":false},"excerpt":{"rendered":"<p>Medida foi aprovada nos \u00faltimos instantes antes de perder a validade.<\/p>\n","protected":false},"author":61,"featured_media":487757,"comment_status":"closed","ping_status":"open","sticky":false,"template":"","format":"standard","meta":{"_acf_changed":false,"inline_featured_image":false,"footnotes":""},"categories":[5],"tags":[2346,283,2370],"autor-wsj":[],"coauthors":[2494],"class_list":["post-487756","post","type-post","status-publish","format-standard","has-post-thumbnail","hentry","category-economia","tag-arthur-lira","tag-governo-federal","tag-luiz-inacio-lula-da-silva"],"acf":[],"amp_enabled":true,"_links":{"self":[{"href":"https:\/\/investnews.com.br\/inv-api\/wp\/v2\/posts\/487756","targetHints":{"allow":["GET"]}}],"collection":[{"href":"https:\/\/investnews.com.br\/inv-api\/wp\/v2\/posts"}],"about":[{"href":"https:\/\/investnews.com.br\/inv-api\/wp\/v2\/types\/post"}],"author":[{"embeddable":true,"href":"https:\/\/investnews.com.br\/inv-api\/wp\/v2\/users\/61"}],"replies":[{"embeddable":true,"href":"https:\/\/investnews.com.br\/inv-api\/wp\/v2\/comments?post=487756"}],"version-history":[{"count":5,"href":"https:\/\/investnews.com.br\/inv-api\/wp\/v2\/posts\/487756\/revisions"}],"predecessor-version":[{"id":704291,"href":"https:\/\/investnews.com.br\/inv-api\/wp\/v2\/posts\/487756\/revisions\/704291"}],"wp:featuredmedia":[{"embeddable":true,"href":"https:\/\/investnews.com.br\/inv-api\/wp\/v2\/media\/487757"}],"wp:attachment":[{"href":"https:\/\/investnews.com.br\/inv-api\/wp\/v2\/media?parent=487756"}],"wp:term":[{"taxonomy":"category","embeddable":true,"href":"https:\/\/investnews.com.br\/inv-api\/wp\/v2\/categories?post=487756"},{"taxonomy":"post_tag","embeddable":true,"href":"https:\/\/investnews.com.br\/inv-api\/wp\/v2\/tags?post=487756"},{"taxonomy":"autor-wsj","embeddable":true,"href":"https:\/\/investnews.com.br\/inv-api\/wp\/v2\/autor-wsj?post=487756"},{"taxonomy":"author","embeddable":true,"href":"https:\/\/investnews.com.br\/inv-api\/wp\/v2\/coauthors?post=487756"}],"curies":[{"name":"wp","href":"https:\/\/api.w.org\/{rel}","templated":true}]}}