{"id":492524,"date":"2023-06-16T08:28:21","date_gmt":"2023-06-16T11:28:21","guid":{"rendered":"https:\/\/investnews.com.br\/?p=492524"},"modified":"2023-06-16T08:28:39","modified_gmt":"2023-06-16T11:28:39","slug":"governo-descarta-estender-programa-de-incentivo-a-setor-automotivo","status":"publish","type":"post","link":"https:\/\/investnews.com.br\/economia\/governo-descarta-estender-programa-de-incentivo-a-setor-automotivo\/","title":{"rendered":"Governo descarta estender programa de incentivo a setor automotivo"},"content":{"rendered":"\n<p>O ministro da Casa Civil, Rui Costa, negou nesta quinta-feira (15) que o governo tenha planos de estender o <a href=\"https:\/\/investnews.com.br\/economia\/nove-montadoras-aderem-a-programa-para-baratear-carros-veja-modelos-e-descontos\/\">programa de incentivo ao setor automotivo<\/a> atualmente em vigor.<\/p>\n\n\n\n<p>Segundo o ministro, o sucesso do programa que concede cr\u00e9dito tribut\u00e1rio a empresas que se disponham a oferecer descontos atesta a aposta do governo segundo a qual a oferta de cr\u00e9dito estimula o consumo e o crescimento econ\u00f4mico.<\/p>\n\n\n\n<p>&#8220;N\u00e3o est\u00e1 no planejamento do governo&#8221;, disse Costa ap\u00f3s reuni\u00e3o ministerial de mais de 9 horas de dura\u00e7\u00e3o com o presidente Luiz In\u00e1cio Lula da Silva.<\/p>\n\n\n\n<p>Costa disse ainda que durante a conversa, membros do governo comemoraram os recentes n\u00fameros da economia.<\/p>\n\n\n\n<h2 class=\"wp-block-heading\">Programa de descontos<\/h2>\n\n\n\n<p>O Minist\u00e9rio do Desenvolvimento, Ind\u00fastria, Com\u00e9rcio de Servi\u00e7os (MDIC) divulgou na quarta-feira (14) que<strong>\u00a0nove montadoras<\/strong>\u00a0aderiam ao programa lan\u00e7ado pelo governo federal para\u00a0<strong>baratear o pre\u00e7o do carro popular<\/strong>\u00a0com valor de at\u00e9 R$ 120 mil. Veja aqui a rela\u00e7\u00e3o das\u00a0<a href=\"https:\/\/www.gov.br\/mdic\/pt-br\/assuntos\/noticias\/2023\/junho\/modelos-por-alfabetica-carros-mais-baratos-programa-emergencial.xlsx\/view\" target=\"_blank\" rel=\"noreferrer noopener\">faixas de desconto por ordem alfab\u00e9tica<\/a>\u00a0ou dos\u00a0<a href=\"https:\/\/www.gov.br\/mdic\/pt-br\/assuntos\/noticias\/2023\/junho\/modelos-por-valor-carros-mais-baratos-programa-emergencial.xlsx\/view\" target=\"_blank\" rel=\"noreferrer noopener\">modelos pelo valor do desconto em ordem decrescente<\/a>.<\/p>\n\n\n\n<p>Os consumidores poder\u00e3o comprar com desconto&nbsp;<strong>233 vers\u00f5es de&nbsp; 31 modelos<\/strong>&nbsp;das montadoras&nbsp;<strong>Renault, Volks, Toyota, Hyundai, Nissan, Honda, GM, Fiat<\/strong>&nbsp;e&nbsp;<strong>Peugeot<\/strong>. Os descontos para os carros v\u00e3o de R$ 2 mil a R$ 8 mil, podendo alcan\u00e7ar valores maiores a crit\u00e9rio de f\u00e1bricas e concession\u00e1rias.<\/p>\n\n\n\n<p>De acordo com as regras do governo, a defini\u00e7\u00e3o das faixas de desconto levou em conta tr\u00eas crit\u00e9rios: menor pre\u00e7o, efici\u00eancia energ\u00e9tica e conte\u00fado nacional. Quanto maior a pontua\u00e7\u00e3o nesses crit\u00e9rios, maior o desconto.<\/p>\n\n\n\n<p>O programa foi lan\u00e7ado pelo governo federal em 5 de maio deste ano. As empresas que concederem o desconto contar\u00e3o com cr\u00e9dito tribut\u00e1rio junto \u00e0 Uni\u00e3o.<\/p>\n\n\n\n<p>O custo total para o governo \u00e9 de R$ 1,5 bilh\u00e3o. Desse total, R$ 500 milh\u00f5es servir\u00e3o para a parcela voltada aos carros, R$ 700 milh\u00f5es para caminh\u00f5es e R$ 300 milh\u00f5es para \u00f4nibus e vans. Para conseguir o desconto, donos de caminh\u00f5es, vans e \u00f4nibus ter\u00e3o de comprovar que est\u00e3o tirando de circula\u00e7\u00e3o ve\u00edculos com mais de 20 anos de uso.<\/p>\n\n\n\n<p>Nos primeiros 15 dias de programa, a venda dos carros populares com desconto ser\u00e1&nbsp;<strong>exclusiva para pessoas f\u00edsicas<\/strong>&nbsp;\u2013 prazo que, conforme o governo, pode ser prorrogado por at\u00e9 60 dias, a depender da ades\u00e3o e resposta do mercado.&nbsp;<\/p>\n\n\n\n<p>De acordo com o governo, a previs\u00e3o \u00e9 de que o programa dure at\u00e9 120 dias, mas pode acabar&nbsp;antes, \u00e0 medida que o valor total destinado ao subs\u00eddio, de R$ 1,5 bilh\u00e3o, acabar.<\/p>\n\n\n\n<h2 class=\"wp-block-heading\">\u00d4nibus e caminh\u00f5es<\/h2>\n\n\n\n<p>J\u00e1 o cr\u00e9dito para renova\u00e7\u00e3o da frota de caminh\u00f5es teve ades\u00e3o de dez montadoras, com volume total de R$ 100 milh\u00f5es, ou 14% do teto de R$ 700 milh\u00f5es em cr\u00e9ditos tribut\u00e1rios.<\/p>\n\n\n\n<p>A ades\u00e3o para o cr\u00e9dito dos \u00f4nibus foi de nove montadoras, com volume total de R$ 90 milh\u00f5es, ou 30% do teto dispon\u00edvel, que \u00e9 de R$ 300 milh\u00f5es.<\/p>\n\n\n\n<p><strong>Caminh\u00f5es<\/strong>: Volkswagen Truck, Mercedes-Benz, Scania, Fiat Chrysler, Peugeot Citroen, Volvo, Ford, Iveco, Mercedes-Benz Cars &amp; Vans e Daf Caminh\u00f5es.<\/p>\n\n\n\n<p><strong>\u00d4nibus<\/strong>: Mercedes-Benz, Scania, Fiat Chrysler, Mercedes-Benz Cars &amp; Vans, Comil, Ciferal, Marcopolo, Volare e Iveco.<\/p>\n","protected":false},"excerpt":{"rendered":"<p>Descontos para carros de 31 modelos variam entre R$ 2 mil e R$ 8 mil.<\/p>\n","protected":false},"author":7,"featured_media":492528,"comment_status":"closed","ping_status":"open","sticky":false,"template":"","format":"standard","meta":{"_acf_changed":false,"inline_featured_image":false,"footnotes":""},"categories":[5],"tags":[802,283],"autor-wsj":[],"coauthors":[1494],"class_list":["post-492524","post","type-post","status-publish","format-standard","has-post-thumbnail","hentry","category-economia","tag-automoveis","tag-governo-federal"],"acf":[],"amp_enabled":true,"_links":{"self":[{"href":"https:\/\/investnews.com.br\/inv-api\/wp\/v2\/posts\/492524","targetHints":{"allow":["GET"]}}],"collection":[{"href":"https:\/\/investnews.com.br\/inv-api\/wp\/v2\/posts"}],"about":[{"href":"https:\/\/investnews.com.br\/inv-api\/wp\/v2\/types\/post"}],"author":[{"embeddable":true,"href":"https:\/\/investnews.com.br\/inv-api\/wp\/v2\/users\/7"}],"replies":[{"embeddable":true,"href":"https:\/\/investnews.com.br\/inv-api\/wp\/v2\/comments?post=492524"}],"version-history":[{"count":6,"href":"https:\/\/investnews.com.br\/inv-api\/wp\/v2\/posts\/492524\/revisions"}],"predecessor-version":[{"id":492535,"href":"https:\/\/investnews.com.br\/inv-api\/wp\/v2\/posts\/492524\/revisions\/492535"}],"wp:featuredmedia":[{"embeddable":true,"href":"https:\/\/investnews.com.br\/inv-api\/wp\/v2\/media\/492528"}],"wp:attachment":[{"href":"https:\/\/investnews.com.br\/inv-api\/wp\/v2\/media?parent=492524"}],"wp:term":[{"taxonomy":"category","embeddable":true,"href":"https:\/\/investnews.com.br\/inv-api\/wp\/v2\/categories?post=492524"},{"taxonomy":"post_tag","embeddable":true,"href":"https:\/\/investnews.com.br\/inv-api\/wp\/v2\/tags?post=492524"},{"taxonomy":"autor-wsj","embeddable":true,"href":"https:\/\/investnews.com.br\/inv-api\/wp\/v2\/autor-wsj?post=492524"},{"taxonomy":"author","embeddable":true,"href":"https:\/\/investnews.com.br\/inv-api\/wp\/v2\/coauthors?post=492524"}],"curies":[{"name":"wp","href":"https:\/\/api.w.org\/{rel}","templated":true}]}}