{"id":493656,"date":"2023-06-20T07:00:00","date_gmt":"2023-06-20T10:00:00","guid":{"rendered":"https:\/\/investnews.com.br\/?p=493656"},"modified":"2024-01-31T18:00:59","modified_gmt":"2024-01-31T21:00:59","slug":"acoes-da-viver-pdg-realt-e-nexpe-cairam-mais-de-99-desde-ofertas-iniciais","status":"publish","type":"post","link":"https:\/\/investnews.com.br\/financas\/acoes-da-viver-pdg-realt-e-nexpe-cairam-mais-de-99-desde-ofertas-iniciais\/","title":{"rendered":"A\u00e7\u00f5es da Viver, PDG Realty e Nexpe ca\u00edram mais de 99% desde IPOs\u00a0"},"content":{"rendered":"\n<p>As a\u00e7\u00f5es da incorporadora e construtora Viver (<a href=\"https:\/\/investnews.com.br\/cotacao\/vivr3-viver\/\">VIVR3<\/a>) ca\u00edram 99,997% desde sua oferta p\u00fablica inicial, em 2007. Essa \u00e9 a maior queda entre os ativos que foram listados na B3, bolsa de valores brasileira, a partir de 2004 at\u00e9 meados de junho de 2023, segundo levantamento do TradeMap.&nbsp;O valor m\u00ednimo de cada a\u00e7\u00e3o da empresa j\u00e1 chegou a R$ 3,07, enquanto que na data do levantamento estava a R$ 3,13.&nbsp;<\/p>\n\n\n\n<figure class=\"wp-block-image size-full\"><img loading=\"lazy\" decoding=\"async\" width=\"800\" height=\"533\" src=\"https:\/\/media.investnews.com.br\/uploads\/2021\/07\/2021-07-12T222514Z_1_LYNXMPEH6B14K_RTROPTP_3_HEALTH-CORONAVIRUS-BRAZIL-REALESTATE.jpg\" alt=\"Confian\u00e7a da constru\u00e7\u00e3o civil\" class=\"wp-image-260195\" srcset=\"https:\/\/media.investnews.com.br\/uploads\/2021\/07\/2021-07-12T222514Z_1_LYNXMPEH6B14K_RTROPTP_3_HEALTH-CORONAVIRUS-BRAZIL-REALESTATE.jpg 800w, https:\/\/media.investnews.com.br\/uploads\/2021\/07\/2021-07-12T222514Z_1_LYNXMPEH6B14K_RTROPTP_3_HEALTH-CORONAVIRUS-BRAZIL-REALESTATE-300x200.jpg 300w, https:\/\/media.investnews.com.br\/uploads\/2021\/07\/2021-07-12T222514Z_1_LYNXMPEH6B14K_RTROPTP_3_HEALTH-CORONAVIRUS-BRAZIL-REALESTATE-768x512.jpg 768w, https:\/\/media.investnews.com.br\/uploads\/2021\/07\/2021-07-12T222514Z_1_LYNXMPEH6B14K_RTROPTP_3_HEALTH-CORONAVIRUS-BRAZIL-REALESTATE-172x115.jpg 172w, https:\/\/media.investnews.com.br\/uploads\/2021\/07\/2021-07-12T222514Z_1_LYNXMPEH6B14K_RTROPTP_3_HEALTH-CORONAVIRUS-BRAZIL-REALESTATE-150x100.jpg 150w\" sizes=\"auto, (max-width: 800px) 100vw, 800px\" \/><figcaption class=\"wp-element-caption\">Constru\u00e7\u00e3o de pr\u00e9dio em S\u00e3o Paulo\nREUTERS\/Rahel Patrasso<\/figcaption><\/figure>\n\n\n\n<p>Em maio a Viver anunciou que foi aprovado o <strong>grupamento da totalidade das a\u00e7\u00f5es <\/strong>ordin\u00e1rias de emiss\u00e3o da companhia na propor\u00e7\u00e3o de 10 pap\u00e9is para formar um. <\/p>\n\n\n\n<p>Com queda de mais de 40% nas vendas de unidades contratadas, a Viver encerrou o primeiro trimestre de 2023 com preju\u00edzo de R$ 26 milh\u00f5es, uma piora em rela\u00e7\u00e3o ao resultado negativo de R$ 24 milh\u00f5es nos meses anteriores. <\/p>\n\n\n\n<p>Em nota divulgada na ocasi\u00e3o da divulga\u00e7\u00e3o dos resultados, a administra\u00e7\u00e3o da Viver destacou, no entanto, que &#8220;o in\u00edcio do ano de 2023 nos reafirmou a certeza de um <a href=\"https:\/\/investnews.com.br\/guias\/break-even\/\">breakeven<\/a> operacional e capacidade de gera\u00e7\u00e3o de resultado da companhia, a partir da redu\u00e7\u00e3o significativa do endividamento total&#8221;. <\/p>\n\n\n\n<h2 class=\"wp-block-heading\">Outras a\u00e7\u00f5es do ranking<\/h2>\n\n\n\n<p>Na sequ\u00eancia da lista das maiores baixas, vieram os ativos das empresas do mercado imobili\u00e1rio PDG Realty (<a href=\"https:\/\/investnews.com.br\/cotacao\/pdgr3-pdg-realt\/\">PDGR3<\/a>) e Nexpe (NEXP3), com decl\u00ednios de 99,996% e 99,75%, respectivamente.&nbsp;<\/p>\n\n\n\n<div class=\"flourish-embed flourish-chart\" data-src=\"visualisation\/14197479?1266799\"><script src=\"https:\/\/public.flourish.studio\/resources\/embed.js\"><\/script><\/div>\n\n\n\n<p><\/p>\n\n\n\n<p>Com <strong>queda de 14% em suas vendas brutas<\/strong>, a PDG teve preju\u00edzo de quase R$ 209 milh\u00f5es no primeiro trimestre de 2023, revertendo resultado positivo de R$ 46 milh\u00f5es nos tr\u00eas meses anteriores. A empresa tamb\u00e9m realizou grupamento de a\u00e7\u00f5es e, nesta segunda-feira (19), informou ao mercado que, em um leil\u00e3o, &#8220;as fra\u00e7\u00f5es resultantes do processo de grupamento foram integralmente alienadas&#8221;.<\/p>\n\n\n\n<p>J\u00e1 a Nexpe, que reportou preju\u00edzo de R$ 19 milh\u00f5es no primeiro trimestre, entrou em <strong><a href=\"https:\/\/investnews.com.br\/guias\/recuperacao-judicial\/\">recupera\u00e7\u00e3o judicial<\/a> <\/strong>neste ano. Em nota divulgada na ocasi\u00e3o da divulga\u00e7\u00e3o dos resultados do primeiro trimestre, a administra\u00e7\u00e3o disse que a empresa passou alguns anos sendo penalizada &#8220;por um <strong>volume muito grande de processos judiciais <\/strong>de corretores que alegavam v\u00ednculo empregat\u00edcio por atividades de intermedia\u00e7\u00e3o&#8221;, o que, segundo a companhia, tem sido se &#8220;maior ofensor&#8221;. <\/p>\n\n\n\n<p>&#8220;A pandemia da COVID 19 veio para deixar o cen\u00e1rio ainda mais ca\u00f3tico com impactos no mercado imobili\u00e1rio e, consequentemente, no faturamento da Nexpe&#8221;, disse ainda a nota. <\/p>\n\n\n\n<p>Ainda no ranking do TradeMap dos piores desempenhos ainda apareceram Gafisa (<a href=\"https:\/\/investnews.com.br\/cotacao\/gfsa3-gafisa\/\">GFSA3<\/a>), Springs (<a href=\"https:\/\/investnews.com.br\/cotacao\/sgps3-springs\/\">SGPS3<\/a>), Dotz (<a href=\"https:\/\/investnews.com.br\/cotacao\/dotz3-dotz\/\">DOTZ3<\/a>), Espa\u00e7olaser (<a href=\"https:\/\/investnews.com.br\/cotacao\/espa3-espacolaser\/\">ESPA3<\/a>), Lojas Marisa (<a href=\"https:\/\/investnews.com.br\/cotacao\/amar3-marisa-lojas\/\">AMAR3<\/a>), Infracomm (<a href=\"https:\/\/investnews.com.br\/cotacao\/ifcm3-infracommerce\/\">IFCM3<\/a>) e Sequoia Log (<a href=\"https:\/\/investnews.com.br\/cotacao\/seql3-sequoia-log\/\">SEQL3<\/a>). Todas as empresas tiveram queda de mais de 85%.\u00a0<\/p>\n\n\n\n<ul class=\"wp-block-list\">\n<li><strong>Veja que \u00e9 <a href=\"https:\/\/investnews.com.br\/guias\/mini-indice-win\/\" target=\"_blank\" rel=\"noreferrer noopener\">mini-\u00edndice<\/a> e como funciona?<\/strong><\/li>\n<\/ul>\n","protected":false},"excerpt":{"rendered":"<p>Empresas do mercado imobili\u00e1rio tiveram os piores desempenhos em quase 20 anos. <\/p>\n","protected":false},"author":51,"featured_media":253507,"comment_status":"closed","ping_status":"open","sticky":false,"template":"","format":"standard","meta":{"_acf_changed":false,"inline_featured_image":false,"footnotes":""},"categories":[4],"tags":[226,289],"autor-wsj":[],"coauthors":[2425,1908],"class_list":["post-493656","post","type-post","status-publish","format-standard","has-post-thumbnail","hentry","category-financas","tag-bolsa-de-valores","tag-investimentos"],"acf":[],"amp_enabled":true,"_links":{"self":[{"href":"https:\/\/investnews.com.br\/inv-api\/wp\/v2\/posts\/493656","targetHints":{"allow":["GET"]}}],"collection":[{"href":"https:\/\/investnews.com.br\/inv-api\/wp\/v2\/posts"}],"about":[{"href":"https:\/\/investnews.com.br\/inv-api\/wp\/v2\/types\/post"}],"author":[{"embeddable":true,"href":"https:\/\/investnews.com.br\/inv-api\/wp\/v2\/users\/51"}],"replies":[{"embeddable":true,"href":"https:\/\/investnews.com.br\/inv-api\/wp\/v2\/comments?post=493656"}],"version-history":[{"count":35,"href":"https:\/\/investnews.com.br\/inv-api\/wp\/v2\/posts\/493656\/revisions"}],"predecessor-version":[{"id":553917,"href":"https:\/\/investnews.com.br\/inv-api\/wp\/v2\/posts\/493656\/revisions\/553917"}],"wp:featuredmedia":[{"embeddable":true,"href":"https:\/\/investnews.com.br\/inv-api\/wp\/v2\/media\/253507"}],"wp:attachment":[{"href":"https:\/\/investnews.com.br\/inv-api\/wp\/v2\/media?parent=493656"}],"wp:term":[{"taxonomy":"category","embeddable":true,"href":"https:\/\/investnews.com.br\/inv-api\/wp\/v2\/categories?post=493656"},{"taxonomy":"post_tag","embeddable":true,"href":"https:\/\/investnews.com.br\/inv-api\/wp\/v2\/tags?post=493656"},{"taxonomy":"autor-wsj","embeddable":true,"href":"https:\/\/investnews.com.br\/inv-api\/wp\/v2\/autor-wsj?post=493656"},{"taxonomy":"author","embeddable":true,"href":"https:\/\/investnews.com.br\/inv-api\/wp\/v2\/coauthors?post=493656"}],"curies":[{"name":"wp","href":"https:\/\/api.w.org\/{rel}","templated":true}]}}