{"id":495760,"date":"2023-06-23T12:24:24","date_gmt":"2023-06-23T15:24:24","guid":{"rendered":"https:\/\/investnews.com.br\/?p=495760"},"modified":"2023-06-23T16:49:08","modified_gmt":"2023-06-23T19:49:08","slug":"oncoclinicas-rebate-gestora-e-acoes-sobem-bradesco-bbi-reitera-compra","status":"publish","type":"post","link":"https:\/\/investnews.com.br\/financas\/oncoclinicas-rebate-gestora-e-acoes-sobem-bradesco-bbi-reitera-compra\/","title":{"rendered":"Oncocl\u00ednicas rebate gestora e a\u00e7\u00f5es sobem; Bradesco BBI reitera compra"},"content":{"rendered":"\n<p>Um dia ap\u00f3s a gestora carioca Polo Capital Management indicar falhas na contabilidade da Oncocl\u00ednicas em<a href=\"https:\/\/investnews.com.br\/financas\/acoes-da-oncoclinicas-recuam-apos-gestora-indicar-falhas-na-contabilidade\/\"> relat\u00f3rio detalhado de 23 p\u00e1ginas<\/a>, analistas do Bradesco BBI disseram que &#8220;n\u00e3o enxergam grandes problemas nos pontos destacados que justifique uma mudan\u00e7a na vis\u00e3o positiva para <a href=\"https:\/\/investnews.com.br\/cotacao\/onco3-oncoclinicas\/\">ONCO3<\/a>&#8220;. Os analistas Marcio Osako e Caio Rocha veem &#8220;a fraqueza de hoje como uma op\u00e7\u00e3o de compra&#8221;. <\/p>\n\n\n\n<p>A Oncocl\u00ednicas tamb\u00e9m se manifestou, apontando em comunicado que &#8220;todas suas transa\u00e7\u00f5es est\u00e3o devidamente refletidas em suas demonstra\u00e7\u00f5es financeiras, de acordo com as pr\u00e1ticas e normas cont\u00e1beis aplic\u00e1veis&#8221; (<em>veja a \u00edntegra no final da reportagem<\/em>).<\/p>\n\n\n\n<p>Os papeis ONCO3 operam em alta nesta sexta-feira (23), e chegaram a bater os R$ 10 \u00e0s 11h50 (alta de 3%), o que ainda \u00e9 abaixo do valor da oferta <strong>prim\u00e1ria e secund\u00e1ria <\/strong>ao pre\u00e7o de R$ 10,25 cada.\u00a0No dia anterior, a a\u00e7\u00e3o fechou em baixa de 4%, ap\u00f3s chegar a despencar 18% na m\u00ednima do dia.<\/p>\n\n\n\n<figure class=\"wp-block-image size-large\"><img loading=\"lazy\" decoding=\"async\" width=\"1024\" height=\"768\" src=\"https:\/\/media.investnews.com.br\/uploads\/2023\/06\/bl.-02-sala-107-QT-2-1024x768.jpg\" alt=\"Oncocl\u00ednicas (Foto: Divulga\u00e7\u00e3o)\" class=\"wp-image-496063\" srcset=\"https:\/\/media.investnews.com.br\/uploads\/2023\/06\/bl.-02-sala-107-QT-2-1024x768.jpg 1024w, https:\/\/media.investnews.com.br\/uploads\/2023\/06\/bl.-02-sala-107-QT-2-300x225.jpg 300w, https:\/\/media.investnews.com.br\/uploads\/2023\/06\/bl.-02-sala-107-QT-2-768x576.jpg 768w, https:\/\/media.investnews.com.br\/uploads\/2023\/06\/bl.-02-sala-107-QT-2-1536x1152.jpg 1536w, https:\/\/media.investnews.com.br\/uploads\/2023\/06\/bl.-02-sala-107-QT-2-1245x934.jpg 1245w, https:\/\/media.investnews.com.br\/uploads\/2023\/06\/bl.-02-sala-107-QT-2-172x129.jpg 172w, https:\/\/media.investnews.com.br\/uploads\/2023\/06\/bl.-02-sala-107-QT-2-150x113.jpg 150w, https:\/\/media.investnews.com.br\/uploads\/2023\/06\/bl.-02-sala-107-QT-2.jpg 2048w\" sizes=\"auto, (max-width: 1024px) 100vw, 1024px\" \/><figcaption class=\"wp-element-caption\">Oncocl\u00ednicas (Foto: Divulga\u00e7\u00e3o)<\/figcaption><\/figure>\n\n\n\n<p>Segundo os analistas do BBI, atualmente as a\u00e7\u00f5es da maior rede de tratamento de oncologia no pa\u00eds&nbsp;est\u00e3o sendo negociadas a 15x o P\/L (pre\u00e7o sobre lucro) de 2024, o que representa um desconto de 23% sobre a m\u00e9dia de Mater Dei (<a href=\"https:\/\/investnews.com.br\/cotacao\/matd3-hospital-mater-dei-s-a\/\">MATD3<\/a>), DASA (<a href=\"https:\/\/investnews.com.br\/cotacao\/dasa3-dasa\/\">DASA3<\/a>), Kora (<a href=\"https:\/\/investnews.com.br\/cotacao\/krsa3-kora-saude\/\">KRSA3<\/a>) e desconto de 44% sobre Rede D&#8217;Or (<a href=\"https:\/\/investnews.com.br\/cotacao\/rdor3-rede-dor\/\">RDOR3<\/a>). <\/p>\n\n\n\n<p>A avalia\u00e7\u00e3o <em>outperform <\/em>(acima da m\u00e9dia do mercado equivalente \u00e0 compra) e o pre\u00e7o alvo de R$ 14 at\u00e9 final de 2023 (ante R$ 9,56 do fechamento da v\u00e9spera) s\u00e3o sustentados, segundo os analistas do Bradesco, pelo acordo recente com a <strong>Unimed Rio e com o Grupo Santa<\/strong>, de Bras\u00edlia (o que pode aumentar a qualidade dos servi\u00e7os e as receitas da empresa). <\/p>\n\n\n\n<p>Al\u00e9m disso, s\u00e3o citados dois novos centros de c\u00e2ncer em S\u00e3o Paulo e Goi\u00e2nia, o que tornaria a Oncocl\u00ednicas um provedor de servi\u00e7os completo na \u00e1rea de oncologia, aponta o relat\u00f3rio.<\/p>\n\n\n\n<p>Veja abaixo as considera\u00e7\u00f5es do BBI ponto a ponto em rela\u00e7\u00e3o ao relat\u00f3rio da Polo Capital Management divulgado na v\u00e9spera que afirmou que<strong>&nbsp;a <a href=\"https:\/\/investnews.com.br\/guias\/rentabilidade\/\">rentabilidade<\/a> da empresa seria menor que a informada.<\/strong><\/p>\n\n\n\n<h2 class=\"wp-block-heading\">1 &#8211; Contratos de exclusividade contabilizado como ativo intang\u00edvel<\/h2>\n\n\n\n<p>O ponto destacado pela gestora se refere aos contratos feitos com m\u00e9dicos num prazo m\u00e9dio de cinco anos sendo contabilizado como ativo intang\u00edvel. <\/p>\n\n\n\n<p>Os analistas Marcio Osako e Caio Rocha, do Bradesco, reiteram que este \u00e9 um investimento necess\u00e1rio para atrair alguns m\u00e9dicos e acelerar o crescimento da receita. Segundo a companhia, isso n\u00e3o se trata de remunera\u00e7\u00e3o m\u00e9dica por servi\u00e7os prestados, logo, n\u00e3o h\u00e1 impacto no Ebitda. <\/p>\n\n\n\n<p>&#8220;De qualquer forma, sua amortiza\u00e7\u00e3o representou apenas 4% do Ebitda no primeiro trimestre de 2023&#8221;. <\/p>\n\n\n\n<p>Segundo fato relevante, a empresa apontou que o incremento dos valores relacionados \u00e0s obriga\u00e7\u00f5es de n\u00e3o concorr\u00eancia e objeto de capitaliza\u00e7\u00e3o, observado ao longo dos \u00faltimos 12 meses, justifica-se pelo crescimento acentuado da base de profissionais m\u00e9dicos da companhia durante tal per\u00edodo, fruto de um esfor\u00e7o bem-sucedido de <strong>atra\u00e7\u00e3o e reten\u00e7\u00e3o<\/strong> de um corpo m\u00e9dico altamente especializado &#8211; e n\u00e3o em fun\u00e7\u00e3o de uma<strong> suposta mudan\u00e7a na pol\u00edtica de contabiliza\u00e7\u00e3o.<\/strong><\/p>\n\n\n\n<p>Al\u00e9m disso, a OncoCl\u00ednicas diz que o modelo de neg\u00f3cios da companhia se apoia predominantemente na robustez e escala de seu corpo cl\u00ednico, o que explica o fato de que o ativo referente a direito de exclusividade seja mais representativo em seu caso.<\/p>\n\n\n\n<h2 class=\"wp-block-heading\">2 &#8211; Propriedade Intelectual<\/h2>\n\n\n\n<p>Em 2022 a companhia assinou contrato de <strong>R$ 67 milh\u00f5es<\/strong> com o Dana Faber Cancer Institute, dos Estados Unidos, para transfer\u00eancia de know-how, direito de uso de marca, transfer\u00eancia de tecnologias e protocolos m\u00e9dicos at\u00e9 2030. <\/p>\n\n\n\n<p>Segundo a Polo, a rela\u00e7\u00e3o com Dana Faber come\u00e7ou em 2014, mas s\u00f3 foi reconhecida no balan\u00e7o em 2022, levantando d\u00favidas sobre o reconhecimento de despesas anteriores. Por\u00e9m quando capitalizada, acaba por impulsionar o EBITDA apesar de fazer parte do &#8220;core business&#8221; da Oncocl\u00ednicas.<\/p>\n\n\n\n<p>Na avalia\u00e7\u00e3o do BBI, as despesas relacionadas aos servi\u00e7os prestados pela Dana Faber continuam, mas devem diminuir ao longo do tempo, uma vez que o valor \u00e9 fixo at\u00e9 o t\u00e9rmino do contrato em 2030. Logo, \u00e9 aguardado que o Ebitda cres\u00e7a. <\/p>\n\n\n\n<p>Em fato relevante divulgado nesta sexta-feira (23), a Oncocl\u00ednicas disse que a altera\u00e7\u00e3o da forma de contabiliza\u00e7\u00e3o da parceria aconteceu apenas em 2022 em decorr\u00eancia de dois fatores: (1) extens\u00e3o do prazo de vig\u00eancia de tal parceria e (2) amplia\u00e7\u00e3o de escopo da parceria, a qual passou a contemplar n\u00e3o apenas servi\u00e7os, mas tamb\u00e9m propriedade intelectual e transfer\u00eancia de tecnologia. <\/p>\n\n\n\n<p>&#8220;Em fun\u00e7\u00e3o da amplia\u00e7\u00e3o de escopo, as parcelas referentes \u00e0 propriedade intelectual passaram a ser contabilizadas como ativo intang\u00edvel&#8221;, reportou a Oncocl\u00ednicas.<\/p>\n\n\n\n<h2 class=\"wp-block-heading\">3 &#8211; Ajustes no Ebitda<\/h2>\n\n\n\n<p>A Polo diz que despesas extraordin\u00e1rias foram exclu\u00eddas do Ebitda. A gestora apontou o montante de R$ 23 milh\u00f5es exclu\u00eddos no 1\u00ba trimestre deste ano, o que fez o indicador saltar 18%. <\/p>\n\n\n\n<p>Segundo o Bradesco, a Oncocl\u00ednicas est\u00e1 focando no Ebitda ajustado desde o 3\u00ba trimestre de 2022, focando pela despesa do plano de incentivo que foi de R$ 8 milh\u00f5es no 1\u00ba trimestre.<\/p>\n\n\n\n<h2 class=\"wp-block-heading\">4 &#8211; Acionistas minorit\u00e1rios<\/h2>\n\n\n\n<p>O ponto trata de acionistas minorit\u00e1rios em cl\u00ednicas aquiridas via fus\u00f5es ou aquisi\u00e7\u00f5es. A Polo disse em relat\u00f3rio que cerca de 20% do fluxo de caixa consolidado n\u00e3o pertence aos acionistas da Oncocl\u00ednicas &#8220;com base na participa\u00e7\u00e3o dos acionistas n\u00e3o controladores no <a href=\"https:\/\/investnews.com.br\/guias\/patrimonio-liquido\/\">patrim\u00f4nio l\u00edquido<\/a> total do balan\u00e7o&#8221;. Isso aponta para a diferen\u00e7a de 30% entre o Ebitda reportado e o Ebitda caixa.<\/p>\n\n\n\n<p>Segundo o Bradesco, a participa\u00e7\u00e3o dos acionistas n\u00e3o controladores no fluxo de caixa e no lucro l\u00edquido \u00e9 baseada no resultado das subsidi\u00e1rias com minorit\u00e1rios e n\u00e3o em cerca de 20% do balan\u00e7o patrimonial. &#8220;Esperamos que as participa\u00e7\u00f5es minorit\u00e1rias representem 10-15% do lucro l\u00edquido consolidado em 2024 ap\u00f3s o recente acordo com a Unimed Rio&#8221;.<\/p>\n\n\n\n<p>J\u00e1 a Oncocl\u00ednicas apontou que o total de ajustes representou 5,1% do Ebitda Ajustado no 1\u00ba trimestre de 2023, contra 26,2% no 3\u00ba trimestre de 2021, &#8220;uma evolu\u00e7\u00e3o que foi, inclusive, destacada pela companhia em sua \u00faltima apresenta\u00e7\u00e3o de resultados ao mercado&#8221;.<\/p>\n\n\n\n<h2 class=\"wp-block-heading\">5 &#8211; Empr\u00e9stimo do CEO com a Oncocl\u00ednicas<\/h2>\n\n\n\n<p>O diretor e CEO Bruno Ferrari tem um empr\u00e9stimo com a empresa de <strong>R$ 32 milh\u00f5es <\/strong>com custo de <a href=\"https:\/\/investnews.com.br\/guias\/o-que-e-cdi\/\">CDI<\/a> + 2,96% e amortiza\u00e7\u00e3o em agosto deste ano. Essa d\u00edvida foi gerada para financiar Ferrari nos aumentos de capital que se seguiram \u00e0 aquisi\u00e7\u00e3o do controle pelo Goldman Sachs em 2015. <\/p>\n\n\n\n<figure class=\"wp-block-image size-large\"><img decoding=\"async\" src=\"https:\/\/media.investnews.com.br\/uploads\/2023\/06\/Foto-DR-Bruno-Ferrari-em-alta-1024x757.jpg\" alt=\"Bruno Ferrari, CEO da Oncocl\u00ednicas (Foto: Divulga\u00e7\u00e3o)\" class=\"wp-image-496067\"\/><figcaption class=\"wp-element-caption\">Bruno Ferrari, CEO da Oncocl\u00ednicas (Foto: Divulga\u00e7\u00e3o)<\/figcaption><\/figure>\n\n\n\n<p>Segundo o Bradesco, essa d\u00edvida foi originada antes do IPO quando os principais acionistas eram o Goldman e Ferrari, e nenhum novo empr\u00e9stimo foi fechado ap\u00f3s a oferta p\u00fablica de a\u00e7\u00f5es.<\/p>\n\n\n\n<p>A Oncocl\u00ednicas confirmou em fato relevante que nenhum novo empr\u00e9stimo foi feito pela companhia com seu fundador ou qualquer outro administrador ap\u00f3s o IPO. <\/p>\n\n\n\n<h2 class=\"wp-block-heading\">6 &#8211; Transpar\u00eancia<\/h2>\n\n\n\n<p>O relat\u00f3rio da Polo Management destacou que alguns eventos relevantes, como o acordo de R$ 67 milh\u00f5es com a Dana Faber no 4\u00ba trimestre de 2022, al\u00e9m da sa\u00edda de conselheiros e executivos, n\u00e3o foram comunicados ao mercado, enquanto que outras aquisi\u00e7\u00f5es, como a de R$ 30 milh\u00f5es envolvendo uma empresa espanhola de medicina de precis\u00e3o (Medsir) no 1\u00ba trimestre de 2022 foi anunciada em fato relevante.<\/p>\n\n\n\n<p>Segundo os analistas do BBI, a aquisi\u00e7\u00e3o da Medsir era um fato novo, enquanto o contrato da Dana Faber n\u00e3o (era, na verdade, uma extens\u00e3o do contrato). <\/p>\n\n\n\n<p>&#8220;De acordo com a empresa, apenas as mudan\u00e7as de presidente, CEO e CFO exigem comunica\u00e7\u00e3o com o mercado. No entanto, eles podem ser vistos nas atas das reuni\u00f5es do conselho&#8221;, apontaram.<\/p>\n\n\n\n<h2 class=\"wp-block-heading\">7 &#8211; Conflito de interesses<\/h2>\n\n\n\n<p>Dois conselheiros ligados a Dana Faber aprovaram o acordo com o instituto norte-americano do c\u00e2ncer, apesar da veda\u00e7\u00e3o estatut\u00e1ria de casos que envolvam potencial conflito de interesses, apontou a Polo.<\/p>\n\n\n\n<p>Mas, segundo a Oncocl\u00ednicas, os conselheiros apontados n\u00e3o eram mais membros do conselho no momento da aprova\u00e7\u00e3o do neg\u00f3cio.<\/p>\n\n\n\n<h2 class=\"wp-block-heading\">8 &#8211; Remunera\u00e7\u00e3o desproporcional<\/h2>\n\n\n\n<p>Foi apontado que os membros da diretoria e administra\u00e7\u00e3o da Oncocl\u00ednicas t\u00eam remunera\u00e7\u00e3o desproporcional quando comparado com pares listados, em especial quando levado em considera\u00e7\u00e3o a menor escala da companhia.<\/p>\n\n\n\n<p>Segundo o Bradesco, as remunera\u00e7\u00f5es foram aprovadas pelos acionistas sem questionamentos e s\u00e3o baseadas no forte crescimento apresentado pela ONCO3 especialmente em 2022. &#8220;As metas de gerenciamento incluem crescimento de receita, fluxo de caixa e lucro l\u00edquido&#8221;.<\/p>\n\n\n\n<h2 class=\"wp-block-heading\">9 &#8211; Valuation<\/h2>\n\n\n\n<p>Na avalia\u00e7\u00e3o da gestora, a Oncocl\u00ednicas deveria negociar com desconto em rela\u00e7\u00e3o aos pares (<a href=\"https:\/\/investnews.com.br\/cotacao\/matd3-hospital-mater-dei-s-a\/\">MATD3<\/a>, <a href=\"https:\/\/investnews.com.br\/cotacao\/krsa3-kora-saude\/\">KRSA3<\/a>, <a href=\"https:\/\/investnews.com.br\/cotacao\/flry3-fleury\/\">FLRY3<\/a> e <a href=\"https:\/\/investnews.com.br\/cotacao\/dasa3-dasa\/\">DASA3<\/a>) &#8220;devido \u00e0 contabilidade agressiva, governan\u00e7a corporativa, capital de giro apertado e alta alavancagem&#8221;- e n\u00e3o com um pr\u00eamio de 32%.<\/p>\n\n\n\n<p>Mas o BBI rebate alegando que a companhia merece um pr\u00eamio devido aos fundamentos de crescimento &#8220;mais fortes&#8221;. <\/p>\n\n\n\n<blockquote class=\"wp-block-quote is-layout-flow wp-block-quote-is-layout-flow\">\n<p>&#8220;Al\u00e9m disso, n\u00e3o vimos os pontos levantados como grandes problemas&#8221;. <\/p>\n<cite>trecho de an\u00e1lise do bradesco bbi<\/cite><\/blockquote>\n\n\n\n<p><\/p>\n\n\n\n<p>Segundo os analistas, ao analisar o pre\u00e7o sobre lucro de 2024, a ONCO3 est\u00e1 negociando a 15x, o que representa um desconto de 23% sobre a m\u00e9dia de Mater Dei, Dasa e Kora, al\u00e9m do desconto de 44% em compara\u00e7\u00e3o com Rede D&#8217;Or (<a href=\"https:\/\/investnews.com.br\/cotacao\/rdor3-rede-dor\/\">RDOR3<\/a>).  <\/p>\n\n\n\n<figure class=\"wp-block-image size-large\"><img loading=\"lazy\" decoding=\"async\" width=\"1024\" height=\"768\" src=\"https:\/\/media.investnews.com.br\/uploads\/2023\/06\/blood-20745_1280-1024x768.jpg\" alt=\"Exame de sa\u00fade (Foto: Pixabay)\" class=\"wp-image-495662\" srcset=\"https:\/\/media.investnews.com.br\/uploads\/2023\/06\/blood-20745_1280-1024x768.jpg 1024w, https:\/\/media.investnews.com.br\/uploads\/2023\/06\/blood-20745_1280-300x225.jpg 300w, https:\/\/media.investnews.com.br\/uploads\/2023\/06\/blood-20745_1280-768x576.jpg 768w, https:\/\/media.investnews.com.br\/uploads\/2023\/06\/blood-20745_1280-1245x934.jpg 1245w, https:\/\/media.investnews.com.br\/uploads\/2023\/06\/blood-20745_1280-172x129.jpg 172w, https:\/\/media.investnews.com.br\/uploads\/2023\/06\/blood-20745_1280-150x113.jpg 150w, https:\/\/media.investnews.com.br\/uploads\/2023\/06\/blood-20745_1280.jpg 1280w\" sizes=\"auto, (max-width: 1024px) 100vw, 1024px\" \/><figcaption class=\"wp-element-caption\">Exame de sa\u00fade (Foto: Pixabay)<\/figcaption><\/figure>\n\n\n\n<p>Veja abaixo <strong>comunicado na \u00edntegra<\/strong> da Oncoclinicas sobre o caso:<\/p>\n\n\n\n<p>&#8220;<em>Em resposta ao Of\u00edcio, a Companhia vem, por meio deste comunicado ao mercado, esclarecer os principais questionamentos abordados pela gestora Polo Capital no \u00e2mbito da referida not\u00edcia, quais sejam: (i) metodologia de capitaliza\u00e7\u00e3o de ativo intang\u00edvel e ajustes ao EBITDA; (ii) temas de governan\u00e7a corporativa referentes \u00e0 remunera\u00e7\u00e3o de administradores, partes relacionadas e divulga\u00e7\u00f5es ao mercado; e (iii) din\u00e2mica do capital de giro, alavancagem e consolida\u00e7\u00e3o de controladas.<\/em><\/p>\n\n\n\n<p><em><strong>Capitaliza\u00e7\u00e3o de intang\u00edvel e Ajustes ao EBITDA<\/strong><\/em><\/p>\n\n\n\n<p><em>A Companhia esclarece que segue metodologia de contabiliza\u00e7\u00e3o respaldada pelas pr\u00e1ticas e normas cont\u00e1beis previstas no Pronunciamento T\u00e9cnico Cont\u00e1bil CPC 04 (R1) &#8211; Ativo Intang\u00edvel. Nesse sentido, a Companhia registra contabilmente os custos m\u00e9dicos de suas opera\u00e7\u00f5es devidamente como custo, de forma que tais custos impactam negativamente seu Lucro Bruto, capitalizando como intang\u00edvel t\u00e3o somente os valores relacionados \u00e0s obriga\u00e7\u00f5es de n\u00e3o concorr\u00eancia previstas nos contratos de presta\u00e7\u00e3o de servi\u00e7os m\u00e9dicos e que, segundo as normas cont\u00e1beis aplic\u00e1veis, podem ser objeto de capitaliza\u00e7\u00e3o.<\/em><\/p>\n\n\n\n<p><em>O incremento dos valores relacionados \u00e0s obriga\u00e7\u00f5es de n\u00e3o concorr\u00eancia e objeto de capitaliza\u00e7\u00e3o, observado ao longo dos \u00faltimos 12 meses, justifica-se pelo crescimento acentuado da base de profissionais m\u00e9dicos da Companhia durante tal per\u00edodo, fruto de um esfor\u00e7o bem- sucedido de atra\u00e7\u00e3o e reten\u00e7\u00e3o de um corpo m\u00e9dico altamente especializado e n\u00e3o em fun\u00e7\u00e3o de uma suposta mudan\u00e7a na pol\u00edtica de contabiliza\u00e7\u00e3o. Cabe tamb\u00e9m ressaltar que o modelo de neg\u00f3cios da Companhia se apoia predominantemente na robustez e escala de seu corpo cl\u00ednico, o que explica o fato de que o ativo referente a direito de exclusividade seja mais representativo em seu caso. Al\u00e9m disso, as despesas referentes \u00e0 amortiza\u00e7\u00e3o do ativo intang\u00edvel em quest\u00e3o transitam normalmente pela demonstra\u00e7\u00e3o de resultados da Companhia e, caso fossem contabilizadas como custo, conforme sugere a gestora &#8211; embora n\u00e3o seja o que prev\u00ea a norma cont\u00e1bil &#8211; o impacto na margem de EBITDA do primeiro trimestre de 2023 teria sido da ordem de 0,7%, portanto imaterial.<\/em><\/p>\n\n\n\n<p><em>Em rela\u00e7\u00e3o \u00e0 parceria com o Dana Faber, iniciada em 2014, a altera\u00e7\u00e3o da forma de contabiliza\u00e7\u00e3o de tal parceria ocorreu em 2022, em decorr\u00eancia de dois fatores: (i) extens\u00e3o do prazo de vig\u00eancia de tal parceria e (ii) amplia\u00e7\u00e3o de escopo da parceria, a qual passou a contemplar n\u00e3o apenas servi\u00e7os, mas tamb\u00e9m propriedade intelectual e transfer\u00eancia de tecnologia (este \u00faltimo escopo inclusive registrado junto ao INPI). Em fun\u00e7\u00e3o da amplia\u00e7\u00e3o de escopo, as parcelas referentes \u00e0 propriedade intelectual passaram a ser contabilizadas como ativo intang\u00edvel.<\/em><\/p>\n\n\n\n<p><em>Em rela\u00e7\u00e3o aos ajustes ao EBITDA, a Companhia esclarece que seu relat\u00f3rio de divulga\u00e7\u00e3o de resultados trimestral apresenta uma reconcilia\u00e7\u00e3o completa e bastante did\u00e1tica, partindo da Receita Bruta at\u00e9 o EBITDA Ajustado, em linha com o praticado por outras companhias do setor, n\u00e3o restando d\u00favidas ou quaisquer omiss\u00f5es em rela\u00e7\u00e3o aos itens que o comp\u00f5em. O total de ajustes representou 5,1% do EBITDA Ajustado no primeiro trimestre de 2023, contra 26,2% no terceiro trimestre de 2021, uma evolu\u00e7\u00e3o que foi, inclusive, destacada pela Companhia em sua \u00faltima apresenta\u00e7\u00e3o de resultados ao mercado.<\/em><\/p>\n\n\n\n<p><em>Esclarecemos, ainda, que a Companhia est\u00e1 em cumprimento com todos os \u00edndices financeiros por ela assumidos em seus contratos de financiamento, conforme divulgados em seu Formul\u00e1rio de Refer\u00eancia.<\/em><\/p>\n\n\n\n<p><em>A Companhia esclarece, por fim, que todas suas transa\u00e7\u00f5es est\u00e3o devidamente refletidas em suas demonstra\u00e7\u00f5es financeiras, de acordo com as pr\u00e1ticas e normas cont\u00e1beis aplic\u00e1veis.<\/em><\/p>\n\n\n\n<p><em><strong>Governan\u00e7a Corporativa<\/strong><\/em><\/p>\n\n\n\n<p><em>Em rela\u00e7\u00e3o \u00e0 remunera\u00e7\u00e3o da administra\u00e7\u00e3o estatut\u00e1ria, a Companhia esclarece que a sua pr\u00e1tica de remunera\u00e7\u00e3o est\u00e1 inserida em sua estrat\u00e9gia de est\u00edmulo, reten\u00e7\u00e3o e atra\u00e7\u00e3o de profissionais qualificados para o desempenho de fun\u00e7\u00f5es t\u00e9cnicas e especializadas, conforme descrito em seu Formul\u00e1rio de Refer\u00eancia. Essa estrat\u00e9gia se torna particularmente importante no caso da Companhia, diante da alta especializa\u00e7\u00e3o na atua\u00e7\u00e3o em oncologia, que requer administradores t\u00e9cnicos qualificados para garantir a sustentabilidade de longo prazo do neg\u00f3cio e fortalecimento do modelo de atua\u00e7\u00e3o da Companhia.<\/em><\/p>\n\n\n\n<p><em>Para a fixa\u00e7\u00e3o da remunera\u00e7\u00e3o dos administradores da Companhia, foram feitas avalia\u00e7\u00f5es de benchmarking considerando, dentre outros fatores, faturamento, n\u00famero de empregados e responsabilidades pela tomada de decis\u00e3o para cada cargo.<\/em><\/p>\n\n\n\n<p><em>Importante frisar que o valor global m\u00e1ximo a ser pago aos membros da Diretoria e do Conselho de Administra\u00e7\u00e3o a t\u00edtulo de remunera\u00e7\u00e3o \u00e9 aprovado pela Assembleia Geral de Acionistas da Companhia e que, no momento da aprova\u00e7\u00e3o desse valor na Assembleia Geral Ordin\u00e1ria e Extraordin\u00e1ria da Companhia, realizada em 28\/04\/2023, n\u00e3o houve qualquer questionamento pelos acionistas da Companhia.<\/em><\/p>\n\n\n\n<p><em>A varia\u00e7\u00e3o da remunera\u00e7\u00e3o fixa e vari\u00e1vel dos diretores estatut\u00e1rios entre os exerc\u00edcios de 2022 e 2023 justifica-se pelo acentuado crescimento das opera\u00e7\u00f5es da Companhia em 2022, tanto organicamente como pelas diversas aquisi\u00e7\u00f5es conclu\u00eddas, infla\u00e7\u00e3o acumulada no per\u00edodo, bem como pela necessidade de reten\u00e7\u00e3o, incentivo e adequa\u00e7\u00e3o do n\u00edvel de remunera\u00e7\u00e3o da administra\u00e7\u00e3o quando comparado a companhias de porte similar, al\u00e9m da performance atingida pela Companhia no exerc\u00edcio de 2022.<\/em><\/p>\n\n\n\n<p><em>Em rela\u00e7\u00e3o aos m\u00fatuos existentes entre a Companhia e seu fundador, o Dr. Bruno Ferrari, em linha com as suas demonstra\u00e7\u00f5es financeiras e com o item 11 do seu Formul\u00e1rio de Refer\u00eancia, a Companhia esclarece que os 4 contratos celebrados s\u00e3o anteriores \u00e0 oferta inicial p\u00fablica de a\u00e7\u00f5es (IPO) da Companhia, realizada em agosto 2021. Ap\u00f3s o IPO, nenhum novo m\u00fatuo foi celebrado pela Companhia com o seu fundador ou qualquer outro administrador, em observ\u00e2ncia \u00e0s regras da Pol\u00edtica de Transa\u00e7\u00f5es com Partes Relacionadas da Companhia, aprovada no contexto do IPO pelo Conselho de Administra\u00e7\u00e3o, que veda expressamente a realiza\u00e7\u00e3o de opera\u00e7\u00f5es de m\u00fatuos com administradores e outras partes relacionadas.<\/em><\/p>\n\n\n\n<p><em>Ainda com rela\u00e7\u00e3o \u00e0 Pol\u00edtica de Transa\u00e7\u00f5es com Partes Relacionadas da Companhia, vale destacar que ela foi atualizada em 7 de junho de 2023, pelo Conselho de Administra\u00e7\u00e3o, com a finalidade de alinhar as al\u00e7adas de aprova\u00e7\u00e3o l\u00e1 previstas com as al\u00e7adas j\u00e1 estabelecidas no estatuto social da Companhia, e que foram aprovadas pelos acionistas na Assembleia Geral Ordin\u00e1ria e Extraordin\u00e1ria, realizada em 29\/04\/2022.<\/em><\/p>\n\n\n\n<p><em>Por fim, em rela\u00e7\u00e3o \u00e0s divulga\u00e7\u00f5es ao mercado, a Companhia esclarece que sua pr\u00e1tica de divulga\u00e7\u00e3o de informa\u00e7\u00f5es ao mercado observa as disposi\u00e7\u00f5es legais e regulamentares aplic\u00e1veis.<\/em><\/p>\n\n\n\n<p><em><strong>Din\u00e2mica do capital de giro, alavancagem e consolida\u00e7\u00e3o de controladas<\/strong><\/em><\/p>\n\n\n\n<p><em>Os efeitos observados no fluxo de caixa da Companhia no primeiro trimestre de 2023 refletem eventos n\u00e3o recorrentes e sazonais observados em tal per\u00edodo, nomeadamente, a liquida\u00e7\u00e3o de uma opera\u00e7\u00e3o de risco sacado e sa\u00eddas de caixa referentes a itens que usualmente ocorrem no primeiro trimestre de cada ano. Tais itens foram devidamente detalhados nos materiais de divulga\u00e7\u00e3o dos resultados referentes ao primeiro trimestre de 2023 pela Companhia.<\/em><\/p>\n\n\n\n<p><em>A Companhia esclarece, ainda, que todas as entidades legais nas quais det\u00e9m participa\u00e7\u00e3o, que possuem acionistas minorit\u00e1rios e atendem aos requisitos de controle previstos no Pronunciamento T\u00e9cnico CPC 36 (R3) &#8211; Demonstra\u00e7\u00f5es Consolidadas, s\u00e3o devidamente consolidadas e apresentadas nas demonstra\u00e7\u00f5es financeiras da Companhia, conforme as normas cont\u00e1beis aplic\u00e1veis.<\/em><\/p>\n\n\n\n<p><em>A Companhia reitera seu compromisso de manter o mercado informado em rela\u00e7\u00e3o a atualiza\u00e7\u00f5es relevantes sobre o tema deste comunicado, por meio de canais habituais de divulga\u00e7\u00e3o de informa\u00e7\u00f5es da Companhia, quais sejam, os sites da CVM (www.cvm.gov.br), da B3 S.A. \u2013 Brasil, Bolsa, Balc\u00e3o (www.b3.com.br) e da Companhia (https:\/\/ri.grupooncoclinicas.com\/)<\/em>&#8220;. <\/p>\n","protected":false},"excerpt":{"rendered":"<p>A avalia\u00e7\u00e3o outperform (acima da m\u00e9dia do mercado equivalente \u00e0 compra) e pre\u00e7o alvo de R$ 14 at\u00e9 final de 2023 \u00e9 sustentado pelos analistas do BBI diante do potencial crescimento da companhia.<\/p>\n","protected":false},"author":37,"featured_media":496063,"comment_status":"closed","ping_status":"open","sticky":false,"template":"","format":"standard","meta":{"_acf_changed":false,"inline_featured_image":false,"footnotes":""},"categories":[4],"tags":[156,2449],"autor-wsj":[],"coauthors":[2270],"class_list":["post-495760","post","type-post","status-publish","format-standard","has-post-thumbnail","hentry","category-financas","tag-bradesco","tag-onco3"],"acf":[],"amp_enabled":true,"_links":{"self":[{"href":"https:\/\/investnews.com.br\/inv-api\/wp\/v2\/posts\/495760","targetHints":{"allow":["GET"]}}],"collection":[{"href":"https:\/\/investnews.com.br\/inv-api\/wp\/v2\/posts"}],"about":[{"href":"https:\/\/investnews.com.br\/inv-api\/wp\/v2\/types\/post"}],"author":[{"embeddable":true,"href":"https:\/\/investnews.com.br\/inv-api\/wp\/v2\/users\/37"}],"replies":[{"embeddable":true,"href":"https:\/\/investnews.com.br\/inv-api\/wp\/v2\/comments?post=495760"}],"version-history":[{"count":21,"href":"https:\/\/investnews.com.br\/inv-api\/wp\/v2\/posts\/495760\/revisions"}],"predecessor-version":[{"id":496071,"href":"https:\/\/investnews.com.br\/inv-api\/wp\/v2\/posts\/495760\/revisions\/496071"}],"wp:featuredmedia":[{"embeddable":true,"href":"https:\/\/investnews.com.br\/inv-api\/wp\/v2\/media\/496063"}],"wp:attachment":[{"href":"https:\/\/investnews.com.br\/inv-api\/wp\/v2\/media?parent=495760"}],"wp:term":[{"taxonomy":"category","embeddable":true,"href":"https:\/\/investnews.com.br\/inv-api\/wp\/v2\/categories?post=495760"},{"taxonomy":"post_tag","embeddable":true,"href":"https:\/\/investnews.com.br\/inv-api\/wp\/v2\/tags?post=495760"},{"taxonomy":"autor-wsj","embeddable":true,"href":"https:\/\/investnews.com.br\/inv-api\/wp\/v2\/autor-wsj?post=495760"},{"taxonomy":"author","embeddable":true,"href":"https:\/\/investnews.com.br\/inv-api\/wp\/v2\/coauthors?post=495760"}],"curies":[{"name":"wp","href":"https:\/\/api.w.org\/{rel}","templated":true}]}}