{"id":496403,"date":"2023-06-26T09:10:40","date_gmt":"2023-06-26T12:10:40","guid":{"rendered":"https:\/\/investnews.com.br\/?p=496403"},"modified":"2026-03-05T10:52:29","modified_gmt":"2026-03-05T13:52:29","slug":"familias-chefiadas-por-pessoas-negras-sao-mais-atingidas-pela-fome","status":"publish","type":"post","link":"https:\/\/investnews.com.br\/economia\/familias-chefiadas-por-pessoas-negras-sao-mais-atingidas-pela-fome\/","title":{"rendered":"Fam\u00edlias chefiadas por pessoas negras s\u00e3o mais atingidas pela fome"},"content":{"rendered":"\n<p>A <strong>fome<\/strong> \u00e9 um problema que atinge <strong>um quinto das fam\u00edlias<\/strong> chefiadas por pessoas autodeclaradas <strong>pardas e pretas no Brasil <\/strong>(20,6%). Esse percentual \u00e9 duas vezes maior quando comparado ao de fam\u00edlias comandadas por pessoas brancas (10,6%).<\/p>\n\n\n\n<p>Os dados, divulgados nesta segunda-feira (26), s\u00e3o referentes ao per\u00edodo entre novembro de 2021 e abril de 2022. Eles fazem parte do 2\u00ba Inqu\u00e9rito Nacional sobre Inseguran\u00e7a Alimentar no Contexto da Pandemia da Covid-19 no Brasil (II Vigisan).<\/p>\n\n\n\n<p>No total, <strong>33,1 milh\u00f5es de pessoas<\/strong> foram impactadas pela fome no pa\u00eds. Aqueles que se enquadram em determinados recortes de ra\u00e7a e g\u00eanero est\u00e3o mais vulner\u00e1veis. Os lares chefiados por mulheres negras representam 22% dos que sofrem com o problema, quase o dobro em rela\u00e7\u00e3o aos liderados por mulheres brancas (13,5%).<\/p>\n\n\n\n<blockquote class=\"wp-block-quote is-layout-flow wp-block-quote-is-layout-flow\">\n<p>\u201cA situa\u00e7\u00e3o de inseguran\u00e7a alimentar e de fome no Brasil ganha maior nitidez agora. Precisamos urgentemente reconhecer a interse\u00e7\u00e3o entre o racismo e o sexismo na forma\u00e7\u00e3o estrutural da sociedade brasileira, implementar e qualificar as pol\u00edticas p\u00fablicas, tornando-as&nbsp;promotoras da equidade e do acesso amplo, irrestrito e igualit\u00e1rio \u00e0 alimenta\u00e7\u00e3o\u201d, diz a professora Sandra Chaves, coordenadora da Rede Brasileira de Pesquisa em Soberania e Seguran\u00e7a Alimentar e Nutricional (Penssan).<\/p>\n<\/blockquote>\n\n\n\n<p>O&nbsp;Vigisan \u00e9 realizado pela Rede Penssan. Ele leva em conta dados registrados pelo Instituto Vox Populi, com apoio da A\u00e7\u00e3o da Cidadania,&nbsp;<em>ActionAid<\/em>,&nbsp;<em>Ford Foundation<\/em>, Funda\u00e7\u00e3o Friedrich Ebert Brasil, Ibirapitanga, Oxfam Brasil e Sesc S\u00e3o Paulo.<\/p>\n\n\n\n<p>Em dados gerais divulgados anteriormente, o estudo mostrou que quatro entre 10 fam\u00edlias tinham acesso pleno a alimentos, ou seja, em condi\u00e7\u00e3o de seguran\u00e7a alimentar. Por outro lado, 125,2 milh\u00f5es estavam na condi\u00e7\u00e3o de inseguran\u00e7a alimentar &#8211; leve, moderada ou grave. Os n\u00edveis foram medidos pela Escala Brasileira de Inseguran\u00e7a Alimentar (Ebia), tamb\u00e9m usada pelo Instituto Brasileiro de Geografia e Estat\u00edstica (IBGE).<\/p>\n\n\n\n<h2 class=\"wp-block-heading\">Escolaridade, emprego e filhos<\/h2>\n\n\n\n<p>Os recortes de ra\u00e7a e g\u00eanero tamb\u00e9m ficaram evidentes quando foram analisados outros dados como escolaridade, situa\u00e7\u00e3o de emprego e renda e presen\u00e7a de crian\u00e7as na fam\u00edlia.<\/p>\n\n\n\n<p>No caso dos lares chefiados por pessoas com oito anos ou mais de estudo, a falta de alimentos foi maior quando uma mulher negra estava \u00e0 frente: 33%. Esse n\u00famero foi menor no caso de homens negros (21,3%), mulheres brancas (17,8%) e homens brancos (9,8%).<\/p>\n\n\n\n<p>Nas fam\u00edlias com problemas de desemprego ou trabalho informal, a fome atingiu metade daquelas chefiadas por pessoas negras. Quando se trataram de pessoas brancas, um ter\u00e7o dos lares foi impactado. A inseguran\u00e7a alimentar grave foi mais freq\u00fcente em domic\u00edlios comandados por mulheres negras (39,5%) e homens negros (34,3%).<\/p>\n\n\n\n<p>Nas situa\u00e7\u00f5es em que a pessoa respons\u00e1vel tinha emprego formal, e a renda mensal familiar era maior do que um <a href=\"https:\/\/investnews.com.br\/guias\/salario-minimo\/\">sal\u00e1rio m\u00ednimo<\/a>&nbsp;<em>per capita&nbsp;<\/em>(para cada indiv\u00edduo), a seguran\u00e7a alimentar estava presente em 80% dos lares chefiados por pessoas brancas e em 73% dos chefiados por pessoas negras.<\/p>\n\n\n\n<p>A presen\u00e7a de crian\u00e7as menores de 10 anos de idade nas fam\u00edlias tamb\u00e9m foi um fator importante. Nesse contexto, a seguran\u00e7a alimentar era uma realidade em apenas 21,3% dos lares chefiados por mulheres negras, menos da metade dos chefiados por homens brancos (52,5%) e quase metade dos chefiados por mulheres brancas (39,5%).&nbsp;<\/p>\n","protected":false},"excerpt":{"rendered":"<p>Pesquisa mostra que fome atinge 1\/5 das fam\u00edlias chefiadas por pessoas pretas e pardas no Brasil.<\/p>\n","protected":false},"author":63,"featured_media":496405,"comment_status":"closed","ping_status":"open","sticky":false,"template":"","format":"standard","meta":{"_acf_changed":false,"inline_featured_image":false,"footnotes":""},"categories":[5],"tags":[54],"autor-wsj":[],"coauthors":[2490],"class_list":["post-496403","post","type-post","status-publish","format-standard","has-post-thumbnail","hentry","category-economia","tag-ibge"],"acf":[],"amp_enabled":true,"_links":{"self":[{"href":"https:\/\/investnews.com.br\/inv-api\/wp\/v2\/posts\/496403","targetHints":{"allow":["GET"]}}],"collection":[{"href":"https:\/\/investnews.com.br\/inv-api\/wp\/v2\/posts"}],"about":[{"href":"https:\/\/investnews.com.br\/inv-api\/wp\/v2\/types\/post"}],"author":[{"embeddable":true,"href":"https:\/\/investnews.com.br\/inv-api\/wp\/v2\/users\/63"}],"replies":[{"embeddable":true,"href":"https:\/\/investnews.com.br\/inv-api\/wp\/v2\/comments?post=496403"}],"version-history":[{"count":3,"href":"https:\/\/investnews.com.br\/inv-api\/wp\/v2\/posts\/496403\/revisions"}],"predecessor-version":[{"id":766699,"href":"https:\/\/investnews.com.br\/inv-api\/wp\/v2\/posts\/496403\/revisions\/766699"}],"wp:featuredmedia":[{"embeddable":true,"href":"https:\/\/investnews.com.br\/inv-api\/wp\/v2\/media\/496405"}],"wp:attachment":[{"href":"https:\/\/investnews.com.br\/inv-api\/wp\/v2\/media?parent=496403"}],"wp:term":[{"taxonomy":"category","embeddable":true,"href":"https:\/\/investnews.com.br\/inv-api\/wp\/v2\/categories?post=496403"},{"taxonomy":"post_tag","embeddable":true,"href":"https:\/\/investnews.com.br\/inv-api\/wp\/v2\/tags?post=496403"},{"taxonomy":"autor-wsj","embeddable":true,"href":"https:\/\/investnews.com.br\/inv-api\/wp\/v2\/autor-wsj?post=496403"},{"taxonomy":"author","embeddable":true,"href":"https:\/\/investnews.com.br\/inv-api\/wp\/v2\/coauthors?post=496403"}],"curies":[{"name":"wp","href":"https:\/\/api.w.org\/{rel}","templated":true}]}}