{"id":497240,"date":"2023-06-27T18:05:23","date_gmt":"2023-06-27T21:05:23","guid":{"rendered":"https:\/\/investnews.com.br\/?p=497240"},"modified":"2024-06-24T11:59:31","modified_gmt":"2024-06-24T14:59:31","slug":"plano-safra-tera-recurso-recorde-o-que-sera-das-acoes-do-agro","status":"publish","type":"post","link":"https:\/\/investnews.com.br\/financas\/plano-safra-tera-recurso-recorde-o-que-sera-das-acoes-do-agro\/","title":{"rendered":"Plano Safra ter\u00e1 recurso recorde; o que ser\u00e1 das a\u00e7\u00f5es do agro?"},"content":{"rendered":"\n<figure class=\"wp-block-embed is-type-video is-provider-youtube wp-block-embed-youtube wp-embed-aspect-16-9 wp-has-aspect-ratio\"><div class=\"wp-block-embed__wrapper\">\n<iframe loading=\"lazy\" title=\"Plano Safra ter\u00e1 recurso recorde; o que ser\u00e1 das A\u00c7\u00d5ES DO AGRO?; Rumo da Selic\" width=\"500\" height=\"281\" src=\"https:\/\/www.youtube.com\/embed\/2vvvtPHcglI?feature=oembed\" frameborder=\"0\" allow=\"accelerometer; autoplay; clipboard-write; encrypted-media; gyroscope; picture-in-picture; web-share\" referrerpolicy=\"strict-origin-when-cross-origin\" allowfullscreen><\/iframe>\n<\/div><\/figure>\n\n\n\n<p><\/p>\n\n\n\n<p>Quais os impactos para as a\u00e7\u00f5es do agroneg\u00f3cio com Plano Safra de R$ 364,22 bilh\u00f5es em financiamento?<\/p>\n\n\n\n<p>Foi lan\u00e7ado nesta ter\u00e7a-feira (27) o Plano Safra 2023\/24, de financiamento da agricultura e da pecu\u00e1ria empresarial no pa\u00eds. O ministro da Agricultura, Carlos F\u00e1varo, disse que trata-se de recursos recordes para financiamentos.<\/p>\n\n\n\n<p>Quais s\u00e3o as perspectivas para as a\u00e7\u00f5es do agroneg\u00f3cio? O setor pode seguir em destaque em 2023? Quais devem ser os pontos de aten\u00e7\u00e3o do investidor?<\/p>\n\n\n\n<p>Outro destaque desta quinta-feira \u00e9 a ata do <a href=\"https:\/\/investnews.com.br\/guias\/copom-taxa-selic\/\">Copom<\/a> referente \u00e0 decis\u00e3o do colegiado de manuten\u00e7\u00e3o da taxa b\u00e1sica de juros em 13,75% ano ano. Saiba o que o documento sinalizou e quais a\u00e7\u00f5es podem se beneficiar neste cen\u00e1rio.<\/p>\n\n\n\n<p>Al\u00e9m disso, foi divulgado o \u00cdndice Nacional de Pre\u00e7os ao Consumidor Amplo-15 (IPCA-15), considerado a pr\u00e9via da infla\u00e7\u00e3o oficial, que ficou em 0,04% em junho. O dado mostra uma desacelera\u00e7\u00e3o em rela\u00e7\u00e3o a maio, quando o \u00edndice ficou em 0,51%.<\/p>\n\n\n\n<p>O BLTM tamb\u00e9m apresenta os n\u00fameros do fechamento do mercado, com cota\u00e7\u00e3o do d\u00f3lar, <a href=\"https:\/\/investnews.com.br\/guias\/bitcoin-o-que-e-como-investir\/\">bitcoin<\/a> e Ibovespa do dia, al\u00e9m das a\u00e7\u00f5es que mais subiram e mais ca\u00edram. <\/p>\n\n\n\n<p>A apresenta\u00e7\u00e3o \u00e9 da jornalista Fabiana Ortega, com coment\u00e1rios de Luan Alves, analista chefe da VG Research.<\/p>\n","protected":false},"excerpt":{"rendered":"<p>Programa tamb\u00e9m apresenta os n\u00fameros do fechamento do mercado.<\/p>\n","protected":false},"author":36,"featured_media":247595,"comment_status":"closed","ping_status":"open","sticky":false,"template":"","format":"standard","meta":{"_acf_changed":false,"inline_featured_image":false,"footnotes":""},"categories":[4],"tags":[780,639],"autor-wsj":[],"coauthors":[2269],"class_list":["post-497240","post","type-post","status-publish","format-standard","has-post-thumbnail","hentry","category-financas","tag-agronegocio","tag-copom"],"acf":[],"amp_enabled":true,"_links":{"self":[{"href":"https:\/\/investnews.com.br\/inv-api\/wp\/v2\/posts\/497240","targetHints":{"allow":["GET"]}}],"collection":[{"href":"https:\/\/investnews.com.br\/inv-api\/wp\/v2\/posts"}],"about":[{"href":"https:\/\/investnews.com.br\/inv-api\/wp\/v2\/types\/post"}],"author":[{"embeddable":true,"href":"https:\/\/investnews.com.br\/inv-api\/wp\/v2\/users\/36"}],"replies":[{"embeddable":true,"href":"https:\/\/investnews.com.br\/inv-api\/wp\/v2\/comments?post=497240"}],"version-history":[{"count":7,"href":"https:\/\/investnews.com.br\/inv-api\/wp\/v2\/posts\/497240\/revisions"}],"predecessor-version":[{"id":497248,"href":"https:\/\/investnews.com.br\/inv-api\/wp\/v2\/posts\/497240\/revisions\/497248"}],"wp:featuredmedia":[{"embeddable":true,"href":"https:\/\/investnews.com.br\/inv-api\/wp\/v2\/media\/247595"}],"wp:attachment":[{"href":"https:\/\/investnews.com.br\/inv-api\/wp\/v2\/media?parent=497240"}],"wp:term":[{"taxonomy":"category","embeddable":true,"href":"https:\/\/investnews.com.br\/inv-api\/wp\/v2\/categories?post=497240"},{"taxonomy":"post_tag","embeddable":true,"href":"https:\/\/investnews.com.br\/inv-api\/wp\/v2\/tags?post=497240"},{"taxonomy":"autor-wsj","embeddable":true,"href":"https:\/\/investnews.com.br\/inv-api\/wp\/v2\/autor-wsj?post=497240"},{"taxonomy":"author","embeddable":true,"href":"https:\/\/investnews.com.br\/inv-api\/wp\/v2\/coauthors?post=497240"}],"curies":[{"name":"wp","href":"https:\/\/api.w.org\/{rel}","templated":true}]}}