{"id":498384,"date":"2023-06-29T18:14:40","date_gmt":"2023-06-29T21:14:40","guid":{"rendered":"https:\/\/investnews.com.br\/?p=498384"},"modified":"2025-08-08T16:33:57","modified_gmt":"2025-08-08T19:33:57","slug":"de-olho-na-selic-ifix-caminha-para-desempenho-semanal-melhor-que-ibovespa","status":"publish","type":"post","link":"https:\/\/investnews.com.br\/financas\/de-olho-na-selic-ifix-caminha-para-desempenho-semanal-melhor-que-ibovespa\/","title":{"rendered":"De olho na Selic, Ifix caminha para desempenho semanal melhor que Ibovespa"},"content":{"rendered":"<p>O \u00edndice da B3 que acompanha o desempenho dos <strong><a href=\"https:\/\/investnews.com.br\/guias\/fundos-imobiliarios\/\">fundos imobili\u00e1rios<\/a><\/strong> (FIIs), o <strong>Ifix<\/strong>, caminha para fechar a semana com desempenho superior ao principal indicador da bolsa brasileira, o <strong>Ibovespa<\/strong>. Enquanto o primeiro acumula uma alta de 0,81% na semana, o segundo tem queda de 0,5% at\u00e9 o fechamento desta quinta-feira (29).\u00a0<\/p><p>O movimento acontece em meio a uma semana de aten\u00e7\u00f5es voltadas \u00e0 <strong>expectativa sobre a <a href=\"https:\/\/investnews.com.br\/guias\/taxa-selic\/\">taxa Selic<\/a><\/strong>, com o mercado repercutindo a <a href=\"https:\/\/investnews.com.br\/economia\/ata-do-copom-aponta-para-divergencia-quanto-sinalizacao-de-corte-na-selic\/\">ata da \u00faltima reuni\u00e3o <\/a>do Comit\u00ea de Pol\u00edtica Monet\u00e1ria (Copom) e a divulga\u00e7\u00e3o de dados mais fracos de infla\u00e7\u00e3o, como a pr\u00e9via do \u00cdndice de Pre\u00e7os ao Consumidor Amplo (<a href=\"https:\/\/investnews.com.br\/economia\/ipca-15-desacelera-em-junho-e-previa-da-inflacao-fica-em-004\/\">IPCA-15) de junho <\/a>e o \u00cdndice Geral de Pre\u00e7os-Mercado <a href=\"https:\/\/investnews.com.br\/economia\/igp-m-tem-queda-de-193-em-junho-diz-fgv\/\">(IGP-M) de junho<\/a>.<\/p><figure class=\"wp-block-image size-full\"><img loading=\"lazy\" decoding=\"async\" width=\"820\" height=\"540\" src=\"https:\/\/media.investnews.com.br\/uploads\/2022\/11\/Destaque_site_F_Lima.jpg\" alt=\"Vista a\u00e9rea de avenida com tr\u00e1fego, arranha-c\u00e9us e vegeta\u00e7\u00e3o. Um pr\u00e9dio exibe o logo 'invest news'.\" class=\"wp-image-385248\" srcset=\"https:\/\/media.investnews.com.br\/uploads\/2022\/11\/Destaque_site_F_Lima.jpg 820w, https:\/\/media.investnews.com.br\/uploads\/2022\/11\/Destaque_site_F_Lima-300x198.jpg 300w, https:\/\/media.investnews.com.br\/uploads\/2022\/11\/Destaque_site_F_Lima-768x506.jpg 768w, https:\/\/media.investnews.com.br\/uploads\/2022\/11\/Destaque_site_F_Lima-172x113.jpg 172w, https:\/\/media.investnews.com.br\/uploads\/2022\/11\/Destaque_site_F_Lima-191x125.jpg 191w, https:\/\/media.investnews.com.br\/uploads\/2022\/11\/Destaque_site_F_Lima-150x99.jpg 150w\" sizes=\"auto, (max-width: 820px) 100vw, 820px\" \/><figcaption class=\"wp-element-caption\">Avenida Brigadeiro Faria Lima. Freepik.<\/figcaption><\/figure><p>Leandro Petrokas, diretor de research e s\u00f3cio da Quantzed, comenta que \u201cos FIIs s\u00e3o ativos bem sens\u00edveis \u00e0 queda nas taxas juros\u201d, o que ajuda a explicar o bom desempenho do Ifix nesta semana.\u00a0\u201cComo eles pagam dividendo mensal, se esse dividendo \u00e9 superior ao <a href=\"https:\/\/investnews.com.br\/guias\/o-que-e-cdi\/\">CDI<\/a>, h\u00e1 um fluxo comprador para essa classe de ativos\u201d, diz o especialista.\u00a0<\/p><p>Nesta semana, a expectativa do mercado por uma manuten\u00e7\u00e3o da taxa Selic em agosto caiu de 28,5% na \u00faltima sexta-feira (23) para apenas 17% agora, segundo dados da B3 sobre contratos de op\u00e7\u00e3o de Copom. J\u00e1 a <strong>probabilidade de corte de 0,25 ponto percentual <\/strong>subiu de 48% para<strong> 63%.<\/strong><\/p><p>Luan Alves, analista chefe da VG Research, aponta que o movimento das proje\u00e7\u00f5es dos juros tamb\u00e9m foi impactado por expectativas em rela\u00e7\u00e3o \u00e0 reuni\u00e3o do Conselho Monet\u00e1rio Nacional (CMN), que terminou nesta quinta com <a href=\"https:\/\/investnews.com.br\/economia\/cmn-mantem-meta-de-inflacao-em-3-para-2026-e-adota-regime-continuo\/\">manuten\u00e7\u00e3o da meta de infla\u00e7\u00e3o<\/a>.<\/p><p>Fernando Siqueira, head de research da Guide Investimentos, acrescenta que,<strong> <\/strong>\u201cnesta semana em particular, <strong>o Ibovespa teve uma corre\u00e7\u00e3o<\/strong> depois que chegou em <a href=\"https:\/\/investnews.com.br\/financas\/dolar-ibovespa-cotacao-21062023\/\">120 mil pontos<\/a>, e o Ifix est\u00e1 um pouco mais constante &#8211; vai subindo devagar, com pouca volatilidade\u201d.<\/p><figure class=\"wp-block-image size-large\"><img loading=\"lazy\" decoding=\"async\" width=\"1024\" height=\"683\" src=\"https:\/\/media.investnews.com.br\/uploads\/2023\/06\/380909586-1024x683.jpg\" alt=\"Ibovespa\" class=\"wp-image-491174\" srcset=\"https:\/\/media.investnews.com.br\/uploads\/2023\/06\/380909586-1024x683.jpg 1024w, https:\/\/media.investnews.com.br\/uploads\/2023\/06\/380909586-300x200.jpg 300w, https:\/\/media.investnews.com.br\/uploads\/2023\/06\/380909586-768x512.jpg 768w, https:\/\/media.investnews.com.br\/uploads\/2023\/06\/380909586-1536x1025.jpg 1536w, https:\/\/media.investnews.com.br\/uploads\/2023\/06\/380909586-1256x838.jpg 1256w, https:\/\/media.investnews.com.br\/uploads\/2023\/06\/380909586-172x115.jpg 172w, https:\/\/media.investnews.com.br\/uploads\/2023\/06\/380909586-150x100.jpg 150w, https:\/\/media.investnews.com.br\/uploads\/2023\/06\/380909586.jpg 2048w\" sizes=\"auto, (max-width: 1024px) 100vw, 1024px\" \/><figcaption class=\"wp-element-caption\">Visitante observa cota\u00e7\u00e3o do Ibovespa em painel da B3, em imagem de arquivo (Foto: Patricia Monteiro\/Bloomberg)<\/figcaption><\/figure><p>J\u00e1 o Ibovespa vem sendo impactado nas \u00faltimas semanas, entre outros fatores, pela queda da a\u00e7\u00e3o da Vale (<a href=\"https:\/\/investnews.com.br\/cotacao\/vale3-vale\/\">VALE3<\/a>), principal peso na composi\u00e7\u00e3o do \u00edndice, conforme apontam Petrokas e Alves. At\u00e9 agora, o papel acumula baixa semanal de 0,3%, de olho nas cota\u00e7\u00f5es do min\u00e9rio de ferro e perspectivas sobre a demanda da China.\u00a0<\/p><p>De qualquer maneira, Siqueira lembra que, \u201chistoricamente, quando os juros est\u00e3o caindo, tanto a bolsa quanto os fundos imobili\u00e1rios costumam ter uma performance melhor.\u201d<\/p><p>\u201cE \u00e9 isso que estamos vendo desde que o mercado passou a precificar mais a queda dos juros, entre abril e maio\u201d, diz ele. No acumulado de 2023, o Ifix tem alta de 9,24% e o Ibovespa, de 7,88%.<\/p>\n","protected":false},"excerpt":{"rendered":"<p>Especialistas tamb\u00e9m citam corre\u00e7\u00e3o do Ibovespa ap\u00f3s bater os 120 mil pontos.<\/p>\n","protected":false},"author":31,"featured_media":385248,"comment_status":"closed","ping_status":"open","sticky":false,"template":"","format":"standard","meta":{"_acf_changed":false,"inline_featured_image":false,"footnotes":""},"categories":[4],"tags":[300],"autor-wsj":[],"coauthors":[1908],"class_list":["post-498384","post","type-post","status-publish","format-standard","has-post-thumbnail","hentry","category-financas","tag-ifix"],"acf":[],"amp_enabled":true,"_links":{"self":[{"href":"https:\/\/investnews.com.br\/inv-api\/wp\/v2\/posts\/498384","targetHints":{"allow":["GET"]}}],"collection":[{"href":"https:\/\/investnews.com.br\/inv-api\/wp\/v2\/posts"}],"about":[{"href":"https:\/\/investnews.com.br\/inv-api\/wp\/v2\/types\/post"}],"author":[{"embeddable":true,"href":"https:\/\/investnews.com.br\/inv-api\/wp\/v2\/users\/31"}],"replies":[{"embeddable":true,"href":"https:\/\/investnews.com.br\/inv-api\/wp\/v2\/comments?post=498384"}],"version-history":[{"count":13,"href":"https:\/\/investnews.com.br\/inv-api\/wp\/v2\/posts\/498384\/revisions"}],"predecessor-version":[{"id":704095,"href":"https:\/\/investnews.com.br\/inv-api\/wp\/v2\/posts\/498384\/revisions\/704095"}],"wp:featuredmedia":[{"embeddable":true,"href":"https:\/\/investnews.com.br\/inv-api\/wp\/v2\/media\/385248"}],"wp:attachment":[{"href":"https:\/\/investnews.com.br\/inv-api\/wp\/v2\/media?parent=498384"}],"wp:term":[{"taxonomy":"category","embeddable":true,"href":"https:\/\/investnews.com.br\/inv-api\/wp\/v2\/categories?post=498384"},{"taxonomy":"post_tag","embeddable":true,"href":"https:\/\/investnews.com.br\/inv-api\/wp\/v2\/tags?post=498384"},{"taxonomy":"autor-wsj","embeddable":true,"href":"https:\/\/investnews.com.br\/inv-api\/wp\/v2\/autor-wsj?post=498384"},{"taxonomy":"author","embeddable":true,"href":"https:\/\/investnews.com.br\/inv-api\/wp\/v2\/coauthors?post=498384"}],"curies":[{"name":"wp","href":"https:\/\/api.w.org\/{rel}","templated":true}]}}