{"id":498482,"date":"2023-06-30T10:43:17","date_gmt":"2023-06-30T13:43:17","guid":{"rendered":"https:\/\/investnews.com.br\/?p=498482"},"modified":"2025-08-08T16:33:52","modified_gmt":"2025-08-08T19:33:52","slug":"alta-de-acoes-de-frigorificos-reflete-recuperacao-do-setor-dizem-analistas","status":"publish","type":"post","link":"https:\/\/investnews.com.br\/financas\/alta-de-acoes-de-frigorificos-reflete-recuperacao-do-setor-dizem-analistas\/","title":{"rendered":"Alta de a\u00e7\u00f5es de frigor\u00edficos reflete recupera\u00e7\u00e3o do setor, dizem analistas"},"content":{"rendered":"<p>As a\u00e7\u00f5es de frigor\u00edficos que fazem parte do Ibovespa caminham para fechar o m\u00eas de junho em alta, ap\u00f3s uma sequ\u00eancia de preg\u00f5es positivos para o setor. Especialistas apontam que o movimento reflete uma <strong>recupera\u00e7\u00e3o da baixa acumulada do setor<\/strong>  \u2013 que foi impactado no in\u00edcio do ano pelo corte de exporta\u00e7\u00f5es em vista de doen\u00e7as identificadas nas prote\u00ednas animais.<\/p><p>Victor Bueno, s\u00f3cio e analista de a\u00e7\u00f5es da Nord Research, comenta que nestes \u00faltimos dias o que est\u00e1 ocorrendo \u00e9, de fato, uma corre\u00e7\u00e3o das a\u00e7\u00f5es de frigor\u00edficos. &#8220;<strong>Agora que a gente come\u00e7a\u2026 a ver uma retomada das a\u00e7\u00f5es dos frigor\u00edficos<\/strong>\u201d, diz.\u00a0<\/p><p>Para ele, esse movimento positivo reflete a &#8220;melhora generalizada para os ativos de risco da bolsa [de valores]&#8221; \u2013 por conta da <a href=\"https:\/\/investnews.com.br\/economia\/copom-mantem-selic-em-1375-conforme-esperava-o-mercado\/\">proximidade do ciclo de corte de juros<\/a> \u2013, a retomada da exporta\u00e7\u00e3o para a China \u2013 que havia barrado os produtos brasileiros em vista da Encefalopatia Espongiforme Bovina (EEB), conhecida como doen\u00e7a da &#8220;vaca louca&#8221; \u2013\u00a0 e o retorno de investidores ao setor \u2013 que ficou &#8220;esquecido&#8221; no ano passado.<\/p><figure class=\"wp-block-image size-large\"><img loading=\"lazy\" decoding=\"async\" width=\"1024\" height=\"683\" src=\"https:\/\/media.investnews.com.br\/uploads\/2023\/05\/2023-05-11T220927Z_1_LYNXMPEJ4A0ZU_RTROPTP_4_EEUU-CARNE-ETIQUETADO-1024x683.jpg\" alt=\"Cortes de carne (bifes, costelas) em vitrine de a\u00e7ougue com etiquetas de pre\u00e7o vis\u00edveis.\" class=\"wp-image-481423\" srcset=\"https:\/\/media.investnews.com.br\/uploads\/2023\/05\/2023-05-11T220927Z_1_LYNXMPEJ4A0ZU_RTROPTP_4_EEUU-CARNE-ETIQUETADO-1024x683.jpg 1024w, https:\/\/media.investnews.com.br\/uploads\/2023\/05\/2023-05-11T220927Z_1_LYNXMPEJ4A0ZU_RTROPTP_4_EEUU-CARNE-ETIQUETADO-300x200.jpg 300w, https:\/\/media.investnews.com.br\/uploads\/2023\/05\/2023-05-11T220927Z_1_LYNXMPEJ4A0ZU_RTROPTP_4_EEUU-CARNE-ETIQUETADO-768x512.jpg 768w, https:\/\/media.investnews.com.br\/uploads\/2023\/05\/2023-05-11T220927Z_1_LYNXMPEJ4A0ZU_RTROPTP_4_EEUU-CARNE-ETIQUETADO-1536x1025.jpg 1536w, https:\/\/media.investnews.com.br\/uploads\/2023\/05\/2023-05-11T220927Z_1_LYNXMPEJ4A0ZU_RTROPTP_4_EEUU-CARNE-ETIQUETADO-1256x838.jpg 1256w, https:\/\/media.investnews.com.br\/uploads\/2023\/05\/2023-05-11T220927Z_1_LYNXMPEJ4A0ZU_RTROPTP_4_EEUU-CARNE-ETIQUETADO-172x115.jpg 172w, https:\/\/media.investnews.com.br\/uploads\/2023\/05\/2023-05-11T220927Z_1_LYNXMPEJ4A0ZU_RTROPTP_4_EEUU-CARNE-ETIQUETADO-150x100.jpg 150w, https:\/\/media.investnews.com.br\/uploads\/2023\/05\/2023-05-11T220927Z_1_LYNXMPEJ4A0ZU_RTROPTP_4_EEUU-CARNE-ETIQUETADO.jpg 2048w\" sizes=\"auto, (max-width: 1024px) 100vw, 1024px\" \/><figcaption class=\"wp-element-caption\">Carne bovina\n22\/08\/2022\nREUTERS\/Andrew Kelly<\/figcaption><\/figure><p><\/p><p>Do mesmo modo, Fabiano Vaz, tamb\u00e9m s\u00f3cio e analista de a\u00e7\u00f5es da Nord Research, aponta que a alta dos frigor\u00edficos est\u00e1 atrelada a um &#8220;movimento de recupera\u00e7\u00e3o&#8221; ap\u00f3s o caso da doen\u00e7a da &#8220;vaca louca&#8221; e da crise avi\u00e1ria. &#8220;Agora elas [a\u00e7\u00f5es de frigor\u00edficos] come\u00e7am a se recuperar, <strong>deixando essas crises para tr\u00e1s<\/strong>\u201d, diz. Ele ainda adiciona que est\u00e1 havendo uma melhora nos pre\u00e7os das prote\u00ednas, mas que ainda est\u00e3o abaixo do que eram no ano passado.<\/p><p>J\u00e1 Leandro Petrokas, diretor de research e s\u00f3cio da Quantzed, menciona que o ciclo do boi est\u00e1 perto do ponto de virada. &#8220;Usualmente, o ciclo \u00e9 de altern\u00e2ncia de dois anos de baixa e dois anos de alta. \u00c9 de se esperar uma alta no segundo semestre desses ativos\u201d, comenta.<\/p><p>Ele acrescenta que os pap\u00e9is tamb\u00e9m seguem reagindo com a not\u00edcia de que <strong>a China liberou a entrada de carne bovina <\/strong>ap\u00f3s caso da doen\u00e7a da &#8220;vaca louca&#8221;. &#8220;A not\u00edcia tem alguns dias, mas me parece fazer realmente pre\u00e7o no dia de hoje\u201d, pontuou, em coment\u00e1rio na quinta-feira (29).<\/p><p>Do mesmo modo, Eduardo Rahal e Jo\u00e3o Abdouni, analistas da Levante Corp, apontam que o setor de prote\u00edna animal apresentou margens muito apertadas nos \u00faltimos meses, mas que a recupera\u00e7\u00e3o agora vem da expectativa de um <strong>ponto de virada do ciclo e aumento da produ\u00e7\u00e3o e exporta\u00e7\u00e3o<\/strong>.\u00a0<\/p><p>Eles adicionam que o que ajudou a impulsionar ainda mais as a\u00e7\u00f5es do setor nesta sess\u00e3o foi a <strong>revis\u00e3o de estimativas e pre\u00e7os por parte de alguns bancos para as empresas<\/strong>, tamb\u00e9m em um dia de forte movimento de alta para o mercado local.<\/p><h2 class=\"wp-block-heading\">Cen\u00e1rio do setor<\/h2><p>Em fevereiro, os frigor\u00edficos foram impactados pela <strong>suspens\u00e3o da produ\u00e7\u00e3o de carne bovina para a China<\/strong> ap\u00f3s o relato de um caso da <a href=\"https:\/\/investnews.com.br\/economia\/governo-confirma-que-caso-de-vaca-louca-e-atipico\/\">doen\u00e7a da &#8220;vaca louca&#8221;<\/a>, mas a produ\u00e7\u00e3o certificada para embarque ao pa\u00eds asi\u00e1tico antes daquela data continuou sendo exportada, sob o risco de ter a entrada proibida no territ\u00f3rio chin\u00eas, o que acabou acontecendo.\u00a0<\/p><p>No in\u00edcio de junho, carregamentos de carne bovina brasileira, estimados em at\u00e9 70 mil toneladas, ficaram parados nos portos chineses \u00e0 espera de uma solu\u00e7\u00e3o para um impasse relacionado ao embargo. Apenas nesta ter\u00e7a-feira (27) parte dos carregamentos come\u00e7aram a ser liberados.<\/p><p>&#8220;Ainda n\u00e3o \u00e9 uma retomada totalmente normalizada. <strong>A gente espera uma normaliza\u00e7\u00e3o a partir do segundo semestre<\/strong>\u201d, diz Bueno, da Nord Research.<\/p><p>Outro problema enfrentado em junho foi a repercuss\u00e3o do caso <strong>v\u00edrus da influenza avi\u00e1ria de alta patogenicidade que atingiu granjas comerciais<\/strong>. O governo federal abriu cr\u00e9dito extraordin\u00e1rio de R$ 200 milh\u00f5es em favor do Minist\u00e9rio da Agricultura e Pecu\u00e1ria para o enfrentamento da doen\u00e7a.<\/p><h2 class=\"wp-block-heading\">Fechamento e notici\u00e1rio dos frigor\u00edficos\u00a0<\/h2><div class=\"flourish-embed flourish-chart\" data-src=\"visualisation\/14297628?1266799\"><script src=\"https:\/\/public.flourish.studio\/resources\/embed.js\"><\/script><\/div><h3 class=\"wp-block-heading\">Marfrig\u00a0<\/h3><p>A a\u00e7\u00e3o da Marfrig (<a href=\"https:\/\/investnews.com.br\/cotacao\/mrfg3-marfrig\/\">MRFG3<\/a>) encerrou a sess\u00e3o desta quinta em alta de 2,59%, cotada a R$ 7,14. Por outro lado, o ativo do frigor\u00edfico acumula baixa de 17,82% no ano.\u00a0Nesta sexta, o papel opera em alta.<\/p><p>Em maio, a companhia divulgou um aumento de capital avaliado em pelo menos R$ 1,5 bilh\u00e3o, com compromisso do <a href=\"https:\/\/investnews.com.br\/guias\/acionista-o-que-e-e-como-funciona\/\">acionista<\/a> controlador. Na \u00e9poca, a Marfrig tamb\u00e9m comunicou a sua participa\u00e7\u00e3o na opera\u00e7\u00e3o de capitaliza\u00e7\u00e3o da BRF \u2013 que foi aprovada preliminarmente pelo seu conselho de administra\u00e7\u00e3o, envolvendo a emiss\u00e3o de entre 240 milh\u00f5es e 360 milh\u00f5es de a\u00e7\u00f5es, avaliadas ao pre\u00e7o de R$ 6,25 cada na data.<\/p><p>J\u00e1 nesta quinta-feira, o Bank of America (BofA) reiterou a posi\u00e7\u00e3o neutra para a Marfrig. &#8220;Estamos cautelosos nas margens da carne bovina nos EUA&#8221;, diz o relat\u00f3rio do banco.<\/p><h3 class=\"wp-block-heading\">BRF\u00a0<\/h3><p>A a\u00e7\u00e3o da BRF (<a href=\"https:\/\/investnews.com.br\/cotacao\/brfs3-brf-sa\/\">BRFS3<\/a>) encerrou o preg\u00e3o de quinta em alta de 3,98%, cotada a R$ 8,63. O ativo do frigor\u00edfico acumula alta de 4,59% no ano.\u00a0O papel sobe novamente nesta sexta.<\/p><p>Em maio, foi divulgado o comunicado que a BRF passou a contar com participa\u00e7\u00e3o da Marfrig em sua opera\u00e7\u00e3o de capitaliza\u00e7\u00e3o. Al\u00e9m disso, a saudita Salic tamb\u00e9m se comprometeu com o investimento. Os valores das aplica\u00e7\u00f5es das companhias somados resultaram em de R$ 4,5 bilh\u00f5es.\u00a0<\/p><p>J\u00e1 em junho, a ag\u00eancia de classifica\u00e7\u00e3o de risco S&#038;P elevou a perspectiva do <a href=\"https:\/\/investnews.com.br\/guias\/rating-entenda-a-escala-de-classificacao-de-risco-de-credito\/\">rating<\/a> de cr\u00e9dito da BRF de &#8220;est\u00e1vel&#8221; para &#8220;positiva&#8221;. A ag\u00eancia tamb\u00e9m reafirmou o rating &#8220;BB-&#8221; da BRF, em escala internacional, ap\u00f3s uma revis\u00e3o da perspectiva do risco soberano do Brasil.<\/p><p>Nesta quinta-feira, o BofA reiterou a posi\u00e7\u00e3o neutra para a BRF. &#8220;Ainda n\u00e3o alterando as estimativas de custos, mas monitorando o tempo&#8221;, aponta o relat\u00f3rio do banco.<\/p><h3 class=\"wp-block-heading\">Minerva<\/h3><p>A a\u00e7\u00e3o da Minerva (<a href=\"https:\/\/investnews.com.br\/cotacao\/beef3-minerva\/\">BEEF3<\/a>) encerrou a \u00faltima sess\u00e3o em alta de 2,57%, cotada a R$ 10,38. No entanto, o ativo do frigor\u00edfico acumula baixa de 16,8% no ano.\u00a0A a\u00e7\u00e3o sobe de novo nesta sexta.<\/p><h3 class=\"wp-block-heading\"><strong>JBS<\/strong><\/h3><p>A a\u00e7\u00e3o da JBS (<a href=\"https:\/\/investnews.com.br\/cotacao\/jbss3-jbs\/\">JBSS3<\/a>) encerrou esta sess\u00e3o em alta de 6,67%, cotada a R$ 17,43. Por\u00e9m, o ativo do frigor\u00edfico acumula baixa de 15,99% no ano.\u00a0<\/p><p>O Bradesco BBI tamb\u00e9m elevou a recomenda\u00e7\u00e3o dos pap\u00e9is da JBS para &#8220;outperform&#8221;, com pre\u00e7o-alvo de R$ 30, avaliando que <strong>&#8220;o pior ficou para tr\u00e1s&#8221;<\/strong>. Para os analistas, a companhia deve mostrar recupera\u00e7\u00e3o de margem at\u00e9 2025 entre outros fatores pelas chuvas causadas pelo El Ni\u00f1o em junho, melhorando a oferta de pastagens\/gr\u00e3os e reduzindo custos.<\/p><p><em>*Com informa\u00e7\u00f5es da Reuters.<\/em><\/p>\n","protected":false},"excerpt":{"rendered":"<p>Empresas caminham para fechar junho em alta na bolsa, mas somente a BRF tem alta acumulada no ano.<\/p>\n","protected":false},"author":51,"featured_media":249327,"comment_status":"closed","ping_status":"open","sticky":false,"template":"","format":"standard","meta":{"_acf_changed":false,"inline_featured_image":false,"footnotes":""},"categories":[4],"tags":[244],"autor-wsj":[],"coauthors":[2425],"class_list":["post-498482","post","type-post","status-publish","format-standard","has-post-thumbnail","hentry","category-financas","tag-china"],"acf":[],"amp_enabled":true,"_links":{"self":[{"href":"https:\/\/investnews.com.br\/inv-api\/wp\/v2\/posts\/498482","targetHints":{"allow":["GET"]}}],"collection":[{"href":"https:\/\/investnews.com.br\/inv-api\/wp\/v2\/posts"}],"about":[{"href":"https:\/\/investnews.com.br\/inv-api\/wp\/v2\/types\/post"}],"author":[{"embeddable":true,"href":"https:\/\/investnews.com.br\/inv-api\/wp\/v2\/users\/51"}],"replies":[{"embeddable":true,"href":"https:\/\/investnews.com.br\/inv-api\/wp\/v2\/comments?post=498482"}],"version-history":[{"count":67,"href":"https:\/\/investnews.com.br\/inv-api\/wp\/v2\/posts\/498482\/revisions"}],"predecessor-version":[{"id":704090,"href":"https:\/\/investnews.com.br\/inv-api\/wp\/v2\/posts\/498482\/revisions\/704090"}],"wp:featuredmedia":[{"embeddable":true,"href":"https:\/\/investnews.com.br\/inv-api\/wp\/v2\/media\/249327"}],"wp:attachment":[{"href":"https:\/\/investnews.com.br\/inv-api\/wp\/v2\/media?parent=498482"}],"wp:term":[{"taxonomy":"category","embeddable":true,"href":"https:\/\/investnews.com.br\/inv-api\/wp\/v2\/categories?post=498482"},{"taxonomy":"post_tag","embeddable":true,"href":"https:\/\/investnews.com.br\/inv-api\/wp\/v2\/tags?post=498482"},{"taxonomy":"autor-wsj","embeddable":true,"href":"https:\/\/investnews.com.br\/inv-api\/wp\/v2\/autor-wsj?post=498482"},{"taxonomy":"author","embeddable":true,"href":"https:\/\/investnews.com.br\/inv-api\/wp\/v2\/coauthors?post=498482"}],"curies":[{"name":"wp","href":"https:\/\/api.w.org\/{rel}","templated":true}]}}