{"id":499199,"date":"2023-07-03T08:49:31","date_gmt":"2023-07-03T11:49:31","guid":{"rendered":"https:\/\/investnews.com.br\/?p=499199"},"modified":"2023-12-20T15:02:31","modified_gmt":"2023-12-20T18:02:31","slug":"varejo-reclama-de-nova-regra-para-importados","status":"publish","type":"post","link":"https:\/\/investnews.com.br\/economia\/varejo-reclama-de-nova-regra-para-importados\/","title":{"rendered":"Varejo reclama de nova regra para importados"},"content":{"rendered":"\n<p>Representantes do Instituto para Desenvolvimento do Varejo (IDV) dizem ter sido pegos de surpresa pela portaria do Minist\u00e9rio da Fazenda, publicada na semana passada,<a href=\"https:\/\/investnews.com.br\/economia\/fazenda-reduz-a-zero-aliquota-de-importacao-para-compras-de-ate-us-50\/\"> que zerou a al\u00edquota de importa\u00e7\u00e3o para compras no exterior de at\u00e9 US$ 50.<\/a> Segundo o presidente do IDV, Jorge Gon\u00e7alves Filho, o setor ser\u00e1 prejudicado com a medida.<\/p>\n\n\n\n<p>Um grupo do IDV se reuniu no s\u00e1bado (1) com o ministro da Fazenda, Fernando Haddad, e o secret\u00e1rio extraordin\u00e1rio da Reforma Tribut\u00e1ria, Bernard Appy. &#8220;N\u00e3o queremos redu\u00e7\u00e3o de impostos. Queremos mais isonomia.&#8221;<\/p>\n\n\n\n<ul class=\"wp-block-list\">\n<li><strong><em>Confira as a\u00e7\u00f5es<\/em><\/strong><a href=\"https:\/\/investnews.com.br\/cotacao\/amer3-americanas\/\" target=\"_blank\" rel=\"noreferrer noopener\"><strong><em> AMER3<\/em><\/strong><\/a><\/li>\n<\/ul>\n\n\n\n<p>O presidente da Petz (<a href=\"https:\/\/investnews.com.br\/cotacao\/petz3-petz\/\">PETZ3<\/a>), S\u00e9rgio Zimerman, que tamb\u00e9m participou da reuni\u00e3o, disse que o setor trabalha h\u00e1 tr\u00eas anos contra o que considera uma &#8220;ilegalidade&#8221;. Segundo ele, n\u00e3o \u00e9 justo o varejo brasileiro pagar mais imposto do que quem vem de fora do Pa\u00eds.<\/p>\n\n\n\n<blockquote class=\"wp-block-quote is-layout-flow wp-block-quote-is-layout-flow\">\n<p> &#8220;N\u00e3o podemos ter medidas que beneficiem apenas quem vem de fora. Sa\u00edmos daqui otimistas, mas com modera\u00e7\u00e3o.&#8221;<\/p>\n<cite>S\u00e9rgio Zimerman, PRESIDENTE DA PETZ<\/cite><\/blockquote>\n","protected":false},"excerpt":{"rendered":"<p> Segundo o presidente do Instituto para Desenvolvimento do Varejo (IDV), Jorge Gon\u00e7alves Filho, o setor ser\u00e1 prejudicado com a medida.<\/p>\n","protected":false},"author":61,"featured_media":492948,"comment_status":"closed","ping_status":"open","sticky":false,"template":"","format":"standard","meta":{"_acf_changed":false,"inline_featured_image":false,"footnotes":""},"categories":[5],"tags":[434,697,376],"autor-wsj":[],"coauthors":[2494],"class_list":["post-499199","post","type-post","status-publish","format-standard","has-post-thumbnail","hentry","category-economia","tag-impostos","tag-petz","tag-varejo"],"acf":[],"amp_enabled":true,"_links":{"self":[{"href":"https:\/\/investnews.com.br\/inv-api\/wp\/v2\/posts\/499199","targetHints":{"allow":["GET"]}}],"collection":[{"href":"https:\/\/investnews.com.br\/inv-api\/wp\/v2\/posts"}],"about":[{"href":"https:\/\/investnews.com.br\/inv-api\/wp\/v2\/types\/post"}],"author":[{"embeddable":true,"href":"https:\/\/investnews.com.br\/inv-api\/wp\/v2\/users\/61"}],"replies":[{"embeddable":true,"href":"https:\/\/investnews.com.br\/inv-api\/wp\/v2\/comments?post=499199"}],"version-history":[{"count":5,"href":"https:\/\/investnews.com.br\/inv-api\/wp\/v2\/posts\/499199\/revisions"}],"predecessor-version":[{"id":544163,"href":"https:\/\/investnews.com.br\/inv-api\/wp\/v2\/posts\/499199\/revisions\/544163"}],"wp:featuredmedia":[{"embeddable":true,"href":"https:\/\/investnews.com.br\/inv-api\/wp\/v2\/media\/492948"}],"wp:attachment":[{"href":"https:\/\/investnews.com.br\/inv-api\/wp\/v2\/media?parent=499199"}],"wp:term":[{"taxonomy":"category","embeddable":true,"href":"https:\/\/investnews.com.br\/inv-api\/wp\/v2\/categories?post=499199"},{"taxonomy":"post_tag","embeddable":true,"href":"https:\/\/investnews.com.br\/inv-api\/wp\/v2\/tags?post=499199"},{"taxonomy":"autor-wsj","embeddable":true,"href":"https:\/\/investnews.com.br\/inv-api\/wp\/v2\/autor-wsj?post=499199"},{"taxonomy":"author","embeddable":true,"href":"https:\/\/investnews.com.br\/inv-api\/wp\/v2\/coauthors?post=499199"}],"curies":[{"name":"wp","href":"https:\/\/api.w.org\/{rel}","templated":true}]}}