{"id":499635,"date":"2023-07-04T09:44:51","date_gmt":"2023-07-04T12:44:51","guid":{"rendered":"https:\/\/investnews.com.br\/?p=499635"},"modified":"2025-08-08T16:33:32","modified_gmt":"2025-08-08T19:33:32","slug":"volkswagen-anuncia-investimento-de-1-bilhao-de-euros-no-brasil","status":"publish","type":"post","link":"https:\/\/investnews.com.br\/negocios\/volkswagen-anuncia-investimento-de-1-bilhao-de-euros-no-brasil\/","title":{"rendered":"Volkswagen anuncia investimento de 1 bilh\u00e3o de euros no Brasil"},"content":{"rendered":"<p>A Volkswagen anunciou nesta ter\u00e7a-feira (4) planos de investir 1 bilh\u00e3o de euros no Brasil at\u00e9 2026, como parte de uma estrat\u00e9gia de crescer 40% no pa\u00eds nos pr\u00f3ximos anos. Em comunicado, a montadora alem\u00e3 disse que o investimento incluir\u00e1 o <strong>desenvolvimento local de motores de combust\u00e3o movidos a etanol <\/strong>e a expans\u00e3o de seu modelo de neg\u00f3cios de assinatura, voltado para o <strong>aluguel de carros<\/strong>.<\/p><p>A empresa tamb\u00e9m pretende lan\u00e7ar dois <strong>modelos totalmente el\u00e9tricos no Brasil<\/strong> este ano. At\u00e9 2025, 15 novos ve\u00edculos el\u00e9tricos e h\u00edbridos dever\u00e3o ser lan\u00e7ados no pa\u00eds. A meta da Volkswagen \u00e9 crescer 40% no Brasil at\u00e9 2027. Na Am\u00e9rica do Sul, a montadora espera que sua fatia de mercado expanda 11% anualmente at\u00e9 2030.<\/p><figure class=\"wp-block-image size-large\"><img loading=\"lazy\" decoding=\"async\" width=\"1024\" height=\"551\" src=\"https:\/\/media.investnews.com.br\/uploads\/2023\/06\/2023-06-28T010440Z_1_LYNXMPEJ5R010_RTROPTP_4_VOLKSWAGEN-BRAZIL-1024x551.jpg\" alt=\"Centenas de carros novos estacionados em um grande p\u00e1tio de f\u00e1brica sob c\u00e9u nublado.\" class=\"wp-image-497417\" srcset=\"https:\/\/media.investnews.com.br\/uploads\/2023\/06\/2023-06-28T010440Z_1_LYNXMPEJ5R010_RTROPTP_4_VOLKSWAGEN-BRAZIL-1024x551.jpg 1024w, https:\/\/media.investnews.com.br\/uploads\/2023\/06\/2023-06-28T010440Z_1_LYNXMPEJ5R010_RTROPTP_4_VOLKSWAGEN-BRAZIL-300x161.jpg 300w, https:\/\/media.investnews.com.br\/uploads\/2023\/06\/2023-06-28T010440Z_1_LYNXMPEJ5R010_RTROPTP_4_VOLKSWAGEN-BRAZIL-768x413.jpg 768w, https:\/\/media.investnews.com.br\/uploads\/2023\/06\/2023-06-28T010440Z_1_LYNXMPEJ5R010_RTROPTP_4_VOLKSWAGEN-BRAZIL-1536x826.jpg 1536w, https:\/\/media.investnews.com.br\/uploads\/2023\/06\/2023-06-28T010440Z_1_LYNXMPEJ5R010_RTROPTP_4_VOLKSWAGEN-BRAZIL-1256x675.jpg 1256w, https:\/\/media.investnews.com.br\/uploads\/2023\/06\/2023-06-28T010440Z_1_LYNXMPEJ5R010_RTROPTP_4_VOLKSWAGEN-BRAZIL-172x92.jpg 172w, https:\/\/media.investnews.com.br\/uploads\/2023\/06\/2023-06-28T010440Z_1_LYNXMPEJ5R010_RTROPTP_4_VOLKSWAGEN-BRAZIL-150x81.jpg 150w, https:\/\/media.investnews.com.br\/uploads\/2023\/06\/2023-06-28T010440Z_1_LYNXMPEJ5R010_RTROPTP_4_VOLKSWAGEN-BRAZIL.jpg 2048w\" sizes=\"auto, (max-width: 1024px) 100vw, 1024px\" \/><figcaption class=\"wp-element-caption\">P\u00e1tio de ve\u00edculos da Volkswagen, em Taubat\u00e9 (SP)\n19\/07\/2015\nREUTERS\/Paulo Whitaker<\/figcaption><\/figure>\n","protected":false},"excerpt":{"rendered":"<p>Objetivo \u00e9  para crescer 40% at\u00e9 2027.<\/p>\n","protected":false},"author":62,"featured_media":494272,"comment_status":"closed","ping_status":"open","sticky":false,"template":"","format":"standard","meta":{"_acf_changed":false,"inline_featured_image":false,"footnotes":""},"categories":[6],"tags":[297,579],"autor-wsj":[],"coauthors":[2499],"class_list":["post-499635","post","type-post","status-publish","format-standard","has-post-thumbnail","hentry","category-negocios","tag-carros","tag-volkswagen"],"acf":[],"amp_enabled":true,"_links":{"self":[{"href":"https:\/\/investnews.com.br\/inv-api\/wp\/v2\/posts\/499635","targetHints":{"allow":["GET"]}}],"collection":[{"href":"https:\/\/investnews.com.br\/inv-api\/wp\/v2\/posts"}],"about":[{"href":"https:\/\/investnews.com.br\/inv-api\/wp\/v2\/types\/post"}],"author":[{"embeddable":true,"href":"https:\/\/investnews.com.br\/inv-api\/wp\/v2\/users\/62"}],"replies":[{"embeddable":true,"href":"https:\/\/investnews.com.br\/inv-api\/wp\/v2\/comments?post=499635"}],"version-history":[{"count":3,"href":"https:\/\/investnews.com.br\/inv-api\/wp\/v2\/posts\/499635\/revisions"}],"predecessor-version":[{"id":704071,"href":"https:\/\/investnews.com.br\/inv-api\/wp\/v2\/posts\/499635\/revisions\/704071"}],"wp:featuredmedia":[{"embeddable":true,"href":"https:\/\/investnews.com.br\/inv-api\/wp\/v2\/media\/494272"}],"wp:attachment":[{"href":"https:\/\/investnews.com.br\/inv-api\/wp\/v2\/media?parent=499635"}],"wp:term":[{"taxonomy":"category","embeddable":true,"href":"https:\/\/investnews.com.br\/inv-api\/wp\/v2\/categories?post=499635"},{"taxonomy":"post_tag","embeddable":true,"href":"https:\/\/investnews.com.br\/inv-api\/wp\/v2\/tags?post=499635"},{"taxonomy":"autor-wsj","embeddable":true,"href":"https:\/\/investnews.com.br\/inv-api\/wp\/v2\/autor-wsj?post=499635"},{"taxonomy":"author","embeddable":true,"href":"https:\/\/investnews.com.br\/inv-api\/wp\/v2\/coauthors?post=499635"}],"curies":[{"name":"wp","href":"https:\/\/api.w.org\/{rel}","templated":true}]}}