{"id":500613,"date":"2023-07-06T07:20:00","date_gmt":"2023-07-06T10:20:00","guid":{"rendered":"https:\/\/investnews.com.br\/?p=500613"},"modified":"2025-08-08T16:33:14","modified_gmt":"2025-08-08T19:33:14","slug":"zagros-foi-criado-um-alarde-no-mercado-com-americanas-e-seu-impacto-nos-fiis","status":"publish","type":"post","link":"https:\/\/investnews.com.br\/financas\/zagros-foi-criado-um-alarde-no-mercado-com-americanas-e-seu-impacto-nos-fiis\/","title":{"rendered":"Zagros: Foi criado um alarde no mercado com Americanas e seu impacto nos FIIs"},"content":{"rendered":"<p>O diretor da Zagros Capital, gestora do oitavo maior fundo imobili\u00e1rio de gest\u00e3o ativa tipo tijolo, com foco em galp\u00f5es log\u00edsticos, o GGR Copevi Renda (<a href=\"https:\/\/investnews.com.br\/cotacao\/ggr-covepi-renda\/\">GGRC11<\/a>), disse que foi criado um &#8220;alarde&#8221; no mercado sobre a <strong>Americanas<\/strong> (<a href=\"https:\/\/investnews.com.br\/cotacao\/amer3-americanas\/\">AMER3<\/a>) e seu impacto nos FIIs de im\u00f3veis locados para a varejista.\u00a0A declara\u00e7\u00e3o foi feita em um evento da gestora em S\u00e3o Paulo.<\/p><p>&#8220;Tentamos acalmar os investidores ap\u00f3s o caso da Americanas vir \u00e0 tona no sentido de que n\u00e3o t\u00ednhamos <a href=\"https:\/\/investnews.com.br\/guias\/o-que-sao-debentures\/\">deb\u00eantures<\/a> da companhia, logo,\u00a0n\u00e3o ia virar p\u00f3&#8221;, disse Pedro van den Berg, CEO e diretor de gest\u00e3o da Zagros.<\/p><figure class=\"wp-block-image size-large\"><img decoding=\"async\" src=\"https:\/\/media.investnews.com.br\/uploads\/2023\/05\/2023-05-19T002832Z_1_LYNXMPEJ4I00G_RTROPTP_4_AMERICANAS-ACCOUNTS-1024x683.jpg\" alt=\"\" class=\"wp-image-481845\"><figcaption class=\"wp-element-caption\">Lojas Americanas em Bras\u00edlia\n12\/1\/2023 REUTERS\/Ueslei Marcelino<\/figcaption><\/figure><p>&#8220;Isso prova como n\u00e3o \u00e9 preciso desespero, uma vez que o GGCR \u00e9 um fundo de im\u00f3veis e n\u00e3o \u00e9 fundo de d\u00edvida&#8221;, complementou, citando ainda &#8220;a\u00e7\u00f5es que refletem muito mais essas quest\u00f5es de a empresa valer zero ou da d\u00edvida dela n\u00e3o ser paga&#8221;.\u00a0<\/p><p>Segundo ele, no limite, a gestora iria fazer um reposicionamento do ativo &#8211; por sinal, foi visto que o valor pago pela varejista estava abaixo da m\u00e9dia do mercado.\u00a0<\/p><blockquote class=\"wp-block-quote is-layout-flow wp-block-quote-is-layout-flow\">\n<p>&#8220;Quando olhamos para os <a href=\"https:\/\/investnews.com.br\/guias\/fundos-imobiliarios\/\">fundos imobili\u00e1rios<\/a> em geral, alguns deles mostravam exatamente isso. E com a Americanas tendo rescindido alguns contratos, deixando alguns im\u00f3veis,\u00a0 estamos vendo os fundos alocando esse mesmo ativo com um valor acima do contrato que tinha com a varejista&#8221;.<\/p>\n<cite>Pedro van den Berg, diretor de gest\u00e3o da Zagros<\/cite><\/blockquote><p><\/p><p>De acordo com Diego Rodrigues, diretor de engenharia e novos neg\u00f3cios\u00a0da gestora, o im\u00f3vel locado para a varejista pela Zagros tem excelente localiza\u00e7\u00e3o, infraestrutura, condom\u00ednio, acesso a rodovias importantes. Ele diz que a Americanas entendeu o valor do im\u00f3vel. Foi falado tamb\u00e9m que, nos <strong>mais de 90 mil metros quadrados<\/strong> locados para a varejista, n\u00e3o h\u00e1 sequer &#8220;uma goteira, tamanho zelo com o im\u00f3vel&#8221;.\u00a0<\/p><figure class=\"wp-block-image size-large\"><img loading=\"lazy\" decoding=\"async\" width=\"1024\" height=\"683\" src=\"https:\/\/media.investnews.com.br\/uploads\/2023\/07\/cafe3-1024x683.jpg\" alt=\"Da esquerda para direita: Diego Rodrigues, Diretor de Engenharia e Novos Neg\u00f3cios e Pedro Van Den Berg, Diretor de Gest\u00e3o da Zagros.\" class=\"wp-image-500630\" srcset=\"https:\/\/media.investnews.com.br\/uploads\/2023\/07\/cafe3-1024x683.jpg 1024w, https:\/\/media.investnews.com.br\/uploads\/2023\/07\/cafe3-300x200.jpg 300w, https:\/\/media.investnews.com.br\/uploads\/2023\/07\/cafe3-768x512.jpg 768w, https:\/\/media.investnews.com.br\/uploads\/2023\/07\/cafe3-1536x1024.jpg 1536w, https:\/\/media.investnews.com.br\/uploads\/2023\/07\/cafe3-1256x837.jpg 1256w, https:\/\/media.investnews.com.br\/uploads\/2023\/07\/cafe3-172x115.jpg 172w, https:\/\/media.investnews.com.br\/uploads\/2023\/07\/cafe3-150x100.jpg 150w, https:\/\/media.investnews.com.br\/uploads\/2023\/07\/cafe3.jpg 2048w\" sizes=\"auto, (max-width: 1024px) 100vw, 1024px\" \/><figcaption class=\"wp-element-caption\">Da esquerda para direita: Diego Rodrigues, diretor de engenharia e novos neg\u00f3cios, e Pedro Van Den Berg, diretor de gest\u00e3o da Zagros. Foto: C\u00e9sar Vergara | Zagros Capital<\/figcaption><\/figure><p>Segundo a Zagros, apesar do risco de cr\u00e9dito,\u00a0o patrim\u00f4nio do fundo n\u00e3o foi envolvido no caso. &#8220;A fraude foi assumida\u00a0pela Americanas, n\u00e3o reflete no nosso contrato. A varejista tem um <strong>contrato at\u00edpico com o GGCR11<\/strong>, o que significa que, caso venha a ter uma rescis\u00e3o, ele deve ser pago em sua totalidade&#8221;.<\/p><p>Para Van Den Berg, o impacto acaba sendo sobre o rendimento entregue aos cotistas, que acaba por ser reduzido. Por\u00e9m, no caso do GGCR, &#8220;os rendimentos ficaram dentro da m\u00e9dia do mercado&#8221;.<\/p><p>O executivo reiterou ainda que o desespero generalizado do mercado com os FIIs que, de alguma forma, tinham algum contrato com a Americanas acabou criando uma<strong> janela de oportunidades para investimentos<\/strong> em outras cotas de fundos imobili\u00e1rios. <\/p><p>A gestora tem tamb\u00e9m um Hedge Fund iniciado em novembro do ano passado que vem sendo usado como um &#8220;laborat\u00f3rio&#8221; com investidores profissionais antes de ser listado e oferecido ao p\u00fablico em geral. O <a href=\"https:\/\/investnews.com.br\/financas\/hedge-fund-em-teste-da-zagros-entrega-15-de-retorno-em-8-meses\/\">Zagros Multiestrat\u00e9gia<\/a> entregou em oito meses 15% em rendimentos mais valoriza\u00e7\u00e3o das cotas. Seus pares ALZM11, VGHF11, RBRF11, JSAF11, WHGR11, MANA11, SPXS11, RBRX11, MCHF11 e GAME11 entregaram retornos entre 14,7% e 2% em igual per\u00edodo.<\/p><p>&#8220;O caso Americanas abriu uma janela de investimento que a gente at\u00e9 aproveitou para nosso Hedge Fund,\u00a0sendo este um momento onde vimos a necessidade de ter\u00a0 um pouco de calma e serenidade para olhar as boas oportunidades&#8221;.\u00a0<\/p><p>Ainda segundo o CEO da Zagros, \u00e9 preciso que investidores se prendam aos fundamentos do fundo, da gestora e n\u00e3o focar apenas em burbuinhos do mercado.<\/p><blockquote class=\"wp-block-quote is-layout-flow wp-block-quote-is-layout-flow\">\n<p>&#8220;Ningu\u00e9m tem bola de cristal, mas o fundamento voc\u00ea consegue analisar&#8221;.\u00a0<\/p>\n<cite>Pedro van den Berg, Diretor de Gest\u00e3o da Zagros<\/cite><\/blockquote><p><\/p><h2 class=\"wp-block-heading\">Retorno GGCR11<\/h2><p>O fundo, que completa sete anos, vem consistentemente\u00a0batendo os \u00edndices de mercado, segundo a gestora, sendo este &#8220;um feito considerado dif\u00edcil no setor de FIIs&#8221;.<\/p><p>O ativo entregou nos \u00faltimos 12 meses 19,6% entre retorno de cotas e rendimentos \u00e0 sua base de cotistas que est\u00e1 em\u00a0103,6 mil, atualmente, segundo a Zagros. BRCO (23,6%), LVBI (23,4%), XPLG (23,3%) e HSLG (20%) foram os que registraram maiores retornos.\u00a0<\/p><p>Segundo Van Den Berg, a conclus\u00e3o \u00e9 que o mais relevante s\u00e3o os rendimentos entregues aos cotistas, e n\u00e3o o valor da cota em si.<\/p><p>Em carta da gestora datada em 3 de julho, foi informado que o fundo vai distribuir o valor de R$ 1,05  por cota em 10 de julho de 2023 aos cotistas titulares de cotas em 03 de julho do mesmo ano. O <a href=\"https:\/\/investnews.com.br\/guias\/dividend-yield\/\">dividend yield<\/a> \u00e9 de 0,91% no m\u00eas (10,93% anualizado), com base na cota de fechamento de maio (R$ 115,29). Foram negociadas 236.010 cotas do fundo na B3, com volume di\u00e1rio de aproximadamente R$ 1,2 milh\u00f5es, uma varia\u00e7\u00e3o  negativa de 14,29% versus o m\u00eas anterior, segundo relat\u00f3rio de gest\u00e3o.<\/p><figure class=\"wp-block-image size-large\"><img loading=\"lazy\" decoding=\"async\" width=\"1024\" height=\"408\" src=\"https:\/\/media.investnews.com.br\/uploads\/2023\/07\/Screenshot-2023-07-05-at-16.45.45-1024x408.png\" alt=\"Gr\u00e1ficos comparando dividend yield mensal e rentabilidades de GGRC11, fundos pares e NTN-B ao longo do tempo.\" class=\"wp-image-500626\" srcset=\"https:\/\/media.investnews.com.br\/uploads\/2023\/07\/Screenshot-2023-07-05-at-16.45.45-1024x408.png 1024w, https:\/\/media.investnews.com.br\/uploads\/2023\/07\/Screenshot-2023-07-05-at-16.45.45-300x120.png 300w, https:\/\/media.investnews.com.br\/uploads\/2023\/07\/Screenshot-2023-07-05-at-16.45.45-768x306.png 768w, https:\/\/media.investnews.com.br\/uploads\/2023\/07\/Screenshot-2023-07-05-at-16.45.45-1536x612.png 1536w, https:\/\/media.investnews.com.br\/uploads\/2023\/07\/Screenshot-2023-07-05-at-16.45.45-2048x816.png 2048w, https:\/\/media.investnews.com.br\/uploads\/2023\/07\/Screenshot-2023-07-05-at-16.45.45-1256x501.png 1256w, https:\/\/media.investnews.com.br\/uploads\/2023\/07\/Screenshot-2023-07-05-at-16.45.45-172x69.png 172w, https:\/\/media.investnews.com.br\/uploads\/2023\/07\/Screenshot-2023-07-05-at-16.45.45-150x60.png 150w\" sizes=\"auto, (max-width: 1024px) 100vw, 1024px\" \/><figcaption class=\"wp-element-caption\">Fonte: Zagros Capital<\/figcaption><\/figure><p>&#8220;Isso \u00e9 uma coisa que a gente tem trabalhado para que cada vez mais os rendimentos sejam melhorados, assim como o portf\u00f3lio com as devidas corre\u00e7\u00f5es dos contratos, para continuar distribuindo um n\u00edvel interessante ao investidor&#8221;, diz Van den Berg.<\/p><p>Ainda segundo o executivo, passado o per\u00edodo mais dif\u00edcil para o segmento desde a pandemia, neste semestre,\u00a0o mercado imobili\u00e1rio em geral &#8220;est\u00e1 respirando aliviado&#8221;.\u00a0<\/p><p>&#8220;Passamos por um per\u00edodo em que quem sobreviveu sobreviveu e vai colher os frutos agora da eventual melhora da economia. Mas no meu ponto de vista, a resili\u00eancia \u00e9 quem faz\u00a0a gest\u00e3o e o fundo evoluir.&#8221;<\/p><blockquote class=\"wp-block-quote is-layout-flow wp-block-quote-is-layout-flow\">\n<p>&#8220;O mercado imobili\u00e1rio n\u00e3o \u00e9 um uma corrida curta ou uma maratona, mas sim um voo longo. E n\u00e3o d\u00e1 para se apavorar a qualquer momento de turbul\u00eancia. \u00c9 preciso entender que vai passar. &#8220;<\/p>\n<cite>Van den Berg<\/cite><\/blockquote><p><\/p><p>O GGRC n\u00e3o apresenta vac\u00e2ncia f\u00edsica no portf\u00f3lio e sua base de cotistas registrou crescimento de 8,25% nos \u00faltimos 12 meses at\u00e9 final de maio.<\/p><h2 class=\"wp-block-heading\">2\u00ba semestre<\/h2><p>A gestora, que tem R$ 2 bilh\u00f5es sob gest\u00e3o e 18 ativos no portf\u00f3lio do GGRC, diz estar de olho em bons im\u00f3veis no segundo semestre, uma vez que um bom contrato e bom inquilino s\u00e3o moment\u00e2neos.<\/p><p>&#8220;Um im\u00f3vel bom \u00e9 interessante para o mercado, com infraestrutura, perto de rodovias, aeroportos, sendo onde estamos com nossos olhares voltados. Essa \u00e9 a filosofia das novas aquisi\u00e7\u00f5es&#8221;, apontou Diego Rodrigues.<\/p>\n","protected":false},"excerpt":{"rendered":"<p>Gestora do GGRC11 fez uma an\u00e1lise do 1\u00ba semestre do ano e comentou caso Americanas.<\/p>\n","protected":false},"author":37,"featured_media":500629,"comment_status":"closed","ping_status":"open","sticky":false,"template":"","format":"standard","meta":{"_acf_changed":false,"inline_featured_image":false,"footnotes":""},"categories":[4],"tags":[],"autor-wsj":[],"coauthors":[2270],"class_list":["post-500613","post","type-post","status-publish","format-standard","has-post-thumbnail","hentry","category-financas"],"acf":[],"amp_enabled":true,"_links":{"self":[{"href":"https:\/\/investnews.com.br\/inv-api\/wp\/v2\/posts\/500613","targetHints":{"allow":["GET"]}}],"collection":[{"href":"https:\/\/investnews.com.br\/inv-api\/wp\/v2\/posts"}],"about":[{"href":"https:\/\/investnews.com.br\/inv-api\/wp\/v2\/types\/post"}],"author":[{"embeddable":true,"href":"https:\/\/investnews.com.br\/inv-api\/wp\/v2\/users\/37"}],"replies":[{"embeddable":true,"href":"https:\/\/investnews.com.br\/inv-api\/wp\/v2\/comments?post=500613"}],"version-history":[{"count":37,"href":"https:\/\/investnews.com.br\/inv-api\/wp\/v2\/posts\/500613\/revisions"}],"predecessor-version":[{"id":704054,"href":"https:\/\/investnews.com.br\/inv-api\/wp\/v2\/posts\/500613\/revisions\/704054"}],"wp:featuredmedia":[{"embeddable":true,"href":"https:\/\/investnews.com.br\/inv-api\/wp\/v2\/media\/500629"}],"wp:attachment":[{"href":"https:\/\/investnews.com.br\/inv-api\/wp\/v2\/media?parent=500613"}],"wp:term":[{"taxonomy":"category","embeddable":true,"href":"https:\/\/investnews.com.br\/inv-api\/wp\/v2\/categories?post=500613"},{"taxonomy":"post_tag","embeddable":true,"href":"https:\/\/investnews.com.br\/inv-api\/wp\/v2\/tags?post=500613"},{"taxonomy":"autor-wsj","embeddable":true,"href":"https:\/\/investnews.com.br\/inv-api\/wp\/v2\/autor-wsj?post=500613"},{"taxonomy":"author","embeddable":true,"href":"https:\/\/investnews.com.br\/inv-api\/wp\/v2\/coauthors?post=500613"}],"curies":[{"name":"wp","href":"https:\/\/api.w.org\/{rel}","templated":true}]}}