{"id":501440,"date":"2023-07-10T05:00:00","date_gmt":"2023-07-10T08:00:00","guid":{"rendered":"https:\/\/investnews.com.br\/?p=501440"},"modified":"2025-08-08T16:32:54","modified_gmt":"2025-08-08T19:32:54","slug":"teremos-outros-projetos-para-expansao-no-brasil-diz-conselheiro-da-byd","status":"publish","type":"post","link":"https:\/\/investnews.com.br\/negocios\/teremos-outros-projetos-para-expansao-no-brasil-diz-conselheiro-da-byd\/","title":{"rendered":"&#8216;Teremos outros projetos para expans\u00e3o no Brasil&#8217;, diz conselheiro da BYD"},"content":{"rendered":"<p>Os esfor\u00e7os da montadora chinesa BYD no Brasil podem ser vistos pelos investimentos recentes como a aquisi\u00e7\u00e3o da f\u00e1brica da Ford na Bahia e a parceria com a empresa de transporte por aplicativo 99 anunciada na \u00faltima quarta-feira (5). Mas Alexandre Baldy, conselheiro da empresa no Brasil, diz que h\u00e1 outros projetos para expans\u00e3o no pa\u00eds\u00a0<\/p><p>\u201cCom certeza teremos outros projetos para expans\u00e3o no Brasil, sempre abrindo caminho, <strong>rumo \u00e0 lideran\u00e7a do mercado automotivo no pa\u00eds<\/strong> e \u00e0 constru\u00e7\u00e3o de um futuro mais verde e sustent\u00e1vel. A BYD acredita no Brasil\u201d, disse o executivo em entrevista ao <em>InvestNews<\/em>.<\/p><figure class=\"wp-block-image size-large\"><img loading=\"lazy\" decoding=\"async\" width=\"1024\" height=\"683\" src=\"https:\/\/media.investnews.com.br\/uploads\/2023\/07\/2023-07-05T121929Z_1_LYNXMPEJ640FZ_RTROPTP_4_EMPRESAS-BYD-99-EV-1024x683.jpg\" alt=\"Carro BYD cinza com emblema na traseira e logo BYD grande em concession\u00e1ria ao fundo.\" class=\"wp-image-501525\" srcset=\"https:\/\/media.investnews.com.br\/uploads\/2023\/07\/2023-07-05T121929Z_1_LYNXMPEJ640FZ_RTROPTP_4_EMPRESAS-BYD-99-EV-1024x683.jpg 1024w, https:\/\/media.investnews.com.br\/uploads\/2023\/07\/2023-07-05T121929Z_1_LYNXMPEJ640FZ_RTROPTP_4_EMPRESAS-BYD-99-EV-300x200.jpg 300w, https:\/\/media.investnews.com.br\/uploads\/2023\/07\/2023-07-05T121929Z_1_LYNXMPEJ640FZ_RTROPTP_4_EMPRESAS-BYD-99-EV-768x512.jpg 768w, https:\/\/media.investnews.com.br\/uploads\/2023\/07\/2023-07-05T121929Z_1_LYNXMPEJ640FZ_RTROPTP_4_EMPRESAS-BYD-99-EV-1536x1024.jpg 1536w, https:\/\/media.investnews.com.br\/uploads\/2023\/07\/2023-07-05T121929Z_1_LYNXMPEJ640FZ_RTROPTP_4_EMPRESAS-BYD-99-EV-1256x837.jpg 1256w, https:\/\/media.investnews.com.br\/uploads\/2023\/07\/2023-07-05T121929Z_1_LYNXMPEJ640FZ_RTROPTP_4_EMPRESAS-BYD-99-EV-172x115.jpg 172w, https:\/\/media.investnews.com.br\/uploads\/2023\/07\/2023-07-05T121929Z_1_LYNXMPEJ640FZ_RTROPTP_4_EMPRESAS-BYD-99-EV-150x100.jpg 150w, https:\/\/media.investnews.com.br\/uploads\/2023\/07\/2023-07-05T121929Z_1_LYNXMPEJ640FZ_RTROPTP_4_EMPRESAS-BYD-99-EV.jpg 2048w\" sizes=\"auto, (max-width: 1024px) 100vw, 1024px\" \/><figcaption class=\"wp-element-caption\">Ve\u00edculo da BYD sendo exibido em evento no Reino Unido\n28\/04\/2023\nREUTERS\/Nick Carey<\/figcaption><\/figure><p>A BYD investir\u00e1 R$ 3 bilh\u00f5es em um complexo industrial em Cama\u00e7ari, na Bahia, previsto para come\u00e7ar a operar no segundo semestre de 2024. O grupo afirmou que a <strong>produ\u00e7\u00e3o nacional de ve\u00edculos el\u00e9tricos <\/strong>permitir\u00e1 pre\u00e7os mais competitivos.<\/p><p>A gigante chinesa, principal <strong>concorrente da Tesla<\/strong>, desembarcou no mercado brasileiro em 2015, quando inaugurou sua primeira f\u00e1brica de montagem de <strong>\u00f4nibus el\u00e9tricos<\/strong>, em Campinas (SP).\u00a0<\/p><p>A companhia quer <strong>fabricar carros el\u00e9tricos no Brasil j\u00e1 <\/strong>a partir do ano que vem. O objetivo \u00e9 estabelecer uma cadeia de suprimentos completa no Brasil para a produ\u00e7\u00e3o dos ve\u00edculos \u2013 o que pode, inclusive, atrair outras empresas chinesas especializadas na produ\u00e7\u00e3o de el\u00e9tricos.<\/p><blockquote class=\"wp-block-quote is-layout-flow wp-block-quote-is-layout-flow\">\n<p>\u201cA BYD enxerga o mercado brasileiro como o mais importante na Am\u00e9rica Latina e com enorme potencial de transforma\u00e7\u00e3o\u201d<\/p>\n<cite>Alexandre Baldy, conselheiro da BYD no Brasil<\/cite><\/blockquote><p><\/p><p>A BYD pretende iniciar a opera\u00e7\u00e3o de tr\u00eas f\u00e1bricas ao mesmo tempo: uma para a produ\u00e7\u00e3o de chassis de \u00f4nibus e caminh\u00f5es el\u00e9tricos; outra focada em autom\u00f3veis h\u00edbridos e el\u00e9tricos; e a terceira focada no processamento de l\u00edtio e ferro fosfato para o mercado externo.<\/p><p>Segundo a companhia, a f\u00e1brica de autom\u00f3veis h\u00edbridos e el\u00e9tricos ter\u00e1 capacidade estimada em 150 mil unidades ao ano, podendo chegar a 300 mil. O investimento deve gerar mais de 5 mil empregos e pretende priorizar fornecedores locais, de acordo com a empresa.<\/p><p>A <strong>BYD <\/strong>vem ganhando cada vez mais espa\u00e7o no mercado na produ\u00e7\u00e3o de ve\u00edculos el\u00e9tricos. A chinesa, hoje a maior concorrente da Tesla, ultrapassou a empresa de Elon Musk no segundo trimestre de 2023 com vendas recordes de <strong>ve\u00edculos h\u00edbridos e el\u00e9tricos<\/strong>.<\/p><figure class=\"wp-block-image size-large\"><img loading=\"lazy\" decoding=\"async\" width=\"1024\" height=\"683\" src=\"https:\/\/media.investnews.com.br\/uploads\/2023\/07\/2023-06-30T163734Z_1_LYNXMPEJ5T0OG_RTROPTP_4_TESLA-CHINA-1024x683.jpg\" alt=\"Showroom Tesla com carro branco em exibi\u00e7\u00e3o, grande logo iluminado da marca e clientes.\" class=\"wp-image-501526\" srcset=\"https:\/\/media.investnews.com.br\/uploads\/2023\/07\/2023-06-30T163734Z_1_LYNXMPEJ5T0OG_RTROPTP_4_TESLA-CHINA-1024x683.jpg 1024w, https:\/\/media.investnews.com.br\/uploads\/2023\/07\/2023-06-30T163734Z_1_LYNXMPEJ5T0OG_RTROPTP_4_TESLA-CHINA-300x200.jpg 300w, https:\/\/media.investnews.com.br\/uploads\/2023\/07\/2023-06-30T163734Z_1_LYNXMPEJ5T0OG_RTROPTP_4_TESLA-CHINA-768x512.jpg 768w, https:\/\/media.investnews.com.br\/uploads\/2023\/07\/2023-06-30T163734Z_1_LYNXMPEJ5T0OG_RTROPTP_4_TESLA-CHINA-1536x1024.jpg 1536w, https:\/\/media.investnews.com.br\/uploads\/2023\/07\/2023-06-30T163734Z_1_LYNXMPEJ5T0OG_RTROPTP_4_TESLA-CHINA-1256x837.jpg 1256w, https:\/\/media.investnews.com.br\/uploads\/2023\/07\/2023-06-30T163734Z_1_LYNXMPEJ5T0OG_RTROPTP_4_TESLA-CHINA-172x115.jpg 172w, https:\/\/media.investnews.com.br\/uploads\/2023\/07\/2023-06-30T163734Z_1_LYNXMPEJ5T0OG_RTROPTP_4_TESLA-CHINA-150x100.jpg 150w, https:\/\/media.investnews.com.br\/uploads\/2023\/07\/2023-06-30T163734Z_1_LYNXMPEJ5T0OG_RTROPTP_4_TESLA-CHINA.jpg 2048w\" sizes=\"auto, (max-width: 1024px) 100vw, 1024px\" \/><figcaption class=\"wp-element-caption\">Visitantes veem carro Tesla Model 3 ao lado de um Model Y em um showroom em Pequim, China\n04\/02\/2023\nREUTERS\/Florence Lo\/File Photo<\/figcaption><\/figure><h2 class=\"wp-block-heading\">Perspectivas para carros el\u00e9tricos no Brasil\u00a0<\/h2><p>Muito desse movimento se d\u00e1 pelo barateamento dos autom\u00f3veis e o aumento dos carregadores p\u00fablicos e semip\u00fablicos por todo o Brasil. O pa\u00eds ultrapassou a marca de <strong>150 mil ve\u00edculos el\u00e9tricos em circula\u00e7\u00e3o<\/strong>, chegando a 152.453 em maio.<\/p><p>Segundo dados da Associa\u00e7\u00e3o Brasileira do Ve\u00edculo El\u00e9trico (ABVE), foram registrados 6.435 emplacamentos em maio deste ano, na maior marca mensal de vendas de ve\u00edculos leves eletrificados desde o in\u00edcio da s\u00e9rie hist\u00f3rica \u2013 e o n\u00famero tende a crescer para o m\u00eas de junho.\u00a0<\/p><p>Ricardo David, s\u00f3cio-diretor da Elev, empresa especializada em solu\u00e7\u00f5es para a eletromobilidade, acredita que este \u00e9 o caminho para a eletrifica\u00e7\u00e3o do pa\u00eds.\u00a0<\/p><p>\u201cOs dados deixam claro que o Brasil tem o potencial de se tornar um grande s\u00edmbolo da eletrifica\u00e7\u00e3o, principalmente considerando a nossa matriz energ\u00e9tica limpa e o potencial que \u00e9 disponibilizado pela eletrifica\u00e7\u00e3o das frotas de \u00f4nibus. Ao meu ver, esse \u00e9 o primeiro grande passo para um futuro que \u00e9 irrevers\u00edvel e imensur\u00e1vel\u201d, afirma.<\/p><p>A <a href=\"https:\/\/investnews.com.br\/negocios\/volkswagen-anuncia-investimento-de-1-bilhao-de-euros-no-brasil\/\">Volkswagen<\/a> \u00e9 outra empresa que j\u00e1 anunciou planos para investir no segmento de carros el\u00e9tricos no Brasil. Na \u00faltima semana, a montadora informou que pretende investir 1 bilh\u00e3o de euros no pa\u00eds at\u00e9 2026, como parte de uma estrat\u00e9gia de crescer 40% no pa\u00eds nos pr\u00f3ximos anos.\u00a0<\/p><figure class=\"wp-block-image size-large\"><img decoding=\"async\" src=\"https:\/\/media.investnews.com.br\/uploads\/2023\/07\/2023-06-28T154039Z_1_LYNXMPEJ5R0KB_RTROPTP_4_VOLKSWAGEN-ELECTRIC-1024x706.jpg\" alt=\"M\u00e3os posicionando o logotipo da Volkswagen em uma superf\u00edcie branca.\" class=\"wp-image-501541\"><figcaption class=\"wp-element-caption\">T\u00e9cnico instala logo da VW em linha de montagem da montadora\n08\/06\/2023\nREUTERS\/Matthias Rietschel<\/figcaption><\/figure><p>A alem\u00e3 tamb\u00e9m pretende lan\u00e7ar dois modelos totalmente el\u00e9tricos no Brasil este ano. At\u00e9 2025, 15 novos ve\u00edculos el\u00e9tricos e h\u00edbridos dever\u00e3o ser lan\u00e7ados no pa\u00eds.\u00a0<\/p><p>A meta da Volkswagen \u00e9 crescer 40% no Brasil at\u00e9 2027. Na Am\u00e9rica do Sul, a montadora espera que sua fatia de mercado expanda 11% anualmente at\u00e9 2030.<\/p><p>Segundo os dados da ABVE, no primeiro semestre deste ano, houve um aumento de 59% das <strong>unidades de carros el\u00e9tricos vendidas<\/strong> em rela\u00e7\u00e3o ao mesmo per\u00edodo de 2022. Os n\u00fameros consolidam o primeiro semestre de 2023 como o melhor da s\u00e9rie hist\u00f3rica da ABVE.<\/p><p>\u201cEm outros mercados do mundo, principalmente <a href=\"https:\/\/investnews.com.br\/economia\/india-gera-desafios-economicos-ao-se-tornar-a-nacao-mais-populosa-do-mundo\/\">China e \u00cdndia<\/a>, j\u00e1 vemos modelos el\u00e9tricos sendo vendidos por valores abaixo dos seus concorrentes a combust\u00e3o. Isso, combinado com o baixo custo de manuten\u00e7\u00e3o dos ve\u00edculos el\u00e9tricos, \u00e9 uma verdadeira revolu\u00e7\u00e3o para a ind\u00fastria\u201d, diz Ricardo David, da Elev.\u00a0<\/p><figure class=\"wp-block-image size-large\"><img decoding=\"async\" src=\"https:\/\/media.investnews.com.br\/uploads\/2023\/07\/2023-06-21T164818Z_1_LYNXMPEJ5K0PK_RTROPTP_4_CHINA-ECONOMY-1024x681.jpg\" alt=\"Rob\u00f4s montam carrocerias de carros em linha de produ\u00e7\u00e3o.\" class=\"wp-image-501529\"><figcaption class=\"wp-element-caption\">Bra\u00e7os rob\u00f3ticos montam carros na linha de produ\u00e7\u00e3o de ve\u00edculos el\u00e9tricos da Leapmotor em uma f\u00e1brica em Jinhua, prov\u00edncia de Zhejiang, China\n26\/04\/2023\nChina Daily via REUTERS<\/figcaption><\/figure><p>Segundo o empres\u00e1rio, os investimentos recentes na<strong> produ\u00e7\u00e3o de \u00f4nibus el\u00e9tricos <\/strong>podem representar uma economia para os cofres p\u00fablicos e tendem a ser um vetor para a diminui\u00e7\u00e3o do pre\u00e7o das passagens. \u201cOs \u00f4nibus el\u00e9tricos podem trazer uma economia de at\u00e9 70% nos custos operacionais\u201d, explica.<\/p><h2 class=\"wp-block-heading\">Incentivos ainda engatinham\u00a0<\/h2><p>O governo da Bahia anunciou na \u00faltima ter\u00e7a-feira (4) medidas para estimular a <strong>produ\u00e7\u00e3o local de ve\u00edculos el\u00e9tricos<\/strong>. Al\u00e9m da isen\u00e7\u00e3o do <a href=\"https:\/\/investnews.com.br\/guias\/o-que-e-icms\/\">ICMS<\/a> at\u00e9 2032, prevista em lei, haver\u00e1 isen\u00e7\u00e3o completa de IPVA para os carros que s\u00e3o fabricados e que circulam no estado, conforme anunciado pelo governador Jer\u00f4nimo Rodrigues (PT).<\/p><p>Contudo, Ricardo David julga que o <strong>carro el\u00e9trico<\/strong> s\u00f3 ter\u00e1 a sua populariza\u00e7\u00e3o quando o custo de entrada for revisto \u2013 atualmente, a maior barreira para expans\u00e3o desse mercado. \u201cO investimento hoje em um <strong>autom\u00f3vel el\u00e9trico<\/strong> representa uma economia, a longo e m\u00e9dio prazo, para os usu\u00e1rios\u201d, completa.\u00a0<\/p><p>A BYD acredita que os \u00f3rg\u00e3os governamentais trabalhar\u00e3o para conceder outros incentivos fiscais, como a revis\u00e3o do PIS\/Cofins e do IPI, de \u00e2mbito federal, cobrados para os carros el\u00e9tricos.\u00a0<\/p><p>\u201cA pol\u00edtica de incentivos deve contemplar tanto a produ\u00e7\u00e3o quanto o consumo e algumas iniciativas j\u00e1 est\u00e3o em pauta com o governo federal do Brasil.\u00a0<\/p><p>O presidente Lula j\u00e1 exp\u00f4s a possibilidade de estudar financiamentos do Banco Nacional de Desenvolvimento Econ\u00f4mico e Social (BNDES) com \u2018uma linha fact\u00edvel\u2019 para que o governo federal possa estimular a produ\u00e7\u00e3o e a <strong>compra de carros el\u00e9tricos<\/strong>, por exemplo\u201d, diz Alexandre Baldy, da BYD.<\/p>\n","protected":false},"excerpt":{"rendered":"<p>Empresa, que anunciou investimentos de R$ 3 bi em complexo na BA, mira em \u2018lideran\u00e7a do mercado\u2019. <\/p>\n","protected":false},"author":99,"featured_media":501525,"comment_status":"closed","ping_status":"open","sticky":false,"template":"","format":"standard","meta":{"_acf_changed":false,"inline_featured_image":false,"footnotes":""},"categories":[6],"tags":[297,528,579],"autor-wsj":[],"coauthors":[101877],"class_list":["post-501440","post","type-post","status-publish","format-standard","has-post-thumbnail","hentry","category-negocios","tag-carros","tag-tesla","tag-volkswagen"],"acf":[],"amp_enabled":true,"_links":{"self":[{"href":"https:\/\/investnews.com.br\/inv-api\/wp\/v2\/posts\/501440","targetHints":{"allow":["GET"]}}],"collection":[{"href":"https:\/\/investnews.com.br\/inv-api\/wp\/v2\/posts"}],"about":[{"href":"https:\/\/investnews.com.br\/inv-api\/wp\/v2\/types\/post"}],"author":[{"embeddable":true,"href":"https:\/\/investnews.com.br\/inv-api\/wp\/v2\/users\/99"}],"replies":[{"embeddable":true,"href":"https:\/\/investnews.com.br\/inv-api\/wp\/v2\/comments?post=501440"}],"version-history":[{"count":8,"href":"https:\/\/investnews.com.br\/inv-api\/wp\/v2\/posts\/501440\/revisions"}],"predecessor-version":[{"id":704035,"href":"https:\/\/investnews.com.br\/inv-api\/wp\/v2\/posts\/501440\/revisions\/704035"}],"wp:featuredmedia":[{"embeddable":true,"href":"https:\/\/investnews.com.br\/inv-api\/wp\/v2\/media\/501525"}],"wp:attachment":[{"href":"https:\/\/investnews.com.br\/inv-api\/wp\/v2\/media?parent=501440"}],"wp:term":[{"taxonomy":"category","embeddable":true,"href":"https:\/\/investnews.com.br\/inv-api\/wp\/v2\/categories?post=501440"},{"taxonomy":"post_tag","embeddable":true,"href":"https:\/\/investnews.com.br\/inv-api\/wp\/v2\/tags?post=501440"},{"taxonomy":"autor-wsj","embeddable":true,"href":"https:\/\/investnews.com.br\/inv-api\/wp\/v2\/autor-wsj?post=501440"},{"taxonomy":"author","embeddable":true,"href":"https:\/\/investnews.com.br\/inv-api\/wp\/v2\/coauthors?post=501440"}],"curies":[{"name":"wp","href":"https:\/\/api.w.org\/{rel}","templated":true}]}}