{"id":501653,"date":"2023-07-07T09:41:56","date_gmt":"2023-07-07T12:41:56","guid":{"rendered":"https:\/\/investnews.com.br\/?p=501653"},"modified":"2025-08-08T16:33:01","modified_gmt":"2025-08-08T19:33:01","slug":"o-que-muda-com-a-reforma-tributaria-veja-ponto-a-ponto","status":"publish","type":"post","link":"https:\/\/investnews.com.br\/economia\/o-que-muda-com-a-reforma-tributaria-veja-ponto-a-ponto\/","title":{"rendered":"O que muda com a reforma tribut\u00e1ria? Veja ponto a ponto"},"content":{"rendered":"<p>Ap\u00f3s ficar travada por 30 anos, a vers\u00e3o final do relat\u00f3rio da reforma tribut\u00e1ria foi<a href=\"https:\/\/investnews.com.br\/economia\/camara-aprova-texto-base-da-reforma-tributaria-em-1o-turno\/\"> aprovada em plen\u00e1rio da C\u00e2mara em dois turnos<\/a> na madrugada desta sexta-feira (7). A Proposta de Emenda Constitucional (PEC) 4.519 estabelece a simplifica\u00e7\u00e3o de impostos sobre o consumo e atende em partes os pleitos estaduais, incluindo ainda demandas de setores como agroneg\u00f3cio. Tamb\u00e9m foi ampliada a lista de setores que ter\u00e3o regime diferenciado.<\/p><p>O texto aprovado <strong>reduz a al\u00edquota dos regimes favorecidos em 60% da al\u00edquota padr\u00e3o<\/strong>. Na pr\u00e1tica, haver\u00e1 uma carga tribut\u00e1ria correspondente a 40% da padr\u00e3o, que ainda ser\u00e1 definida, mas \u00e9 estimada em 25%.<\/p><p>A reforma tribut\u00e1ria cria o Imposto sobre Bens e Servi\u00e7os (IBS), que substituir\u00e1 o <strong><a href=\"https:\/\/investnews.com.br\/guias\/o-que-e-icms\/\">ICMS<\/a> estadual e o ISS municipal,<\/strong> e a Contribui\u00e7\u00e3o sobre Bens e Servi\u00e7os (CBS), que ficar\u00e1 no lugar de tributos federais, como o PIS e a Cofins.<\/p><p>A proposta tamb\u00e9m cria um Imposto Seletivo que compensar\u00e1 o fim do IPI e servir\u00e1 para desestimular o uso de produtos que fazem mal \u00e0 sa\u00fade e ao meio ambiente. O princ\u00edpio da reforma \u00e9 deslocar a cobran\u00e7a do imposto da origem (onde a mercadoria \u00e9 produzida) para o destino (onde \u00e9 consumida).<\/p><figure class=\"wp-block-image size-full\"><img loading=\"lazy\" decoding=\"async\" width=\"1024\" height=\"768\" src=\"https:\/\/media.investnews.com.br\/uploads\/2023\/07\/lula4310-9.jpg\" alt=\"Bras\u00edlia (DF) 06\/07\/2023 Comemora\u00e7\u00e3o da aprova\u00e7\u00e3o em primeiro turno da Reforma Tribut\u00e1ria na C\u00e2mara dos Deputados. Foto Lula Marques\/ Ag\u00eancia Brasil.\" class=\"wp-image-501628\" srcset=\"https:\/\/media.investnews.com.br\/uploads\/2023\/07\/lula4310-9.jpg 1024w, https:\/\/media.investnews.com.br\/uploads\/2023\/07\/lula4310-9-300x225.jpg 300w, https:\/\/media.investnews.com.br\/uploads\/2023\/07\/lula4310-9-768x576.jpg 768w, https:\/\/media.investnews.com.br\/uploads\/2023\/07\/lula4310-9-172x129.jpg 172w, https:\/\/media.investnews.com.br\/uploads\/2023\/07\/lula4310-9-150x113.jpg 150w\" sizes=\"auto, (max-width: 1024px) 100vw, 1024px\" \/><figcaption class=\"wp-element-caption\">Bras\u00edlia (DF) 06\/07\/2023 Comemora\u00e7\u00e3o da aprova\u00e7\u00e3o em primeiro turno da Reforma Tribut\u00e1ria na C\u00e2mara dos Deputados.  Foto Lula Marques\/ Ag\u00eancia Brasil.<\/figcaption><\/figure><p><em>Veja abaixo os principais pontos do texto aprovado<\/em><\/p><h2 class=\"wp-block-heading\">O que \u00e9 a Reforma Tribut\u00e1ria?<\/h2><p>O objetivo da Reforma Tribut\u00e1ria \u00e9 simplificar\u00a0o sistema de impostos no pa\u00eds. Mas, com uma d\u00edvida p\u00fablica elevada, os gastos sociais \u2013 como em Sa\u00fade, Educa\u00e7\u00e3o e transfer\u00eancia de renda \u2013 precisam ser mantidos assim como retomados os investimentos em obras de infraestrutura. Logo, n\u00e3o h\u00e1 espa\u00e7o, na avalia\u00e7\u00e3o do governo e dos parlamentares, para reduzir a carga tribut\u00e1ria brasileira.<\/p><p>No primeiro turno foram 382 votos a favor, 118 contra e 3 absten\u00e7\u00f5es. J\u00e1 no segundo, foram 375 votos a favor, 113 contra e 3 absten\u00e7\u00f5es. Era necess\u00e1rio o apoio de no m\u00ednimo 308 deputados, nos dois turnos. <\/p><p>Na manh\u00e3 desta sexta-feira (7), os deputados far\u00e3o a vota\u00e7\u00e3o dos destaques do texto. Ap\u00f3s encerrada a sess\u00e3o, o texto ser\u00e1 encaminhado para o Senado.\u00a0<\/p><h2 class=\"wp-block-heading\">Quando passa a valer?<\/h2><p>A reforma ter\u00e1 uma fase de transi\u00e7\u00e3o come\u00e7ar\u00e1 em 2026, tanto na esfera federal com a Contribui\u00e7\u00e3o Sobre Bens e Servi\u00e7os (CBS), que unifica Pis, Cofins e IPI (exceto na Zona Franca de Manaus), quanto para estados e munic\u00edpios com o Imposto Sobre Bens e Servi\u00e7os (IBS), que unificar\u00e1 ICMS e ISS. <\/p><p>No entanto, o novo modelo deve estar plenamente implementado para todos os tributos em 2033. <\/p><figure class=\"wp-block-image size-full\"><img loading=\"lazy\" decoding=\"async\" width=\"1024\" height=\"768\" src=\"https:\/\/media.investnews.com.br\/uploads\/2023\/07\/lula9868-19.jpg\" alt=\"Bras\u00edlia (DF) 06\/07\/2023 Comemora\u00e7\u00e3o da aprova\u00e7\u00e3o em primeiro turno da Reforma Tribut\u00e1ria na C\u00e2mara dos Deputados. Foto Lula Marques\/ Ag\u00eancia Brasil.\" class=\"wp-image-501629\" srcset=\"https:\/\/media.investnews.com.br\/uploads\/2023\/07\/lula9868-19.jpg 1024w, https:\/\/media.investnews.com.br\/uploads\/2023\/07\/lula9868-19-300x225.jpg 300w, https:\/\/media.investnews.com.br\/uploads\/2023\/07\/lula9868-19-768x576.jpg 768w, https:\/\/media.investnews.com.br\/uploads\/2023\/07\/lula9868-19-172x129.jpg 172w, https:\/\/media.investnews.com.br\/uploads\/2023\/07\/lula9868-19-150x113.jpg 150w\" sizes=\"auto, (max-width: 1024px) 100vw, 1024px\" \/><figcaption class=\"wp-element-caption\">Bras\u00edlia (DF) 06\/07\/2023 Comemora\u00e7\u00e3o da aprova\u00e7\u00e3o em primeiro turno da Reforma Tribut\u00e1ria na C\u00e2mara dos Deputados.  Foto Lula Marques\/ Ag\u00eancia Brasil.<\/figcaption><\/figure><h2 class=\"wp-block-heading\">O que muda na Reforma?<\/h2><h3 class=\"wp-block-heading\"><strong>Estados, Conselho Federativo e FDR<\/strong><\/h3><p>O relat\u00f3rio traz uma defini\u00e7\u00e3o sobre as configura\u00e7\u00f5es e atribui\u00e7\u00f5es do Conselho Federativo, como demandado pelos governadores. Em rela\u00e7\u00e3o \u00e0 composi\u00e7\u00e3o, os Estados e o Distrito Federal ter\u00e3o 27 membros, um para cada ente federado. Os munic\u00edpios e o Distrito Federal tamb\u00e9m ser\u00e3o representados por 27 membros, sendo 14 eleitos com base nos votos igualit\u00e1rios e 13 com base nos votos ponderados pelas respectivas popula\u00e7\u00f5es.<\/p><p>O texto define ainda que as delibera\u00e7\u00f5es do \u00f3rg\u00e3o ser\u00e3o aprovadas em duas etapas, uma por maioria absoluta e outra pelo tamanho da popula\u00e7\u00e3o. De acordo com a proposta, uma decis\u00e3o ser\u00e1 aprovada se atender, cumulativamente, aos seguintes crit\u00e9rios: em rela\u00e7\u00e3o aos Estados e Distrito Federal, os votos da maioria absoluta de seus representantes e de representantes que correspondam a mais de 60% da popula\u00e7\u00e3o do Pa\u00eds; e em rela\u00e7\u00e3o aos munic\u00edpios e ao Distrito Federal, a maioria absoluta de seus representantes.<\/p><p>O relat\u00f3rio, no entanto, n\u00e3o trouxe crit\u00e9rios de divis\u00e3o dos recursos do Fundo Nacional de Desenvolvimento Regional (FDR), que receber\u00e1 aportes do governo federal para Estados e munic\u00edpios. Essa tamb\u00e9m era uma demanda dos Estados. Os crit\u00e9rios ser\u00e3o estabelecidos por lei complementar.<\/p><p>O texto aprovado abre ainda a possibilidade de os Estados institu\u00edrem um novo tributo: uma contribui\u00e7\u00e3o sobre produtos prim\u00e1rios e semielaborados, produzidos nos seus territ\u00f3rios, para investimento em obras de infraestrutura e habita\u00e7\u00e3o. Essa inclus\u00e3o foi feita de \u00faltima hora por meio de emenda aglutinativa, unindo diferentes propostas legislativas de acordos que foram firmados na \u00faltima hora.<\/p><h3 class=\"wp-block-heading\"><strong>Munic\u00edpios<\/strong><\/h3><p>Em atendimento ao pleito dos munic\u00edpios, o relat\u00f3rio prorroga at\u00e9 2032 a desvincula\u00e7\u00e3o de 30% das receitas municipais e amplia as possibilidades de aplica\u00e7\u00e3o de receita da COSIP, contribui\u00e7\u00e3o destinada exclusivamente ao custeio do servi\u00e7o de ilumina\u00e7\u00e3o p\u00fablica.<\/p><h2 class=\"wp-block-heading\"><strong>Regimes favorecidos<\/strong><\/h2><p>O texto reduz a al\u00edquota dos regimes favorecidos em 60% da al\u00edquota padr\u00e3o. Na pr\u00e1tica, haver\u00e1 uma carga tribut\u00e1ria correspondente a 40% da padr\u00e3o, que ainda ser\u00e1 definida, mas \u00e9 estimada em 25%.<\/p><p><strong>Os regimes favorecidos inclu\u00eddos no texto s\u00e3o:<\/strong><\/p><ul class=\"wp-block-list\">\n<li>educa\u00e7\u00e3o;<\/li>\n\n\n\n<li> sa\u00fade;<strong> <\/strong><\/li>\n\n\n\n<li>dispositivos m\u00e9dicos e de acessibilidade para pessoas com defici\u00eancia; <\/li>\n\n\n\n<li>medicamentos e produtos de cuidados b\u00e1sicos \u00e0 sa\u00fade menstrual; <\/li>\n\n\n\n<li>servi\u00e7os de transporte coletivo de passageiros rodovi\u00e1rio, ferrovi\u00e1rio e hidrovi\u00e1rio, de car\u00e1ter urbano, semiurbano, metropolitano, intermunicipal e interestadual; <\/li>\n\n\n\n<li>produtos agropecu\u00e1rios, pesqueiros, florestais e extrativistas vegetais in natura; <\/li>\n\n\n\n<li>insumos agropecu\u00e1rios, alimentos destinados ao consumo humano e produtos de higiene pessoal; <\/li>\n\n\n\n<li>produ\u00e7\u00f5es art\u00edsticas, culturais, jornal\u00edsticas e audiovisuais nacionais.<\/li>\n<\/ul><p>De \u00faltima hora, por meio da emenda aglutinativa, tamb\u00e9m foram inclu\u00eddos &#8220;produtos agropecu\u00e1rios, aqu\u00edcolas, pesqueiros, florestais e extrativistas vegetais in natura&#8221; e &#8220;atividades desportivas&#8221; nos bens ou servi\u00e7os que ter\u00e3o redu\u00e7\u00e3o da al\u00edquota. Servi\u00e7os beneficiados pelo Programa Emergencial de Retomada do Setor de Eventos (Perse) foram classificados em regime diferenciado. Tamb\u00e9m foi ampliada imunidade tribut\u00e1ria para &#8220;entidades religiosas, templos de qualquer culto, incluindo suas organiza\u00e7\u00f5es assistenciais e beneficentes&#8221;.<\/p><h2 class=\"wp-block-heading\">Cashback e heran\u00e7as<\/h2><p>O parecer final informou que o cashback (devolu\u00e7\u00e3o parcial de impostos) ter\u00e1 como base a redu\u00e7\u00e3o de desigualdade de renda, em vez da diminui\u00e7\u00e3o da desigualdade de ra\u00e7a e de g\u00eanero. A mudan\u00e7a atende a reinvindica\u00e7\u00f5es de parlamentares conservadores, que amea\u00e7aram n\u00e3o votar a favor da reforma tribut\u00e1ria caso a express\u00e3o n\u00e3o fosse retirada.<\/p><p>O cashback institui a possibilidade de devolu\u00e7\u00e3o ampla de parte do IBS e da CBS a pessoas f\u00edsicas. A ideia inicial do grupo de trabalho da C\u00e2mara que discutiu a <a href=\"https:\/\/einvestidor.estadao.com.br\/investimentos\/o-que-reforma-tributaria-como-impacta-investimentos\/\" target=\"_blank\" rel=\"noopener\">reforma tribut\u00e1ria<\/a> era incluir na proposta de emenda \u00e0 Constitui\u00e7\u00e3o um mecanismo de devolu\u00e7\u00e3o a fam\u00edlias de baixa renda, semelhante ao existente em alguns estados. As condi\u00e7\u00f5es de ressarcimento ser\u00e3o definidas por meio de lei complementar.<\/p><p>Em rela\u00e7\u00e3o \u00e0s heran\u00e7as, o novo relat\u00f3rio isentou do Imposto de Transmiss\u00e3o Causa Mortis e Doa\u00e7\u00e3o (<a href=\"https:\/\/investnews.com.br\/guias\/itcmd\/\">ITCMD<\/a>) as transmiss\u00f5es para entidades sem fins lucrativos com finalidade de relev\u00e2ncia p\u00fablica e social, inclusive as organiza\u00e7\u00f5es assistenciais e beneficentes de entidades religiosas e institutos cient\u00edficos e tecnol\u00f3gicos. Uma lei complementar definir\u00e1 as condi\u00e7\u00f5es para essas isen\u00e7\u00f5es. A progressividade (al\u00edquotas mais altas para heran\u00e7as maiores) foi mantida.<\/p><h2 class=\"wp-block-heading\">Imposto seletivo<\/h2><p>A vers\u00e3o final do relat\u00f3rio modificou o Imposto Seletivo, que ser\u00e1 cobrado sobre bens e servi\u00e7os prejudiciais \u00e0 sa\u00fade e ao meio ambiente, como cigarros, bebidas alco\u00f3licas e bebidas e alimentos com excesso de a\u00e7\u00facar. Esse imposto n\u00e3o poder\u00e1 ser cobrado sobre itens que paguem IVA reduzido.<\/p><p>A medida evita que o Imposto Seletivo incida sobre itens da agropecu\u00e1ria que seriam prejudiciais ao meio ambiente, como agrot\u00f3xicos e defensivos agr\u00edcolas. A mudan\u00e7a havia sido pedida pela Frente Parlamentar do Agroneg\u00f3cio como condi\u00e7\u00e3o para aprovar a reforma tribut\u00e1ria.<\/p><p>O PSOL apresentou destaque para derrubar a mudan\u00e7a, mas o governo argumentou que discutir\u00e1, em uma lei complementar, o detalhamento dos insumos agr\u00edcolas. Isso permitiria, em tese, a cobran\u00e7a do Imposto Seletivo sobre agrot\u00f3xicos e defensivos.<\/p><h2 class=\"wp-block-heading\"><strong>Amazonas<\/strong><\/h2><p>O relat\u00f3rio inclui a cria\u00e7\u00e3o de um fundo, custeado e gerido pela Uni\u00e3o, para fomentar o &#8220;desenvolvimento e a diversifica\u00e7\u00e3o das atividades econ\u00f4micas no Estado&#8221;.<\/p><p>A institui\u00e7\u00e3o do fundo ser\u00e1 feita por lei complementar, que estabelecer\u00e1 o montante m\u00ednimo de aporte anual de recursos e os crit\u00e9rios para corre\u00e7\u00e3o dos valores. A legisla\u00e7\u00e3o tamb\u00e9m dever\u00e1 prever a utiliza\u00e7\u00e3o dos recursos para compensar eventual perda de receita do Estado decorrente das mudan\u00e7as no sistema de cobran\u00e7a de impostos sobre consumo.<\/p><p>O relator deixou ainda um espa\u00e7o para a Uni\u00e3o fazer mais aportes ao fundo. Esse aporte adicional ser\u00e1 condicionado \u00e0 redu\u00e7\u00e3o de benef\u00edcios para Zona Franca de Manaus desde que com anu\u00eancia do Estado do Amazonas. O parecer manteve as vantagens do polo industrial pelo menos at\u00e9 2073, como j\u00e1 previsto na Constitui\u00e7\u00e3o.<\/p><p>O texto da PEC tamb\u00e9m inclui um comando para ampliar a incid\u00eancia do Imposto Seletivo (IS) nos bens e servi\u00e7os da Zona Franca de Manaus como forma de garantir a preserva\u00e7\u00e3o ambiental. O imposto seletivo ser\u00e1 criado para coibir o consumo de bens e servi\u00e7os prejudiciais \u00e0 sa\u00fade ou ao meio ambiente, a serem definidos por lei.<\/p><h2 class=\"wp-block-heading\"><strong>Cesta B\u00e1sica<\/strong><\/h2><p>O relator, Aguinaldo Ribeiro (PP-PB), decidiu <strong>zerar a al\u00edquota de imposto sobre a cesta b\u00e1sica. <\/strong>No plen\u00e1rio da C\u00e2mara na noite de quarta-feira, 5, o deputado disse que a mudan\u00e7a foi feita para acabar com o que chamou de &#8220;desinforma\u00e7\u00e3o&#8221; sobre o tema.<\/p><p>Na vers\u00e3o anterior do relat\u00f3rio da reforma, a cesta b\u00e1sica era onerada em 50% da al\u00edquota padr\u00e3o do imposto \u00fanico sobre consumo, que ser\u00e1 definida posteriormente por lei complementar. Deputados de oposi\u00e7\u00e3o ao governo Lula disseram que a proposta aumentaria o pre\u00e7o dos alimentos, j\u00e1 que atualmente a cesta b\u00e1sica \u00e9 completamente desonerada.<\/p><figure class=\"wp-block-image size-full\"><img loading=\"lazy\" decoding=\"async\" width=\"2048\" height=\"1366\" src=\"https:\/\/media.investnews.com.br\/uploads\/2020\/03\/43485282475_a989be2f53_o-scaled.jpg\" alt=\"Pessoa em supermercado segura cesta b\u00e1sica embalada com 14 itens.\" class=\"wp-image-5251\" srcset=\"https:\/\/media.investnews.com.br\/uploads\/2020\/03\/43485282475_a989be2f53_o-scaled.jpg 2048w, https:\/\/media.investnews.com.br\/uploads\/2020\/03\/43485282475_a989be2f53_o-scaled-300x200.jpg 300w, https:\/\/media.investnews.com.br\/uploads\/2020\/03\/43485282475_a989be2f53_o-scaled-1024x683.jpg 1024w, https:\/\/media.investnews.com.br\/uploads\/2020\/03\/43485282475_a989be2f53_o-scaled-768x512.jpg 768w, https:\/\/media.investnews.com.br\/uploads\/2020\/03\/43485282475_a989be2f53_o-scaled-1536x1025.jpg 1536w, https:\/\/media.investnews.com.br\/uploads\/2020\/03\/43485282475_a989be2f53_o-scaled-1256x838.jpg 1256w, https:\/\/media.investnews.com.br\/uploads\/2020\/03\/43485282475_a989be2f53_o-scaled-172x115.jpg 172w, https:\/\/media.investnews.com.br\/uploads\/2020\/03\/43485282475_a989be2f53_o-scaled-150x100.jpg 150w\" sizes=\"auto, (max-width: 2048px) 100vw, 2048px\" \/><figcaption class=\"wp-element-caption\">Banco de imagens externas (BIE) &#8211; Supermercado. \n\nFoto: Geraldo Magela\/Ag\u00eancia Senado<\/figcaption><\/figure><h2 class=\"wp-block-heading\"><strong>Agroneg\u00f3cio<\/strong><\/h2><p>O relat\u00f3rio elevou a linha de corte de receita de R$ 2 milh\u00f5es para R$ 3,6 milh\u00f5es por ano <strong>para que produtores rurais possam ficar de fora da nova tributa\u00e7\u00e3o<\/strong> e se mantenham em um regime diferenciado de recolhimento de impostos por meio de cr\u00e9dito presumido. A modalidade \u00e9 conhecida como <strong>&#8220;Simples Rural&#8221;<\/strong> e atende uma das demandas da Frente Parlamentar do Agroneg\u00f3cio (FPA).<\/p><p>Pelo texto, o produtor rural pessoa f\u00edsica ou jur\u00eddica que obtiver receita anual inferior a R$ 3,6 milh\u00f5es, atualizada anualmente pelo <a href=\"https:\/\/investnews.com.br\/guias\/o-que-e-ipca\/\">IPCA<\/a>, poder\u00e1 se beneficiar da medida.<\/p><p>O relator especificou no novo parecer que a cobran\u00e7a de IPVA sobre ve\u00edculos automotores terrestres, aqu\u00e1ticos e a\u00e9reos n\u00e3o incidir\u00e1 sobre aeronaves agr\u00edcolas, tratores e m\u00e1quinas agr\u00edcolas &#8211; estes \u00faltimos atendem ao setor do agroneg\u00f3cio.<\/p><figure class=\"wp-block-image size-full\"><img loading=\"lazy\" decoding=\"async\" width=\"1280\" height=\"958\" src=\"https:\/\/media.investnews.com.br\/uploads\/2022\/07\/soja-bahia-brasilagro-1.jpeg\" alt=\"Produ\u00e7\u00e3o de soja em fazenda da BrasilAgro na Bahia (Foto: Divulga\u00e7\u00e3o)\" class=\"wp-image-343521\" srcset=\"https:\/\/media.investnews.com.br\/uploads\/2022\/07\/soja-bahia-brasilagro-1.jpeg 1280w, https:\/\/media.investnews.com.br\/uploads\/2022\/07\/soja-bahia-brasilagro-1-300x225.jpeg 300w, https:\/\/media.investnews.com.br\/uploads\/2022\/07\/soja-bahia-brasilagro-1-1024x766.jpeg 1024w, https:\/\/media.investnews.com.br\/uploads\/2022\/07\/soja-bahia-brasilagro-1-768x575.jpeg 768w, https:\/\/media.investnews.com.br\/uploads\/2022\/07\/soja-bahia-brasilagro-1-1248x934.jpeg 1248w, https:\/\/media.investnews.com.br\/uploads\/2022\/07\/soja-bahia-brasilagro-1-172x129.jpeg 172w, https:\/\/media.investnews.com.br\/uploads\/2022\/07\/soja-bahia-brasilagro-1-150x112.jpeg 150w\" sizes=\"auto, (max-width: 1280px) 100vw, 1280px\" \/><figcaption class=\"wp-element-caption\">Produ\u00e7\u00e3o de soja em fazenda da BrasilAgro na Bahia (Foto: Divulga\u00e7\u00e3o)<\/figcaption><\/figure><h2 class=\"wp-block-heading\"><strong>Cooperativas<\/strong><\/h2><p>O parecer tamb\u00e9m cria um regime espec\u00edfico para cooperativas, &#8220;com vistas a assegurar sua competitividade, observados os princ\u00edpios da livre concorr\u00eancia e da isonomia tribut\u00e1ria&#8221;. Uma lei complementar dever\u00e1 definir as hip\u00f3teses em que o imposto n\u00e3o incidir\u00e1 sobre as opera\u00e7\u00f5es realizadas entre a sociedade cooperativa e seus cooperados e os cr\u00e9ditos do imposto que ser\u00e3o transferidos.<\/p><h2 class=\"wp-block-heading\"><strong>Neutralidade tribut\u00e1ria<\/strong><\/h2><p>O novo parecer inclui uma <strong>trava de seguran\u00e7a<\/strong> para evitar o aumento da carga tribut\u00e1ria com as modifica\u00e7\u00f5es no sistema de impostos no pa\u00eds. No par\u00e1grafo terceiro do artigo 129, onde dizia que &#8220;as al\u00edquotas de refer\u00eancia ser\u00e3o revisadas anualmente&#8221;, foi acrescentada a express\u00e3o &#8220;visando \u00e0 manuten\u00e7\u00e3o da carga tribut\u00e1ria&#8221;. J\u00e1 a forma de revis\u00e3o dessas al\u00edquotas, de modo a garantir a neutralidade, ser\u00e1 definida em lei complementar.<\/p><p>O texto determina que o Minist\u00e9rio da Fazenda ser\u00e1 respons\u00e1vel por elaborar proposta para o c\u00e1lculo das al\u00edquotas dos novos impostos. A pasta &#8220;dever\u00e1 fornecer todos os subs\u00eddios necess\u00e1rios, mediante o compartilhamento de dados e informa\u00e7\u00f5es, inclusive as protegidas por sigilo fiscal, cujo formato e conte\u00fado dever\u00e3o ser regulamentados pelo Tribunal de Contas da Uni\u00e3o&#8221;, diz o texto.<\/p><p>*<em>Com informa\u00e7\u00f5es da Ag\u00eancia Estado e Ag\u00eancia Brasil<\/em><\/p>\n","protected":false},"excerpt":{"rendered":"<p>O princ\u00edpio da reforma \u00e9 deslocar a cobran\u00e7a do imposto da origem (onde a mercadoria \u00e9 produzida) para o destino (onde \u00e9 consumida).<\/p>\n","protected":false},"author":37,"featured_media":501629,"comment_status":"closed","ping_status":"open","sticky":false,"template":"","format":"standard","meta":{"_acf_changed":false,"inline_featured_image":false,"footnotes":""},"categories":[5],"tags":[434,432],"autor-wsj":[],"coauthors":[2270],"class_list":["post-501653","post","type-post","status-publish","format-standard","has-post-thumbnail","hentry","category-economia","tag-impostos","tag-reforma-tributaria"],"acf":[],"amp_enabled":true,"_links":{"self":[{"href":"https:\/\/investnews.com.br\/inv-api\/wp\/v2\/posts\/501653","targetHints":{"allow":["GET"]}}],"collection":[{"href":"https:\/\/investnews.com.br\/inv-api\/wp\/v2\/posts"}],"about":[{"href":"https:\/\/investnews.com.br\/inv-api\/wp\/v2\/types\/post"}],"author":[{"embeddable":true,"href":"https:\/\/investnews.com.br\/inv-api\/wp\/v2\/users\/37"}],"replies":[{"embeddable":true,"href":"https:\/\/investnews.com.br\/inv-api\/wp\/v2\/comments?post=501653"}],"version-history":[{"count":12,"href":"https:\/\/investnews.com.br\/inv-api\/wp\/v2\/posts\/501653\/revisions"}],"predecessor-version":[{"id":704042,"href":"https:\/\/investnews.com.br\/inv-api\/wp\/v2\/posts\/501653\/revisions\/704042"}],"wp:featuredmedia":[{"embeddable":true,"href":"https:\/\/investnews.com.br\/inv-api\/wp\/v2\/media\/501629"}],"wp:attachment":[{"href":"https:\/\/investnews.com.br\/inv-api\/wp\/v2\/media?parent=501653"}],"wp:term":[{"taxonomy":"category","embeddable":true,"href":"https:\/\/investnews.com.br\/inv-api\/wp\/v2\/categories?post=501653"},{"taxonomy":"post_tag","embeddable":true,"href":"https:\/\/investnews.com.br\/inv-api\/wp\/v2\/tags?post=501653"},{"taxonomy":"autor-wsj","embeddable":true,"href":"https:\/\/investnews.com.br\/inv-api\/wp\/v2\/autor-wsj?post=501653"},{"taxonomy":"author","embeddable":true,"href":"https:\/\/investnews.com.br\/inv-api\/wp\/v2\/coauthors?post=501653"}],"curies":[{"name":"wp","href":"https:\/\/api.w.org\/{rel}","templated":true}]}}