{"id":502208,"date":"2023-07-18T05:00:00","date_gmt":"2023-07-18T08:00:00","guid":{"rendered":"https:\/\/investnews.com.br\/?p=502208"},"modified":"2025-08-08T16:32:04","modified_gmt":"2025-08-08T19:32:04","slug":"envelhecimento-da-populacao-acelera-e-gera-impactos-alem-da-previdencia","status":"publish","type":"post","link":"https:\/\/investnews.com.br\/economia\/envelhecimento-da-populacao-acelera-e-gera-impactos-alem-da-previdencia\/","title":{"rendered":"Envelhecimento da popula\u00e7\u00e3o acelera e gera impactos al\u00e9m da Previd\u00eancia"},"content":{"rendered":"<p>N\u00fameros do <a href=\"https:\/\/investnews.com.br\/geral\/ficou-sabendo-brasil-chega-a-203-mi-de-habitantes-inadimplencia-no-pais\/\">Censo 2022,<\/a> divulgados n no dia 28 de junho, mostram um acelerado <strong>envelhecimento da popula\u00e7\u00e3o<\/strong> brasileira, com crescimento populacional de 0,5% \u2013 o menor registrado em 150 anos. Diante disso, especialistas veem um grande impacto sobre as <strong>contas p\u00fablicas<\/strong> para os pr\u00f3ximos anos e a necessidade de adapta\u00e7\u00e3o para essa nova realidade, com Previd\u00eancia, servi\u00e7os e o pr\u00f3prio mercado de trabalho entre os desafios.<\/p><p>O Censo \u00e9 realizado pelo Instituto Brasileiro de Geografia e Estat\u00edstica (IBGE) a cada 10 anos e traz uma vis\u00e3o sobre as <strong>pol\u00edticas p\u00fablicas <\/strong>que precisam ser pensadas para a pr\u00f3xima d\u00e9cada, al\u00e9m de sinaliza\u00e7\u00f5es para os pr\u00f3ximos 20 anos.<\/p><figure class=\"wp-block-image size-full\"><img loading=\"lazy\" decoding=\"async\" width=\"1024\" height=\"768\" src=\"https:\/\/media.investnews.com.br\/uploads\/2023\/07\/raf06124.jpg\" alt=\"14\/06\/2023 Bras\u00edlia (DF) - Lar de idosos (Foto: Rafa Neddermeyer\/Ag\u00eancia Brasil)\" class=\"wp-image-502214\" srcset=\"https:\/\/media.investnews.com.br\/uploads\/2023\/07\/raf06124.jpg 1024w, https:\/\/media.investnews.com.br\/uploads\/2023\/07\/raf06124-300x225.jpg 300w, https:\/\/media.investnews.com.br\/uploads\/2023\/07\/raf06124-768x576.jpg 768w, https:\/\/media.investnews.com.br\/uploads\/2023\/07\/raf06124-172x129.jpg 172w, https:\/\/media.investnews.com.br\/uploads\/2023\/07\/raf06124-150x113.jpg 150w\" sizes=\"auto, (max-width: 1024px) 100vw, 1024px\" \/><figcaption class=\"wp-element-caption\">14\/06\/2023 Bras\u00edlia (DF) &#8211; Lar de idosos (Foto: Rafa Neddermeyer\/Ag\u00eancia Brasil)<\/figcaption><\/figure><p>Segundo Carla Beni, economista e professora de MBAs da Funda\u00e7\u00e3o Getulio Vargas (FGV), todas as pol\u00edticas p\u00fablicas precisam ser repensadas na l\u00f3gica do envelhecimento da popula\u00e7\u00e3o. <\/p><blockquote class=\"wp-block-quote is-layout-flow wp-block-quote-is-layout-flow\">\n<p>\u201cIsso vai afetar a distribui\u00e7\u00e3o de verbas nos munic\u00edpios, a cria\u00e7\u00e3o de novos servi\u00e7os para a terceira idade e uma dedica\u00e7\u00e3o menor \u00e0 primeira idade, entre <strong>educa\u00e7\u00e3o e sa\u00fade<\/strong>, inclusive. Essa tend\u00eancia muda quest\u00f5es \u00e0 parte tamb\u00e9m, como a<strong> forma\u00e7\u00e3o de m\u00e9dicos<\/strong>: precisaremos de mais geriatras do que pediatras em um futuro pr\u00f3ximo\u201d, observa.<\/p>\n<cite>Carla Beni, economista e professora de MBAs da FGV.<\/cite><\/blockquote><p><\/p><p>Nesse sentido, a<strong> Previd\u00eancia Social<\/strong> e a demanda por servi\u00e7os de sa\u00fade devem ser grandemente impactadas, como diz Orlando Assun\u00e7\u00e3o Fernandes, professor do curso de Economia da Funda\u00e7\u00e3o Armando Alvares Penteado (FAAP). \u201cCom mais pessoas aposentadas, h\u00e1 um <strong>n\u00famero menor de contribuintes<\/strong> e uma demanda maior de servi\u00e7os p\u00fablicos pensados nessa popula\u00e7\u00e3o que envelhece\u201d, exp\u00f5e.<\/p><p>Atualmente, o<strong> sistema previdenci\u00e1rio brasileiro <\/strong>funciona em <strong>modelo de reparti\u00e7\u00e3o:<\/strong> quem est\u00e1 trabalhando paga a aposentadoria dos que deixaram suas atividades.\u00a0<\/p><div class=\"flourish-embed flourish-chart\" data-src=\"visualisation\/14377882?1266799\"><script src=\"https:\/\/public.flourish.studio\/resources\/embed.js\"><\/script><\/div><p>Uma pesquisa do Instituto de Pesquisa Econ\u00f4mica Aplicada (<strong>Ipea<\/strong>) mostra que a popula\u00e7\u00e3o brasileira deve alcan\u00e7ar cerca de 209 milh\u00f5es de habitantes em 2040. Esse comportamento resulta da continuidade da redu\u00e7\u00e3o da taxa de crescimento da popula\u00e7\u00e3o. Atualmente esse n\u00famero \u00e9 de pouco mais de 203 milh\u00f5es.<\/p><p>Dessa forma, o sistema previdenci\u00e1rio precisar\u00e1 passar por novas mudan\u00e7as. A mais recente <strong>reforma da previd\u00eancia, <\/strong>de 2019, n\u00e3o ser\u00e1 a \u00faltima, afirma Fernandes. A mudan\u00e7a no <strong>crescimento demogr\u00e1fico brasileiro<\/strong> e o envelhecimento da popula\u00e7\u00e3o levar\u00e3o a outras reformas, assim como acontece constantemente em pa\u00edses da Europa, por exemplo.\u00a0<\/p><p>\u201cO dilema entre um sistema de reparti\u00e7\u00e3o, como \u00e9 praticado hoje, ou de capitaliza\u00e7\u00e3o, em que o trabalhador paga por sua aposentadoria, deve voltar. Deve haver tamb\u00e9m uma eleva\u00e7\u00e3o da idade m\u00ednima, diante da tend\u00eancia de envelhecimento\u201d, avalia.<\/p><ul class=\"wp-block-list\">\n<li><strong><em>Fa\u00e7a o <\/em><\/strong><a href=\"https:\/\/investnews.com.br\/ferramentas\/calculadoras\/calculadora-de-salario-liquido\/\">c\u00e1lculo do sal\u00e1rio l\u00edquido<\/a><strong><em> online e gratuitamente<\/em><\/strong><\/li>\n<\/ul><h2 class=\"wp-block-heading\">Enriquecimento do pa\u00eds ser\u00e1 poss\u00edvel?<\/h2><p>O desejo de ter filhos \u00e9 cada vez menor em pa\u00edses mais desenvolvidos. Com o cen\u00e1rio macroecon\u00f4mico mais prejudicado, h\u00e1 mais dificuldades em se criar uma crian\u00e7a diante dos custos envolvidos.\u00a0<\/p><p>Segundo o Banco Mundial, o n\u00famero necess\u00e1rio de filhos por mulher para a estabilidade do tamanho da popula\u00e7\u00e3o \u00e9 de 2,1. A m\u00e9dia global \u00e9 de 2,3 atualmente. Ou seja, o n\u00famero est\u00e1 muito pr\u00f3ximo do limite de estabiliza\u00e7\u00e3o.<\/p><p>Carla Beni avalia que as mulheres est\u00e3o estudando mais, j\u00e1 no mercado de trabalho desde a d\u00e9cada de 1960, e a maternidade passou a ser uma op\u00e7\u00e3o.<\/p><figure class=\"wp-block-image size-large\"><img loading=\"lazy\" decoding=\"async\" width=\"1024\" height=\"676\" src=\"https:\/\/media.investnews.com.br\/uploads\/2023\/07\/2023-07-03T170126Z_1_LYNXMPEJ620OC_RTROPTP_4_USA-1024x676.jpg\" alt=\"Pessoa gr\u00e1vida deitada de lado, m\u00e3o sobre a barriga, vestindo top rosa e legging preta.\" class=\"wp-image-502217\" srcset=\"https:\/\/media.investnews.com.br\/uploads\/2023\/07\/2023-07-03T170126Z_1_LYNXMPEJ620OC_RTROPTP_4_USA-1024x676.jpg 1024w, https:\/\/media.investnews.com.br\/uploads\/2023\/07\/2023-07-03T170126Z_1_LYNXMPEJ620OC_RTROPTP_4_USA-300x198.jpg 300w, https:\/\/media.investnews.com.br\/uploads\/2023\/07\/2023-07-03T170126Z_1_LYNXMPEJ620OC_RTROPTP_4_USA-768x507.jpg 768w, https:\/\/media.investnews.com.br\/uploads\/2023\/07\/2023-07-03T170126Z_1_LYNXMPEJ620OC_RTROPTP_4_USA-1536x1014.jpg 1536w, https:\/\/media.investnews.com.br\/uploads\/2023\/07\/2023-07-03T170126Z_1_LYNXMPEJ620OC_RTROPTP_4_USA-1256x829.jpg 1256w, https:\/\/media.investnews.com.br\/uploads\/2023\/07\/2023-07-03T170126Z_1_LYNXMPEJ620OC_RTROPTP_4_USA-172x114.jpg 172w, https:\/\/media.investnews.com.br\/uploads\/2023\/07\/2023-07-03T170126Z_1_LYNXMPEJ620OC_RTROPTP_4_USA-191x125.jpg 191w, https:\/\/media.investnews.com.br\/uploads\/2023\/07\/2023-07-03T170126Z_1_LYNXMPEJ620OC_RTROPTP_4_USA-150x99.jpg 150w, https:\/\/media.investnews.com.br\/uploads\/2023\/07\/2023-07-03T170126Z_1_LYNXMPEJ620OC_RTROPTP_4_USA.jpg 2048w\" sizes=\"auto, (max-width: 1024px) 100vw, 1024px\" \/><figcaption class=\"wp-element-caption\">Mulher gr\u00e1vida toca sua barriga enquanto um grupo pratica ioga na manh\u00e3 do solst\u00edcio de ver\u00e3o na Times Square, em Nova York\n20\/06\/2012\nREUTERS\/Shannon Stapleton<\/figcaption><\/figure><p>O grande desafio para o Brasil, segundo a especialista, \u00e9 que n\u00e3o h\u00e1 registro de um pa\u00eds que tenha se enriquecido ap\u00f3s o envelhecimento. \u201cNormalmente, se enriquece quando h\u00e1 uma<strong> for\u00e7a de trabalho <\/strong>grande na popula\u00e7\u00e3o. O problema \u00e9 envelhecer antes de ter enriquecido, como tem se mostrado tend\u00eancia localmente\u201d, diz.<\/p><p>A quest\u00e3o previdenci\u00e1ria se torna central nessa situa\u00e7\u00e3o: como fazer uma estrutura para a aposentadoria e ac\u00famulo de renda ao parar de trabalhar aos 60 anos e viver at\u00e9 os 100?\u00a0<\/p><p>Segundo Beni, o Estado ter\u00e1 de entrar cada vez mais com complemento previdenci\u00e1rio, de maneira que a vida laboral ser\u00e1 menor e o tempo de vida ap\u00f3s a aposentadoria, maior. E isso pode ter <strong>grande impacto sobre as contas p\u00fablicas<\/strong> do pa\u00eds.<\/p><p>O professor Orlando Fernandes tamb\u00e9m explica que haver\u00e1 a necessidade de equalizar as contas p\u00fablicas, diante de um gasto prim\u00e1rio mais relevante com aposentadorias. <\/p><ul class=\"wp-block-list\">\n<li><strong><em>Fa\u00e7a o <\/em><\/strong><a href=\"https:\/\/investnews.com.br\/ferramentas\/calculadoras\/calculadora-inss\/\">c\u00e1lculo do INSS<\/a><strong><em> online e gratuitamente<\/em><\/strong><\/li>\n<\/ul><h2 class=\"wp-block-heading\">Consumo e m\u00e3o de obra na nova realidade<\/h2><p>O or\u00e7amento do Estado ter\u00e1 de atender as demandas por servi\u00e7os que uma popula\u00e7\u00e3o mais envelhecida demanda, segundo o especialista. Com o envelhecimento previsto, haver\u00e1 a redu\u00e7\u00e3o da <strong>popula\u00e7\u00e3o economicamente ativa (PEA<\/strong>) e devidamente ocupada.\u00a0<\/p><p>A redu\u00e7\u00e3o da PEA representa a diminui\u00e7\u00e3o de trabalhadores dispon\u00edveis no mercado, o que gera menos impostos ao governo e uma redu\u00e7\u00e3o do consumo.\u00a0<\/p><figure class=\"wp-block-image size-large\"><img loading=\"lazy\" decoding=\"async\" width=\"1024\" height=\"576\" src=\"https:\/\/media.investnews.com.br\/uploads\/2023\/07\/Destaque_1200x675_-1024x576.jpg\" alt=\"Caminhada de idosos no Rio de Janeiro em 2019 (Foto: Tomaz Silva\/Ag\u00eancia Brasil)\" class=\"wp-image-502243\" srcset=\"https:\/\/media.investnews.com.br\/uploads\/2023\/07\/Destaque_1200x675_-1024x576.jpg 1024w, https:\/\/media.investnews.com.br\/uploads\/2023\/07\/Destaque_1200x675_-300x169.jpg 300w, https:\/\/media.investnews.com.br\/uploads\/2023\/07\/Destaque_1200x675_-768x432.jpg 768w, https:\/\/media.investnews.com.br\/uploads\/2023\/07\/Destaque_1200x675_-172x97.jpg 172w, https:\/\/media.investnews.com.br\/uploads\/2023\/07\/Destaque_1200x675_-150x84.jpg 150w, https:\/\/media.investnews.com.br\/uploads\/2023\/07\/Destaque_1200x675_.jpg 1200w\" sizes=\"auto, (max-width: 1024px) 100vw, 1024px\" \/><figcaption class=\"wp-element-caption\">Caminhada de idosos no Rio de Janeiro em 2019 (Foto: Tomaz Silva\/Ag\u00eancia Brasil)<\/figcaption><\/figure><p>O mercado consumidor \u00e9 bastante impactado pelo envelhecimento da popula\u00e7\u00e3o. \u201cUm crescimento populacional menor leva a um encolhimento desse mercado. Mais do que isso, faz com que as empresas devam se adaptar a essa popula\u00e7\u00e3o: seus servi\u00e7os, produtos\u201d, diz o professor da FAAP.<\/p><p>Outro ponto de aten\u00e7\u00e3o \u00e9 a redu\u00e7\u00e3o significativa da <strong>m\u00e3o de obra dispon\u00edvel<\/strong>. \u201cEssa lacuna tem dois caminhos: utilizar m\u00e3o de obra externa ou continuar trabalhando com essa popula\u00e7\u00e3o mais velha que esteja adepta \u00e0s atividades. Alguns pa\u00edses centrais, que j\u00e1 passam por esse processo, utilizam essas manobras para driblar a lacuna\u201d, explica Orlando.<\/p>\n","protected":false},"excerpt":{"rendered":"<p>Mudan\u00e7as vistas no Censo 2022 geram desafios para or\u00e7amento e pol\u00edticas p\u00fablicas; entenda.<\/p>\n","protected":false},"author":99,"featured_media":502232,"comment_status":"closed","ping_status":"open","sticky":false,"template":"","format":"standard","meta":{"_acf_changed":false,"inline_featured_image":false,"footnotes":""},"categories":[5],"tags":[],"autor-wsj":[],"coauthors":[101877],"class_list":["post-502208","post","type-post","status-publish","format-standard","has-post-thumbnail","hentry","category-economia"],"acf":[],"amp_enabled":true,"_links":{"self":[{"href":"https:\/\/investnews.com.br\/inv-api\/wp\/v2\/posts\/502208","targetHints":{"allow":["GET"]}}],"collection":[{"href":"https:\/\/investnews.com.br\/inv-api\/wp\/v2\/posts"}],"about":[{"href":"https:\/\/investnews.com.br\/inv-api\/wp\/v2\/types\/post"}],"author":[{"embeddable":true,"href":"https:\/\/investnews.com.br\/inv-api\/wp\/v2\/users\/99"}],"replies":[{"embeddable":true,"href":"https:\/\/investnews.com.br\/inv-api\/wp\/v2\/comments?post=502208"}],"version-history":[{"count":20,"href":"https:\/\/investnews.com.br\/inv-api\/wp\/v2\/posts\/502208\/revisions"}],"predecessor-version":[{"id":703987,"href":"https:\/\/investnews.com.br\/inv-api\/wp\/v2\/posts\/502208\/revisions\/703987"}],"wp:featuredmedia":[{"embeddable":true,"href":"https:\/\/investnews.com.br\/inv-api\/wp\/v2\/media\/502232"}],"wp:attachment":[{"href":"https:\/\/investnews.com.br\/inv-api\/wp\/v2\/media?parent=502208"}],"wp:term":[{"taxonomy":"category","embeddable":true,"href":"https:\/\/investnews.com.br\/inv-api\/wp\/v2\/categories?post=502208"},{"taxonomy":"post_tag","embeddable":true,"href":"https:\/\/investnews.com.br\/inv-api\/wp\/v2\/tags?post=502208"},{"taxonomy":"autor-wsj","embeddable":true,"href":"https:\/\/investnews.com.br\/inv-api\/wp\/v2\/autor-wsj?post=502208"},{"taxonomy":"author","embeddable":true,"href":"https:\/\/investnews.com.br\/inv-api\/wp\/v2\/coauthors?post=502208"}],"curies":[{"name":"wp","href":"https:\/\/api.w.org\/{rel}","templated":true}]}}