{"id":504176,"date":"2023-07-13T13:40:54","date_gmt":"2023-07-13T16:40:54","guid":{"rendered":"https:\/\/investnews.com.br\/?p=504176"},"modified":"2023-07-13T18:05:43","modified_gmt":"2023-07-13T21:05:43","slug":"lula-sanciona-minha-casa-minha-vida-e-veta-compra-de-excedente-de-energia-solar","status":"publish","type":"post","link":"https:\/\/investnews.com.br\/economia\/lula-sanciona-minha-casa-minha-vida-e-veta-compra-de-excedente-de-energia-solar\/","title":{"rendered":"Ao sancionar MCMV, Lula veta compra de excedente de energia solar; entenda"},"content":{"rendered":"\n<p>O presidente Luiz In\u00e1cio Lula da Silva (PT) sancionou nesta quinta-feira (13), a lei que cria o <a href=\"https:\/\/investnews.com.br\/geral\/mudancas-no-minha-casa-minha-vida-sao-vistas-como-positivas-para-construtoras\/\">novo programa Minha Casa, Minha Vida<\/a> (MCMV). At\u00e9 2026, a meta \u00e9 contratar mais 2 milh\u00f5es de moradias pelo programa com recursos do or\u00e7amento da Uni\u00e3o e de financiamentos do Fundo de Garantia do Tempo de Servi\u00e7o (<a href=\"https:\/\/investnews.com.br\/guias\/fgts-como-funciona-como-sacar\/\">FGTS<\/a>).<\/p>\n\n\n\n<p>Um dos trechos do texto, inclu\u00eddo pelo Congresso quando aprovou a medida provis\u00f3ria que recriava o programa, e que obrigava as distribuidoras a comprar o excedente de energia produzida pelos pain\u00e9is solares instaladas nas casas populares foi vetado pelo presidente Lula. A informa\u00e7\u00e3o foi confirmada pelo Minist\u00e9rio das Cidades ap\u00f3s san\u00e7\u00e3o do programa.<\/p>\n\n\n\n<figure class=\"wp-block-image size-full\"><img loading=\"lazy\" decoding=\"async\" width=\"1024\" height=\"768\" src=\"https:\/\/media.investnews.com.br\/uploads\/2023\/05\/ja_2606_0.jpg\" alt=\"Im\u00f3veis do Minha Casa Minha Vida em Santo Amaro da Purifica\u00e7\u00e3o (BA) (Foto: Jo\u00e9dson Alves\/Ag\u00eancia Brasil)\" class=\"wp-image-479218\" srcset=\"https:\/\/media.investnews.com.br\/uploads\/2023\/05\/ja_2606_0.jpg 1024w, https:\/\/media.investnews.com.br\/uploads\/2023\/05\/ja_2606_0-300x225.jpg 300w, https:\/\/media.investnews.com.br\/uploads\/2023\/05\/ja_2606_0-768x576.jpg 768w, https:\/\/media.investnews.com.br\/uploads\/2023\/05\/ja_2606_0-172x129.jpg 172w, https:\/\/media.investnews.com.br\/uploads\/2023\/05\/ja_2606_0-150x113.jpg 150w\" sizes=\"auto, (max-width: 1024px) 100vw, 1024px\" \/><figcaption class=\"wp-element-caption\">Im\u00f3veis do Minha Casa Minha Vida em Santo Amaro da Purifica\u00e7\u00e3o (BA) (Foto: Jo\u00e9dson Alves\/Ag\u00eancia Brasil)<\/figcaption><\/figure>\n\n\n\n<p>O presidente foi orientado pelo ministro de Minas e Energia, Alexandre Silveira, a vetar parte do texto com o argumento de que as contas de energia el\u00e9trica do restante da popula\u00e7\u00e3o ficaria mais cara. De acordo com a Ag\u00eancia Nacional de Energia El\u00e9trica (Aneel), a obrigatoriedade poderia resultar em um impacto anual de R$ 1 bilh\u00e3o na conta de luz dos demais consumidores.<\/p>\n\n\n\n<p>Segundo levantamento do presidente da Associa\u00e7\u00e3o Brasileira de Energia Solar Fotovoltaica (Absolar), Rodrigo Sauaia, a economia na conta de luz com a insta\u00e7\u00e3o de pain\u00e9is solares nas unidades habitacionais poderia chegar a 70%. Para isso, seria necess\u00e1ria a instala\u00e7\u00e3o de dois m\u00f3dulos fotovoltaicos, com 1 kilowatt de pot\u00eancia por casa ou unidade.<\/p>\n\n\n\n<h2 class=\"wp-block-heading\">Minha Casa, Minha Vida<\/h2>\n\n\n\n<p>Criado em 2009, no segundo mandato Lula, o programa j\u00e1 entregou mais de 6 milh\u00f5es de unidades habitacionais. Em 2006, o programa foi exclu\u00eddo pelo ex-presidente Jair Bolsonaro (PL) e substitu\u00eddo pelo Casa Verde e Amarela.<\/p>\n\n\n\n<p>Entre as mudan\u00e7as, o programa vai atender fam\u00edlias com renda mensal de at\u00e9 R$ 8 mil, em \u00e1reas urbanas, e de at\u00e9 R$ 96 mil no ano, na zona rural. E o valor do im\u00f3vel financiado foi ampliado e poder\u00e1 ser de at\u00e9 R$ 350 mil. <\/p>\n\n\n\n<p>Todas as novas unidades ter\u00e3o varanda, sala de biblioteca e \u00e1reas de lazer, al\u00e9m de biciclet\u00e1rios. Os terrenos devem estar perto de equipamentos p\u00fablicos e transporte coletivo.<\/p>\n\n\n\n<h2 class=\"wp-block-heading\">Faixas de renda<\/h2>\n\n\n\n<ul class=\"wp-block-list\">\n<li>Faixa 1 contempla fam\u00edlias com renda mensal de at\u00e9 R$ 2.640<\/li>\n\n\n\n<li>Faixa 2 para fam\u00edlias com renda entre R$ 2.640,01 e R$ 4.400<\/li>\n\n\n\n<li>Faixa 3 para fam\u00edlias com renda mensal entre R$ 4.400,01 e R$ 8.000&nbsp;<\/li>\n<\/ul>\n\n\n\n<h2 class=\"wp-block-heading\">Valor do im\u00f3vel <\/h2>\n\n\n\n<ul class=\"wp-block-list\">\n<li>Para empreendimentos que contemplem a Faixa 1 Subsidiado: at\u00e9 R$ 170 mil<\/li>\n\n\n\n<li>Para empreendimentos que contemplem a Faixa 1 e 2 Financiado: at\u00e9 R$ 264 mil<\/li>\n\n\n\n<li>Para empreendimentos que contemplem a Faixa 3 Financiado: at\u00e9 R$ 350 mil<\/li>\n<\/ul>\n\n\n\n<p>As taxas de juros do financiamento do im\u00f3vel foram reduzidas para a Faixa 1. Para as fam\u00edlias cotistas com renda de at\u00e9 R$ 2 mil mensais, a taxa passou de 4,25% para 4% ao ano, para quem vive nas regi\u00f5es Norte e Nordeste. Para quem vive nas demais regi\u00f5es do pa\u00eds, a taxa passou de 4,50% para 4,25% ao ano. J\u00e1 os juros do faixa 2 e 3 do programa chegam no m\u00e1ximo a 8,16% ao ano.<\/p>\n","protected":false},"excerpt":{"rendered":"<p>Instala\u00e7\u00e3o de pain\u00e9is solares em casas pode gerar economia de 70% na conta de luz, diz Absolar.<\/p>\n","protected":false},"author":73,"featured_media":333751,"comment_status":"closed","ping_status":"open","sticky":false,"template":"","format":"standard","meta":{"_acf_changed":false,"inline_featured_image":false,"footnotes":""},"categories":[5],"tags":[824,2370,1520],"autor-wsj":[],"coauthors":[101284],"class_list":["post-504176","post","type-post","status-publish","format-standard","has-post-thumbnail","hentry","category-economia","tag-energia","tag-luiz-inacio-lula-da-silva","tag-ministerio-de-minas-e-energia"],"acf":[],"amp_enabled":true,"_links":{"self":[{"href":"https:\/\/investnews.com.br\/inv-api\/wp\/v2\/posts\/504176","targetHints":{"allow":["GET"]}}],"collection":[{"href":"https:\/\/investnews.com.br\/inv-api\/wp\/v2\/posts"}],"about":[{"href":"https:\/\/investnews.com.br\/inv-api\/wp\/v2\/types\/post"}],"author":[{"embeddable":true,"href":"https:\/\/investnews.com.br\/inv-api\/wp\/v2\/users\/73"}],"replies":[{"embeddable":true,"href":"https:\/\/investnews.com.br\/inv-api\/wp\/v2\/comments?post=504176"}],"version-history":[{"count":51,"href":"https:\/\/investnews.com.br\/inv-api\/wp\/v2\/posts\/504176\/revisions"}],"predecessor-version":[{"id":504409,"href":"https:\/\/investnews.com.br\/inv-api\/wp\/v2\/posts\/504176\/revisions\/504409"}],"wp:featuredmedia":[{"embeddable":true,"href":"https:\/\/investnews.com.br\/inv-api\/wp\/v2\/media\/333751"}],"wp:attachment":[{"href":"https:\/\/investnews.com.br\/inv-api\/wp\/v2\/media?parent=504176"}],"wp:term":[{"taxonomy":"category","embeddable":true,"href":"https:\/\/investnews.com.br\/inv-api\/wp\/v2\/categories?post=504176"},{"taxonomy":"post_tag","embeddable":true,"href":"https:\/\/investnews.com.br\/inv-api\/wp\/v2\/tags?post=504176"},{"taxonomy":"autor-wsj","embeddable":true,"href":"https:\/\/investnews.com.br\/inv-api\/wp\/v2\/autor-wsj?post=504176"},{"taxonomy":"author","embeddable":true,"href":"https:\/\/investnews.com.br\/inv-api\/wp\/v2\/coauthors?post=504176"}],"curies":[{"name":"wp","href":"https:\/\/api.w.org\/{rel}","templated":true}]}}