{"id":504270,"date":"2023-07-13T13:00:37","date_gmt":"2023-07-13T16:00:37","guid":{"rendered":"https:\/\/investnews.com.br\/?p=504270"},"modified":"2023-07-13T14:18:33","modified_gmt":"2023-07-13T17:18:33","slug":"presidente-do-bc-tem-que-entender-que-nao-e-dono-do-brasil-diz-lula","status":"publish","type":"post","link":"https:\/\/investnews.com.br\/economia\/presidente-do-bc-tem-que-entender-que-nao-e-dono-do-brasil-diz-lula\/","title":{"rendered":"&#8216;Presidente do BC tem que entender que n\u00e3o \u00e9 dono do Brasil&#8217;, diz Lula"},"content":{"rendered":"\n<p>O presidente Luiz In\u00e1cio Lula da Silva (PT) voltou a<a href=\"https:\/\/investnews.com.br\/economia\/lula-x-banco-central-relembre-8-frases-para-entender-a-polemica\/\"> criticar o presidente do Banco Central<\/a>, Roberto Campos Neto, contra a manuten\u00e7\u00e3o da Selic, a taxa b\u00e1sica de juros, que atualmente est\u00e1 no patamar de 13,75%.<\/p>\n\n\n\n<blockquote class=\"wp-block-quote is-layout-flow wp-block-quote-is-layout-flow\">\n<p>&#8220;O presidente do Banco Central s\u00f3 tem que entender que ele n\u00e3o \u00e9 dono do Brasil, ele est\u00e1 exercendo um cargo que foi indicado pelo Senado, e ningu\u00e9m est\u00e1 pedindo nenhum absurdo, n\u00f3s estamos pedindo que os juros precisam ser menores para facilitar que os empres\u00e1rios voltem a tomar cr\u00e9dito, para facilitar que a economia volte a crescer, para facilitar o pequeno e m\u00e9dio empreendedor.&#8221;<\/p>\n<cite>LuIZ IN\u00c1CIO LULA DA SILVA.<\/cite><\/blockquote>\n\n\n\n<p><\/p>\n\n\n\n<p>A declara\u00e7\u00e3o foi dada durante evento do <a href=\"https:\/\/investnews.com.br\/economia\/lula-sanciona-minha-casa-minha-vida-e-veta-compra-de-excedente-de-energia-solar\/\">lan\u00e7amento do novo programa Minha Casa Minha Vida<\/a>, no Pal\u00e1cio do Planalto, nesta quinta-feira (13).<\/p>\n\n\n\n<figure class=\"wp-block-image size-full\"><img loading=\"lazy\" decoding=\"async\" width=\"820\" height=\"540\" src=\"https:\/\/media.investnews.com.br\/uploads\/2023\/02\/Destaque_site_01-1.jpg\" alt=\"Presidente do BC, Roberto Campos Neto em 12\/04\/2022. (Foto: Adriano Machado\/Reuters). O presidente Luiz In\u00e1cio Lula da Silva em 13\/02\/2023. (Foto: Marcelo Camargo\/Ag\u00eancia Brasil)\" class=\"wp-image-436433\" srcset=\"https:\/\/media.investnews.com.br\/uploads\/2023\/02\/Destaque_site_01-1.jpg 820w, https:\/\/media.investnews.com.br\/uploads\/2023\/02\/Destaque_site_01-1-300x198.jpg 300w, https:\/\/media.investnews.com.br\/uploads\/2023\/02\/Destaque_site_01-1-768x506.jpg 768w, https:\/\/media.investnews.com.br\/uploads\/2023\/02\/Destaque_site_01-1-172x113.jpg 172w, https:\/\/media.investnews.com.br\/uploads\/2023\/02\/Destaque_site_01-1-191x125.jpg 191w, https:\/\/media.investnews.com.br\/uploads\/2023\/02\/Destaque_site_01-1-150x99.jpg 150w\" sizes=\"auto, (max-width: 820px) 100vw, 820px\" \/><figcaption class=\"wp-element-caption\">Presidente do BC, Roberto Campos Neto em 12\/04\/2022. (Foto: Adriano Machado\/Reuters). O presidente Luiz In\u00e1cio Lula da Silva em 13\/02\/2023. (Foto: Marcelo Camargo\/Ag\u00eancia Brasil)<\/figcaption><\/figure>\n\n\n\n<p>Essa n\u00e3o \u00e9 a primeira vez que Lula critica a pol\u00edtica de juros adotada pelo Banco Central.<\/p>\n\n\n\n<p>Em junho, o presidente Lula disse acreditar que o presidente do Banco Central, Roberto Campos Neto, \u201cjoga contra a economia brasileira\u201d, ap\u00f3s o Comit\u00ea de Pol\u00edtica Monet\u00e1ria (<a href=\"https:\/\/investnews.com.br\/guias\/copom-taxa-selic\/\">Copom<\/a>) do BC&nbsp;<a href=\"https:\/\/investnews.com.br\/economia\/copom-mantem-selic-em-1375-conforme-esperava-o-mercado\/\">manter na v\u00e9spera a taxa b\u00e1sica de juros em 13,75%<\/a>&nbsp;ao ano sem sinalizar uma redu\u00e7\u00e3o na pr\u00f3xima reuni\u00e3o, marcada para agosto.<\/p>\n\n\n\n<p>De acordo com <a href=\"https:\/\/investnews.com.br\/economia\/focus-projecao-para-ipca-de-2023-cai-pela-8a-semana-seguida\/\">Boletim Focus<\/a>, divulgado nesta semana, a proje\u00e7\u00e3o da taxa b\u00e1sica de juros (Selic) foi mantida em 12% para este ano pela primeira semana, enquanto a estimativa para 2024 e 2025 foi mantida em 9,50% e 9%, respectivamente. Apenas para 2026 que a proje\u00e7\u00e3o para o indicador avan\u00e7ou de 8,63% para 8,75%.<\/p>\n\n\n\n<h2 class=\"wp-block-heading\">Rela\u00e7\u00e3o com o Congresso<\/h2>\n\n\n\n<p>O presidente Lula elogiou a rela\u00e7\u00e3o do executivo com o Congresso Nacional.<\/p>\n\n\n\n<blockquote class=\"wp-block-quote is-layout-flow wp-block-quote-is-layout-flow\">\n<p>&#8220;A rela\u00e7\u00e3o com o Congresso Nacional, possivelmente, vive o melhor momento das \u00faltimas d\u00e9cadas.&#8221;<\/p>\n<\/blockquote>\n\n\n\n<p>O petista voltou a dizer que a aprova\u00e7\u00e3o das reformas \u00e9 um legado para o Brasil e n\u00e3o para o governo federal.<\/p>\n","protected":false},"excerpt":{"rendered":"<p>Roberto Campos Neto voltou a receber cr\u00edticas do presidente contra atual patamar da taxa de juros.<\/p>\n","protected":false},"author":73,"featured_media":436433,"comment_status":"closed","ping_status":"open","sticky":false,"template":"","format":"standard","meta":{"_acf_changed":false,"inline_featured_image":false,"footnotes":""},"categories":[5],"tags":[],"autor-wsj":[],"coauthors":[101284],"class_list":["post-504270","post","type-post","status-publish","format-standard","has-post-thumbnail","hentry","category-economia"],"acf":[],"amp_enabled":true,"_links":{"self":[{"href":"https:\/\/investnews.com.br\/inv-api\/wp\/v2\/posts\/504270","targetHints":{"allow":["GET"]}}],"collection":[{"href":"https:\/\/investnews.com.br\/inv-api\/wp\/v2\/posts"}],"about":[{"href":"https:\/\/investnews.com.br\/inv-api\/wp\/v2\/types\/post"}],"author":[{"embeddable":true,"href":"https:\/\/investnews.com.br\/inv-api\/wp\/v2\/users\/73"}],"replies":[{"embeddable":true,"href":"https:\/\/investnews.com.br\/inv-api\/wp\/v2\/comments?post=504270"}],"version-history":[{"count":17,"href":"https:\/\/investnews.com.br\/inv-api\/wp\/v2\/posts\/504270\/revisions"}],"predecessor-version":[{"id":504352,"href":"https:\/\/investnews.com.br\/inv-api\/wp\/v2\/posts\/504270\/revisions\/504352"}],"wp:featuredmedia":[{"embeddable":true,"href":"https:\/\/investnews.com.br\/inv-api\/wp\/v2\/media\/436433"}],"wp:attachment":[{"href":"https:\/\/investnews.com.br\/inv-api\/wp\/v2\/media?parent=504270"}],"wp:term":[{"taxonomy":"category","embeddable":true,"href":"https:\/\/investnews.com.br\/inv-api\/wp\/v2\/categories?post=504270"},{"taxonomy":"post_tag","embeddable":true,"href":"https:\/\/investnews.com.br\/inv-api\/wp\/v2\/tags?post=504270"},{"taxonomy":"autor-wsj","embeddable":true,"href":"https:\/\/investnews.com.br\/inv-api\/wp\/v2\/autor-wsj?post=504270"},{"taxonomy":"author","embeddable":true,"href":"https:\/\/investnews.com.br\/inv-api\/wp\/v2\/coauthors?post=504270"}],"curies":[{"name":"wp","href":"https:\/\/api.w.org\/{rel}","templated":true}]}}