{"id":506668,"date":"2023-07-19T08:22:25","date_gmt":"2023-07-19T11:22:25","guid":{"rendered":"https:\/\/investnews.com.br\/?p=506668"},"modified":"2025-10-23T11:39:38","modified_gmt":"2025-10-23T14:39:38","slug":"weg-vai-pagar-r-609-milhoes-em-dividendos-intermediarios","status":"publish","type":"post","link":"https:\/\/investnews.com.br\/negocios\/weg-vai-pagar-r-609-milhoes-em-dividendos-intermediarios\/","title":{"rendered":"WEG vai pagar R$ 609 milh\u00f5es em dividendos intermedi\u00e1rios"},"content":{"rendered":"\n<p>O conselho de administra\u00e7\u00e3o da <strong>WEG<\/strong> (<a href=\"https:\/\/investnews.com.br\/cotacao\/wege3-weg\/#:~:text=A%C3%A7%C3%B5es%20Weg%20(WEGE3)&amp;text=A%20posi%C3%A7%C3%A3o%20acion%C3%A1ria%20est%C3%A1%20dividida,0%2C53%25%20investidores%20institucionais.\">WEGE3<\/a>) aprovou o pagamento de <a href=\"https:\/\/investnews.com.br\/guias\/dividendos-o-que-sao-como-funcionam\/\">dividendos<\/a> intermedi\u00e1rios no valor total de R$ 609 milh\u00f5es.<\/p>\n\n\n\n<p>Na reuni\u00e3o de ter\u00e7a-feira (18), foi definida a distribui\u00e7\u00e3o correspondente a R$ 0,1452022924 por a\u00e7\u00e3o.<\/p>\n\n\n\n<p>Ter\u00e3o direito ao recebimento os titulares de a\u00e7\u00f5es escriturais em 21 de julho de 2023. A partir de 24 de julho, as a\u00e7\u00f5es ser\u00e3o negociadas \u201cex-dividendos\u201d.<\/p>\n\n\n\n<p>O pagamento do dividendo intermedi\u00e1rio, bem como dos <a href=\"https:\/\/investnews.com.br\/negocios\/weg-vai-pagar-r-2446-milhoes-em-juros-sobre-capital-proprio\/\">JCP declarados em mar\u00e7o e junho<\/a> de 2023, ocorrer\u00e1 em 16 de agosto de 2023.<\/p>\n\n\n\n<h2 class=\"wp-block-heading\">Balan\u00e7o financeiro<\/h2>\n\n\n\n<p>A fabricante de componentes industriais\u00a0<strong>Weg<\/strong>\u00a0(<a href=\"https:\/\/investnews.com.br\/cotacao\/wege3-weg\/\">WEGE3<\/a>) apresentou <a href=\"https:\/\/investnews.com.br\/negocios\/lucro-da-weg-alcanca-r-13-bi-no-2o-trimestre-alta-de-quase-50\/\">lucro l\u00edquido de R$ 1.368,4 milh\u00f5es no segundo trimestre de 2023<\/a>. O resultado \u00e9 49,9% maior que no mesmo per\u00edodo do ano anterior, divulgou a companhia nesta quarta-feira (19).<\/p>\n\n\n\n<p>J\u00e1 a receita operacional l\u00edquida apresentou crescimento de 13,7%, de modo que 2,9% corresponderam ao mercado interno e outros 24,8%, ao mercado externo. A margem l\u00edquida atingiu 16,7%, 4,0 pontos percentuais acima do segundo trimestre do ano anterior.<\/p>\n\n\n\n<p>As despesas de Vendas, Gerais e Administrativas (VG&amp;A) consolidadas totalizaram R$ 853,6 milh\u00f5es, um aumento de 18,4% ante o trimestre do ano anterior.<\/p>\n\n\n\n<p>O<a href=\"https:\/\/investnews.com.br\/guias\/ebitda-o-que-e-como-calcular\/\">&nbsp;Ebitda<\/a>&nbsp;(lucro antes de impostos, <a href=\"https:\/\/investnews.com.br\/guias\/amortizacao-o-que-e\/\">amortiza\u00e7\u00e3o<\/a> e deprecia\u00e7\u00e3o) da companhia foi de R$ 1,8 bilh\u00e3o, alta de 45,9% frente ao mesmo per\u00edodo de 2022.<\/p>\n\n\n\n<p>Segundo a Weg, as atividades operacionais apresentaram gera\u00e7\u00e3o de caixa de R$ 3,1 bilh\u00f5es nos seis primeiros meses do ano, resultado da continuidade do crescimento da receita e melhora das margens operacionais.<\/p>\n","protected":false},"excerpt":{"rendered":"<p>Distribui\u00e7\u00e3o do provento ocorre em 16 de agosto.<\/p>\n","protected":false},"author":73,"featured_media":377171,"comment_status":"closed","ping_status":"open","sticky":false,"template":"","format":"standard","meta":{"_acf_changed":false,"inline_featured_image":false,"footnotes":""},"categories":[6],"tags":[526,110337],"autor-wsj":[],"coauthors":[101284],"class_list":["post-506668","post","type-post","status-publish","format-standard","has-post-thumbnail","hentry","category-negocios","tag-dividendos","tag-weg"],"acf":[],"amp_enabled":true,"_links":{"self":[{"href":"https:\/\/investnews.com.br\/inv-api\/wp\/v2\/posts\/506668","targetHints":{"allow":["GET"]}}],"collection":[{"href":"https:\/\/investnews.com.br\/inv-api\/wp\/v2\/posts"}],"about":[{"href":"https:\/\/investnews.com.br\/inv-api\/wp\/v2\/types\/post"}],"author":[{"embeddable":true,"href":"https:\/\/investnews.com.br\/inv-api\/wp\/v2\/users\/73"}],"replies":[{"embeddable":true,"href":"https:\/\/investnews.com.br\/inv-api\/wp\/v2\/comments?post=506668"}],"version-history":[{"count":4,"href":"https:\/\/investnews.com.br\/inv-api\/wp\/v2\/posts\/506668\/revisions"}],"predecessor-version":[{"id":506720,"href":"https:\/\/investnews.com.br\/inv-api\/wp\/v2\/posts\/506668\/revisions\/506720"}],"wp:featuredmedia":[{"embeddable":true,"href":"https:\/\/investnews.com.br\/inv-api\/wp\/v2\/media\/377171"}],"wp:attachment":[{"href":"https:\/\/investnews.com.br\/inv-api\/wp\/v2\/media?parent=506668"}],"wp:term":[{"taxonomy":"category","embeddable":true,"href":"https:\/\/investnews.com.br\/inv-api\/wp\/v2\/categories?post=506668"},{"taxonomy":"post_tag","embeddable":true,"href":"https:\/\/investnews.com.br\/inv-api\/wp\/v2\/tags?post=506668"},{"taxonomy":"autor-wsj","embeddable":true,"href":"https:\/\/investnews.com.br\/inv-api\/wp\/v2\/autor-wsj?post=506668"},{"taxonomy":"author","embeddable":true,"href":"https:\/\/investnews.com.br\/inv-api\/wp\/v2\/coauthors?post=506668"}],"curies":[{"name":"wp","href":"https:\/\/api.w.org\/{rel}","templated":true}]}}