{"id":506722,"date":"2023-07-19T09:39:56","date_gmt":"2023-07-19T12:39:56","guid":{"rendered":"https:\/\/investnews.com.br\/?p=506722"},"modified":"2023-07-19T09:39:59","modified_gmt":"2023-07-19T12:39:59","slug":"mcmv-pode-ter-entrada-zero-com-colaboracao-de-gestoes-estaduais-e-municipais","status":"publish","type":"post","link":"https:\/\/investnews.com.br\/economia\/mcmv-pode-ter-entrada-zero-com-colaboracao-de-gestoes-estaduais-e-municipais\/","title":{"rendered":"MCMV pode ter entrada zero com colabora\u00e7\u00e3o de gest\u00f5es estaduais e municipais"},"content":{"rendered":"\n<p>O ministro das Cidades, Jader Filho, afirmou nesta quarta-feira (19) que espera conseguir zerar o valor de entrada do <a href=\"https:\/\/investnews.com.br\/economia\/lula-sanciona-minha-casa-minha-vida-e-veta-compra-de-excedente-de-energia-solar\/\">Minha Casa Minha Vida (MCMV)<\/a> a partir de parceria com gest\u00f5es estaduais e municipais. Ele disse que a possibilidade est\u00e1 em di\u00e1logo e pode se concretizar com a soma de subs\u00eddios federais e locais.<\/p>\n\n\n\n<p>Para Jader Filho, a isen\u00e7\u00e3o da entrada \u00e9 um dos pontos que deve ampliar o acesso ao MCMV. <\/p>\n\n\n\n<blockquote class=\"wp-block-quote is-layout-flow wp-block-quote-is-layout-flow\">\n<p>&#8220;Essas fam\u00edlias normalmente j\u00e1 t\u00eam valor das parcelas, porque pagam aluguel, mas n\u00e3o t\u00eam a entrada&#8221;, observa.<\/p>\n<\/blockquote>\n\n\n\n<p>Para alcan\u00e7ar esse objetivo, Jader Filho diz que o governo est\u00e1 dialogando com as gest\u00f5es estaduais e municipais desde o per\u00edodo de transi\u00e7\u00e3o da gest\u00e3o federal, no fim do ano passado. &#8220;Isso buscou solu\u00e7\u00f5es efetivas para o programa&#8221;, diz o ministro sobre a retomada do pacto federativo.<\/p>\n","protected":false},"excerpt":{"rendered":"<p>Ministro das cidades, Jader Filho, diz que espera parcerias para subs\u00eddios.<\/p>\n","protected":false},"author":62,"featured_media":479218,"comment_status":"closed","ping_status":"open","sticky":false,"template":"","format":"standard","meta":{"_acf_changed":false,"inline_featured_image":false,"footnotes":""},"categories":[5],"tags":[283],"autor-wsj":[],"coauthors":[2499],"class_list":["post-506722","post","type-post","status-publish","format-standard","has-post-thumbnail","hentry","category-economia","tag-governo-federal"],"acf":[],"amp_enabled":true,"_links":{"self":[{"href":"https:\/\/investnews.com.br\/inv-api\/wp\/v2\/posts\/506722","targetHints":{"allow":["GET"]}}],"collection":[{"href":"https:\/\/investnews.com.br\/inv-api\/wp\/v2\/posts"}],"about":[{"href":"https:\/\/investnews.com.br\/inv-api\/wp\/v2\/types\/post"}],"author":[{"embeddable":true,"href":"https:\/\/investnews.com.br\/inv-api\/wp\/v2\/users\/62"}],"replies":[{"embeddable":true,"href":"https:\/\/investnews.com.br\/inv-api\/wp\/v2\/comments?post=506722"}],"version-history":[{"count":4,"href":"https:\/\/investnews.com.br\/inv-api\/wp\/v2\/posts\/506722\/revisions"}],"predecessor-version":[{"id":506728,"href":"https:\/\/investnews.com.br\/inv-api\/wp\/v2\/posts\/506722\/revisions\/506728"}],"wp:featuredmedia":[{"embeddable":true,"href":"https:\/\/investnews.com.br\/inv-api\/wp\/v2\/media\/479218"}],"wp:attachment":[{"href":"https:\/\/investnews.com.br\/inv-api\/wp\/v2\/media?parent=506722"}],"wp:term":[{"taxonomy":"category","embeddable":true,"href":"https:\/\/investnews.com.br\/inv-api\/wp\/v2\/categories?post=506722"},{"taxonomy":"post_tag","embeddable":true,"href":"https:\/\/investnews.com.br\/inv-api\/wp\/v2\/tags?post=506722"},{"taxonomy":"autor-wsj","embeddable":true,"href":"https:\/\/investnews.com.br\/inv-api\/wp\/v2\/autor-wsj?post=506722"},{"taxonomy":"author","embeddable":true,"href":"https:\/\/investnews.com.br\/inv-api\/wp\/v2\/coauthors?post=506722"}],"curies":[{"name":"wp","href":"https:\/\/api.w.org\/{rel}","templated":true}]}}