{"id":507464,"date":"2023-07-20T08:28:38","date_gmt":"2023-07-20T11:28:38","guid":{"rendered":"https:\/\/investnews.com.br\/?p=507464"},"modified":"2023-07-20T08:28:41","modified_gmt":"2023-07-20T11:28:41","slug":"b3-suspende-prazo-da-enjoei-para-reenquadramento-de-acoes","status":"publish","type":"post","link":"https:\/\/investnews.com.br\/negocios\/b3-suspende-prazo-da-enjoei-para-reenquadramento-de-acoes\/","title":{"rendered":"B3 suspende prazo da Enjoei para reenquadramento de a\u00e7\u00f5es"},"content":{"rendered":"\n<p>A <strong>Enjoei<\/strong>\u00a0(<a href=\"https:\/\/investnews.com.br\/cotacao\/enju3-enjoei\/\">ENJU3<\/a>) comunicou ao mercado nesta quinta-feira (20) que a B3 acatou  a<br>solicita\u00e7\u00e3o da companhia de suspender o prazo concedido para reenquadramento do<br>valor de suas a\u00e7\u00f5es, j\u00e1 que os pap\u00e9is da empresa est\u00e3o acima de R$ 1 desde 18 de maio.<\/p>\n\n\n\n<p>A bolsa de valores brasileira havia solicitado a divulga\u00e7\u00e3o dos procedimentos e do cronograma para enquadramento da cota\u00e7\u00e3o de suas a\u00e7\u00f5es em valor igual ou superior a R$ 1 em 22 de mar\u00e7o.<\/p>\n\n\n\n<p>Depois do retorno da cota\u00e7\u00e3o ao n\u00edvel acima de R$ 1,\u00a0a B3 emitiu um of\u00edcio em que constava a decis\u00e3o de deferimento do pleito em car\u00e1ter extraordin\u00e1rio.\u00a0<\/p>\n\n\n\n<p>De acordo com o fato relevante, caso ocorra o desenquadramento da cota\u00e7\u00e3o em uma \u00fanica sess\u00e3o de negocia\u00e7\u00e3o antes de 17 de novembro de 2023, a <a href=\"https:\/\/investnews.com.br\/tag\/enjoei\/\">Enjoei<\/a> ter\u00e1 o prazo de 4 meses para tomar as medidas cab\u00edveis para enquadrar a cota\u00e7\u00e3o de suas a\u00e7\u00f5es em valor igual ou superior a R$ 1 por unidade.<\/p>\n\n\n\n<p>Na \u00faltima ter\u00e7a-feira (18), as <a href=\"https:\/\/investnews.com.br\/negocios\/acoes-da-enjoei-disparam-22-apos-compra-do-grupo-elo7\/\">a\u00e7\u00f5es da\u00a0Enjoei\u00a0chegaram a disparar mais de 22%<\/a> na m\u00e1xima desta ter\u00e7a-feira (18), ap\u00f3s a empresa ter anunciado pela manh\u00e3 que firmou contrato para a compra da totalidade da plataforma de produtos autorais Elo7. Os pap\u00e9is encerraram o preg\u00e3o em alta de 11,72%, negociados a R$ 1,43.\u00a0<\/p>\n","protected":false},"excerpt":{"rendered":"<p>Decis\u00e3o de deferimento do pleito em car\u00e1ter extraordin\u00e1rio ocorreu ap\u00f3s retorno da cota\u00e7\u00e3o da a\u00e7\u00e3o acima de R$ 1.<\/p>\n","protected":false},"author":73,"featured_media":293384,"comment_status":"closed","ping_status":"open","sticky":false,"template":"","format":"standard","meta":{"_acf_changed":false,"inline_featured_image":false,"footnotes":""},"categories":[6],"tags":[2265],"autor-wsj":[],"coauthors":[101284],"class_list":["post-507464","post","type-post","status-publish","format-standard","has-post-thumbnail","hentry","category-negocios","tag-enjoei"],"acf":[],"amp_enabled":true,"_links":{"self":[{"href":"https:\/\/investnews.com.br\/inv-api\/wp\/v2\/posts\/507464","targetHints":{"allow":["GET"]}}],"collection":[{"href":"https:\/\/investnews.com.br\/inv-api\/wp\/v2\/posts"}],"about":[{"href":"https:\/\/investnews.com.br\/inv-api\/wp\/v2\/types\/post"}],"author":[{"embeddable":true,"href":"https:\/\/investnews.com.br\/inv-api\/wp\/v2\/users\/73"}],"replies":[{"embeddable":true,"href":"https:\/\/investnews.com.br\/inv-api\/wp\/v2\/comments?post=507464"}],"version-history":[{"count":12,"href":"https:\/\/investnews.com.br\/inv-api\/wp\/v2\/posts\/507464\/revisions"}],"predecessor-version":[{"id":507476,"href":"https:\/\/investnews.com.br\/inv-api\/wp\/v2\/posts\/507464\/revisions\/507476"}],"wp:featuredmedia":[{"embeddable":true,"href":"https:\/\/investnews.com.br\/inv-api\/wp\/v2\/media\/293384"}],"wp:attachment":[{"href":"https:\/\/investnews.com.br\/inv-api\/wp\/v2\/media?parent=507464"}],"wp:term":[{"taxonomy":"category","embeddable":true,"href":"https:\/\/investnews.com.br\/inv-api\/wp\/v2\/categories?post=507464"},{"taxonomy":"post_tag","embeddable":true,"href":"https:\/\/investnews.com.br\/inv-api\/wp\/v2\/tags?post=507464"},{"taxonomy":"autor-wsj","embeddable":true,"href":"https:\/\/investnews.com.br\/inv-api\/wp\/v2\/autor-wsj?post=507464"},{"taxonomy":"author","embeddable":true,"href":"https:\/\/investnews.com.br\/inv-api\/wp\/v2\/coauthors?post=507464"}],"curies":[{"name":"wp","href":"https:\/\/api.w.org\/{rel}","templated":true}]}}