{"id":508347,"date":"2023-07-21T15:22:44","date_gmt":"2023-07-21T18:22:44","guid":{"rendered":"https:\/\/investnews.com.br\/?p=508347"},"modified":"2023-07-21T16:00:11","modified_gmt":"2023-07-21T19:00:11","slug":"governo-piora-projecao-de-deficit-fiscal-em-2023-para-r-1454-bi","status":"publish","type":"post","link":"https:\/\/investnews.com.br\/economia\/governo-piora-projecao-de-deficit-fiscal-em-2023-para-r-1454-bi\/","title":{"rendered":"Governo\u00a0piora proje\u00e7\u00e3o de d\u00e9ficit fiscal em 2023 para R$ 145,4 bi"},"content":{"rendered":"\n<p>Os minist\u00e9rios do Planejamento e da Fazenda projetaram nesta sexta-feira que o\u00a0governo\u00a0central fechar\u00e1 2023 com d\u00e9ficit prim\u00e1rio de R$ 145,4 bilh\u00f5es, equivalente a 1,4% do Produto Interno Bruto (PIB), resultado pior do que o previsto em maio, de rombo de R$ 136,2 bilh\u00f5es de reais (1,3% do PIB), conforme relat\u00f3rio bimestral de receitas e despesas.<\/p>\n\n\n\n<figure class=\"wp-block-image size-large\"><img loading=\"lazy\" decoding=\"async\" width=\"1024\" height=\"613\" src=\"https:\/\/media.investnews.com.br\/uploads\/2022\/07\/real_moedadinheiro_jfcrz_abr_1701220048_1-1-1024x613.jpeg\" alt=\"C\u00e9dulas de real\" class=\"wp-image-348111\" srcset=\"https:\/\/media.investnews.com.br\/uploads\/2022\/07\/real_moedadinheiro_jfcrz_abr_1701220048_1-1-1024x613.jpeg 1024w, https:\/\/media.investnews.com.br\/uploads\/2022\/07\/real_moedadinheiro_jfcrz_abr_1701220048_1-1-300x179.jpeg 300w, https:\/\/media.investnews.com.br\/uploads\/2022\/07\/real_moedadinheiro_jfcrz_abr_1701220048_1-1-768x459.jpeg 768w, https:\/\/media.investnews.com.br\/uploads\/2022\/07\/real_moedadinheiro_jfcrz_abr_1701220048_1-1-172x103.jpeg 172w, https:\/\/media.investnews.com.br\/uploads\/2022\/07\/real_moedadinheiro_jfcrz_abr_1701220048_1-1-150x90.jpeg 150w, https:\/\/media.investnews.com.br\/uploads\/2022\/07\/real_moedadinheiro_jfcrz_abr_1701220048_1-1.jpeg 1170w\" sizes=\"auto, (max-width: 1024px) 100vw, 1024px\" \/><figcaption class=\"wp-element-caption\">C\u00e9dulas de real Cr\u00e9dito: Ag\u00eancia Brasil<\/figcaption><\/figure>\n\n\n\n<p>Segundo o relat\u00f3rio, o Or\u00e7amento deste ano tem um excesso de despesas de R$ 3,2 bilh\u00f5es em rela\u00e7\u00e3o ao limite do teto de gastos, o que indica necessidade de bloqueio de verbas discricion\u00e1rias nesse montante. Em maio, havia uma restri\u00e7\u00e3o estimada em R$ 1,7 bilh\u00e3o. <\/p>\n\n\n\n<p>Ap\u00f3s iniciar a gest\u00e3o em 2023 com uma previs\u00e3o de rombo fiscal superior a R$ 200 bilh\u00f5es no ano, o ministro da Fazenda, Fernando Haddad, vem <strong>anunciando medidas com o objetivo de reduzir esse rombo.&nbsp;<\/strong><\/p>\n\n\n\n<p>A expectativa anunciada pelo ministro \u00e9 que o d\u00e9ficit prim\u00e1rio fique pr\u00f3ximo a 0,5% do Produto Interno Bruto (PIB) no fechamento deste ano, ou cerca de R$ 50 bilh\u00f5es, encerrando 2024 com d\u00e9ficit zero.&nbsp;<\/p>\n\n\n\n<h2 class=\"wp-block-heading\">Aumento de arrecada\u00e7\u00e3o <\/h2>\n\n\n\n<p>Entre as a\u00e7\u00f5es j\u00e1 implementadas para ampliar a arrecada\u00e7\u00e3o est\u00e3o a <a href=\"https:\/\/investnews.com.br\/economia\/anuncio-de-haddad-sobre-reoneracao-dos-combustiveis\/\">reonera\u00e7\u00e3o<\/a> de combust\u00edveis e um programa de renegocia\u00e7\u00e3o de d\u00e9bitos tribut\u00e1rios. O ministro ainda tenta mudar regras de funcionamento do <a href=\"https:\/\/investnews.com.br\/geral\/3-fatos-para-hoje-carf-apos-reforma-piso-de-enfermagem-retroativo\/\">Conselho de Administra\u00e7\u00e3o de Recursos Fiscais (Carf)<\/a> e pretende enviar ao Congresso um projeto para taxar apostas esportivas online, al\u00e9m de promover mudan\u00e7as na tributa\u00e7\u00e3o sobre a renda.<\/p>\n\n\n\n<p>Pelas contas das pastas inclu\u00eddas no terceiro relat\u00f3rio bimestral de receitas e despesas do ano, a proje\u00e7\u00e3o de receitas l\u00edquidas sofreu um aumento R$ 103,6 bilh\u00f5es na <a href=\"https:\/\/investnews.com.br\/guias\/receita-liquida-o-que-e\/\">receita l\u00edquida<\/a> em rela\u00e7\u00e3o \u00e0 Lei Or\u00e7ament\u00e1ria Anual (LOA), a R$ 1,900 trilh\u00e3o.<\/p>\n\n\n\n<p>Enquanto isso, a estimativa para as despesas prim\u00e1rias totais aumentou em R$ 20,8 bilh\u00f5es em rela\u00e7\u00e3o \u00e0 LOA, a R$ 2,055 trilh\u00f5es, em meio a um acr\u00e9scimo na previs\u00e3o de compensa\u00e7\u00e3o aos Estados e munic\u00edpios pelas perdas de <a href=\"https:\/\/investnews.com.br\/guias\/o-que-e-icms\/\">ICMS<\/a>.<\/p>\n\n\n\n<p>Nesta semana, a Secretaria de Pol\u00edtica Econ\u00f4mica (SPE) da Fazenda melhorou a proje\u00e7\u00e3o oficial para o desempenho da atividade econ\u00f4mica em 2023 e passou a enxergar um crescimento de 2,5% para o PIB, contra previs\u00e3o de 1,9% feita em maio. Um crescimento maior do PIB tende a impactar positivamente a arrecada\u00e7\u00e3o de impostos. &nbsp;<\/p>\n","protected":false},"excerpt":{"rendered":"<p>Or\u00e7amento deste ano tem um excesso de despesas de R$ 3,2 bilh\u00f5es em rela\u00e7\u00e3o ao limite do teto de gastos. <\/p>\n","protected":false},"author":61,"featured_media":421099,"comment_status":"closed","ping_status":"open","sticky":false,"template":"","format":"standard","meta":{"_acf_changed":false,"inline_featured_image":false,"footnotes":""},"categories":[5],"tags":[1636,283],"autor-wsj":[],"coauthors":[2494],"class_list":["post-508347","post","type-post","status-publish","format-standard","has-post-thumbnail","hentry","category-economia","tag-contas-publicas","tag-governo-federal"],"acf":[],"amp_enabled":true,"_links":{"self":[{"href":"https:\/\/investnews.com.br\/inv-api\/wp\/v2\/posts\/508347","targetHints":{"allow":["GET"]}}],"collection":[{"href":"https:\/\/investnews.com.br\/inv-api\/wp\/v2\/posts"}],"about":[{"href":"https:\/\/investnews.com.br\/inv-api\/wp\/v2\/types\/post"}],"author":[{"embeddable":true,"href":"https:\/\/investnews.com.br\/inv-api\/wp\/v2\/users\/61"}],"replies":[{"embeddable":true,"href":"https:\/\/investnews.com.br\/inv-api\/wp\/v2\/comments?post=508347"}],"version-history":[{"count":6,"href":"https:\/\/investnews.com.br\/inv-api\/wp\/v2\/posts\/508347\/revisions"}],"predecessor-version":[{"id":508398,"href":"https:\/\/investnews.com.br\/inv-api\/wp\/v2\/posts\/508347\/revisions\/508398"}],"wp:featuredmedia":[{"embeddable":true,"href":"https:\/\/investnews.com.br\/inv-api\/wp\/v2\/media\/421099"}],"wp:attachment":[{"href":"https:\/\/investnews.com.br\/inv-api\/wp\/v2\/media?parent=508347"}],"wp:term":[{"taxonomy":"category","embeddable":true,"href":"https:\/\/investnews.com.br\/inv-api\/wp\/v2\/categories?post=508347"},{"taxonomy":"post_tag","embeddable":true,"href":"https:\/\/investnews.com.br\/inv-api\/wp\/v2\/tags?post=508347"},{"taxonomy":"autor-wsj","embeddable":true,"href":"https:\/\/investnews.com.br\/inv-api\/wp\/v2\/autor-wsj?post=508347"},{"taxonomy":"author","embeddable":true,"href":"https:\/\/investnews.com.br\/inv-api\/wp\/v2\/coauthors?post=508347"}],"curies":[{"name":"wp","href":"https:\/\/api.w.org\/{rel}","templated":true}]}}