{"id":509127,"date":"2023-07-25T08:18:05","date_gmt":"2023-07-25T11:18:05","guid":{"rendered":"https:\/\/investnews.com.br\/?p=509127"},"modified":"2023-08-02T10:22:27","modified_gmt":"2023-08-02T13:22:27","slug":"boom-pos-pandemia-na-aviacao-pode-estar-acabando","status":"publish","type":"post","link":"https:\/\/investnews.com.br\/economia\/boom-pos-pandemia-na-aviacao-pode-estar-acabando\/","title":{"rendered":"Boom p\u00f3s-pandemia na avia\u00e7\u00e3o pode estar acabando"},"content":{"rendered":"\n<p>A demanda reprimida ap\u00f3s a pandemia impulsionou os gastos com viagens nos \u00faltimos tempos, mas a situa\u00e7\u00e3o pode se reverter no segundo semestre do ano devido \u00e0 alta infla\u00e7\u00e3o e o aumento das taxas de juros, alertou a Ryanair, a maior companhia a\u00e9rea da Europa em n\u00famero de passageiros.<\/p>\n\n\n\n<p>&#8220;Estamos preocupados com o impacto dessas tend\u00eancias macroecon\u00f4micas&#8221;, disse o CEO da empresa, Michael O\u2019Leary, em um v\u00eddeo publicado na segunda-feira, 24. Segundo ele, isso pode &#8220;afetar os gastos do consumidor no segundo semestre do ano&#8221;.<\/p>\n\n\n\n<p>As previs\u00f5es de O\u2019Leary contrastam com o an\u00fancio de que a Ryanair reportou lucros no primeiro trimestre de 663 milh\u00f5es de euros (cerca de R$ 3,13 bilh\u00f5es), n\u00famero quase quatro vezes maior do que no mesmo per\u00edodo do ano passado, quando o setor foi afetado pela invas\u00e3o da R\u00fassia \u00e0 Ucr\u00e2nia.<\/p>\n\n\n\n<p>De acordo com os dados divulgados, as tarifas m\u00e9dias de voos na Ryanair aumentaram 42% no \u00faltimo trimestre, impulsionadas pela P\u00e1scoa e pela coroa\u00e7\u00e3o do Rei Charles III. Por\u00e9m, a empresa observou uma redu\u00e7\u00e3o nas tarifas no final de junho e in\u00edcio de julho.<\/p>\n\n\n\n<p>O\u2019Leary afirmou que, com os gastos mais altos do consumidor devido \u00e0 infla\u00e7\u00e3o, a companhia a\u00e9rea pode precisar reduzir os pre\u00e7os das passagens para atender \u00e0s metas de crescimento de passageiros. Por\u00e9m o CEO se manteve confiante de que os pre\u00e7os mais baixos da &#8220;low cost&#8221; permitem crescimento mesmo em tempos de recess\u00e3o.<\/p>\n","protected":false},"excerpt":{"rendered":"<p>Afirma\u00e7\u00e3o \u00e9 da Ryanair, a maior companhia a\u00e9rea da Europa em n\u00famero de passageiros.<\/p>\n","protected":false},"author":7,"featured_media":509128,"comment_status":"closed","ping_status":"open","sticky":false,"template":"","format":"standard","meta":{"_acf_changed":false,"inline_featured_image":false,"footnotes":""},"categories":[5],"tags":[792],"autor-wsj":[],"coauthors":[1494],"class_list":["post-509127","post","type-post","status-publish","format-standard","has-post-thumbnail","hentry","category-economia","tag-aviacao"],"acf":[],"amp_enabled":true,"_links":{"self":[{"href":"https:\/\/investnews.com.br\/inv-api\/wp\/v2\/posts\/509127","targetHints":{"allow":["GET"]}}],"collection":[{"href":"https:\/\/investnews.com.br\/inv-api\/wp\/v2\/posts"}],"about":[{"href":"https:\/\/investnews.com.br\/inv-api\/wp\/v2\/types\/post"}],"author":[{"embeddable":true,"href":"https:\/\/investnews.com.br\/inv-api\/wp\/v2\/users\/7"}],"replies":[{"embeddable":true,"href":"https:\/\/investnews.com.br\/inv-api\/wp\/v2\/comments?post=509127"}],"version-history":[{"count":3,"href":"https:\/\/investnews.com.br\/inv-api\/wp\/v2\/posts\/509127\/revisions"}],"predecessor-version":[{"id":513494,"href":"https:\/\/investnews.com.br\/inv-api\/wp\/v2\/posts\/509127\/revisions\/513494"}],"wp:featuredmedia":[{"embeddable":true,"href":"https:\/\/investnews.com.br\/inv-api\/wp\/v2\/media\/509128"}],"wp:attachment":[{"href":"https:\/\/investnews.com.br\/inv-api\/wp\/v2\/media?parent=509127"}],"wp:term":[{"taxonomy":"category","embeddable":true,"href":"https:\/\/investnews.com.br\/inv-api\/wp\/v2\/categories?post=509127"},{"taxonomy":"post_tag","embeddable":true,"href":"https:\/\/investnews.com.br\/inv-api\/wp\/v2\/tags?post=509127"},{"taxonomy":"autor-wsj","embeddable":true,"href":"https:\/\/investnews.com.br\/inv-api\/wp\/v2\/autor-wsj?post=509127"},{"taxonomy":"author","embeddable":true,"href":"https:\/\/investnews.com.br\/inv-api\/wp\/v2\/coauthors?post=509127"}],"curies":[{"name":"wp","href":"https:\/\/api.w.org\/{rel}","templated":true}]}}