{"id":512862,"date":"2023-08-02T05:00:00","date_gmt":"2023-08-02T08:00:00","guid":{"rendered":"https:\/\/investnews.com.br\/?p=512862"},"modified":"2024-04-23T14:16:19","modified_gmt":"2024-04-23T17:16:19","slug":"mais-pobres-migraram-para-classe-media-com-retomada-de-empregos-diz-estudo","status":"publish","type":"post","link":"https:\/\/investnews.com.br\/economia\/mais-pobres-migraram-para-classe-media-com-retomada-de-empregos-diz-estudo\/","title":{"rendered":"Mais pobres migraram para classe m\u00e9dia com retomada de empregos, diz estudo"},"content":{"rendered":"\n<iframe src='https:\/\/player.blogplay.com.br\/player\/2000?v=240423' style='height: 180px; min-width: 100%; border:none;'><\/iframe>\n\n\n\n<p>A crise e aumento do desemprego causados pela pandemia haviam impactado a renda e empurraram mais pessoas para as classes D e E em 2021. No entanto, segundo estudo da consultoria de dados econ\u00f4micos Tend\u00eancias, em 2022, fam\u00edlias mais pobres migraram para a classe m\u00e9dia com a recupera\u00e7\u00e3o econ\u00f4mica intensiva de m\u00e3o de obra, com destaque para servi\u00e7os \u00e0s fam\u00edlias e setor p\u00fablico \u2013 como educa\u00e7\u00e3o e servi\u00e7os administrativos. <\/p>\n\n\n\n<p>No ano passado, a <strong>classe C<\/strong> viu sua massa de renda total crescer 7,7%, enquanto que para 2023 a proje\u00e7\u00e3o \u00e9 de crescimento de 2,2%. Em n\u00fameros absolutos, a varia\u00e7\u00e3o foi de R$ 81,3 bilh\u00f5es no ano passado, e para este ano s\u00e3o esperados R$ 25,6 bilh\u00f5es.<\/p>\n\n\n\n<p>Diferentemente de 2021, esse crescimento da ocupa\u00e7\u00e3o foi impulsionado pelo aumento do emprego formal. No entanto, o estudo conclui que, no longo prazo, a migra\u00e7\u00e3o das fam\u00edlias mais pobres para classe m\u00e9dia deve ser lenta, acompanhando um fen\u00f4meno t\u00edpico de pa\u00edses com alta desigualdade de renda.<\/p>\n\n\n\n<p>Segundo projeta a consultoria, o maior entrave ao crescimento da renda dos estratos sociais mais pobres \u00e9 a <strong>educa\u00e7\u00e3o n\u00e3o revertida em produtividade.<\/strong> O entendimento do estudo \u00e9 de que o ingresso no mercado de trabalho &#8220;\u00e9 o principal meio de redu\u00e7\u00e3o da pobreza, mas n\u00e3o \u00e9 condi\u00e7\u00e3o suficiente para super\u00e1-la\u201d.<\/p>\n\n\n\n<blockquote class=\"wp-block-quote is-layout-flow wp-block-quote-is-layout-flow\">\n<p>\u201cO mercado de trabalho brasileiro \u00e9 fortemente caracterizado por baixas remunera\u00e7\u00f5es, elevadas desigualdades entre grupos de popula\u00e7\u00e3o ocupada, altas taxas de informalidade e marcante heterogeneidade entre os setores produtivos\u201d.<\/p>\n<cite>trecho de relat\u00f3rio da tend\u00eancias consultoria<\/cite><\/blockquote>\n\n\n\n<p><\/p>\n\n\n\n<p>Segundo o estudo, nas economias em desenvolvimento, fam\u00edlias pertencentes \u00e0 classe m\u00e9dia s\u00e3o aquelas anteriormente pobres e vulner\u00e1veis. &#8220;O seu retorno \u00e0 condi\u00e7\u00e3o de pobreza, portanto, \u00e9 suscet\u00edvel a eventualidades como doen\u00e7a, desemprego, aposentadoria de algum membro da fam\u00edlia ou recess\u00e3o da economia&#8221;, aponta levantamento.<\/p>\n\n\n\n<h2 class=\"wp-block-heading\">Impactos da renda no Or\u00e7amento<\/h2>\n\n\n\n<p>Quando h\u00e1 queda ou aumento na renda dos mais pobres, o impacto negativo &#8211; ou positivo &#8211;  no consumo acaba por ser direto, o que altera automaticamente a restri\u00e7\u00e3o or\u00e7ament\u00e1ria. &#8220;Por isso que o novo <a href=\"https:\/\/investnews.com.br\/guias\/salario-minimo\/\">sal\u00e1rio m\u00ednimo<\/a> e a reformula\u00e7\u00e3o do<strong> <a href=\"https:\/\/investnews.com.br\/economia\/bolsa-familia-calendario-pagamentos-2023\/\">Bolsa Fam\u00edlia<\/a> <\/strong>ampliou a massa de renda dos mais pobres em 2023&#8243;, diz o relat\u00f3rio.<\/p>\n\n\n\n<p>At\u00e9 por isso que, segundo o estudo, a no\u00e7\u00e3o de patrim\u00f4nio para as classes menos favorecidas \u00e9 relativamente abstrata. Isso porque o capital restringe-se a sal\u00e1rios adiantados, carn\u00ea de <a href=\"https:\/\/investnews.com.br\/guias\/poupanca-como-funciona-quanto-rende\/\">poupan\u00e7a<\/a> ou alguns bens dur\u00e1veis \u2013 o que se diferente dos mais ricos \u2013 que mesmo com uma queda nos rendimentos, h\u00e1 disponibilidade de Or\u00e7amento para consumo em qualquer contexto.<\/p>\n\n\n\n<h2 class=\"wp-block-heading\">Quem s\u00e3o as novas fam\u00edlias da classe C<\/h2>\n\n\n\n<p>Analisando as fam\u00edlias que migraram para a classe C, o que representa 30,3% dos domic\u00edlios no Brasil em 2023 e renda mensal domiciliar entre R$ 3,2 mil e R$ 7,6 mil, itens essenciais de consumo s\u00e3o os que mais pesam nas despesas totais (86,9%), sendo os gastos com habita\u00e7\u00e3o os de maior peso (32,5%), seguido por alimenta\u00e7\u00e3o (17,1%), transporte (14,2%), assist\u00eancia \u00e0 sa\u00fade (6,5%), vestu\u00e1rio (4,1%), higiene (3,8%), educa\u00e7\u00e3o (3,1%), entre outros<\/p>\n\n\n\n<p>No entanto, o item habita\u00e7\u00e3o \u00e9 a principal despesa de consumo entre todas as classes \u2013 de A a E. <\/p>\n\n\n\n<div class=\"flourish-embed flourish-chart\" data-src=\"visualisation\/14612778?1266799\"><script src=\"https:\/\/public.flourish.studio\/resources\/embed.js\"><\/script><\/div>\n\n\n\n<p>Segundo proje\u00e7\u00e3o da Tend\u00eancias, fam\u00edlias de classe A v\u00e3o representar at\u00e9 o final de 2023 apenas 2,9% da popula\u00e7\u00e3o brasileira, enquanto <strong>os mais pobres (classes D\/E) continuar\u00e3o a ser maioria: 52,5%. <\/strong>Estes \u00faltimos t\u00eam renda mensal domiciliar de at\u00e9 R$ 3,2 mil, enquanto os mais abastados t\u00eam renda superior a R$ 23,8 mil. <\/p>\n\n\n\n<p><strong>Veja abaixo a estratifica\u00e7\u00e3o de domic\u00edlios em 2023:<\/strong><\/p>\n\n\n\n<figure class=\"wp-block-table is-style-stripes\"><table><tbody><tr><td><strong>Classe<\/strong><\/td><td><strong>Percentual da popula\u00e7\u00e3o<\/strong><\/td><td><strong>Renda mensal domiciliar<\/strong><\/td><\/tr><tr><td>A<\/td><td>2,9%<\/td><td>&lt; R$ 23,8 mil<\/td><\/tr><tr><td>B<\/td><td>14,2%<\/td><td>de R$ 7,6 mil a R$ 23,8 mil<\/td><\/tr><tr><td>C<\/td><td>30,3%<\/td><td>de R$ 3,2 mil a R$ 7,6 mil<\/td><\/tr><tr><td>D\/E<\/td><td>52,5%<\/td><td>R$ 3,2 mil<\/td><\/tr><\/tbody><\/table><\/figure>\n\n\n\n<h2 class=\"wp-block-heading\"><strong>Evolu\u00e7\u00e3o das classes impacta categorias de consumo<\/strong><\/h2>\n\n\n\n<p>Quanto menor a renda, maior parte dela \u00e9 destinada a bens essenciais, segundo o estudo. As classes C, D e E comprometem 54,5% do or\u00e7amento com alimenta\u00e7\u00e3o, enquanto a classe A, 16,5%.<\/p>\n\n\n\n<p>No primeiro trimestre de 2023, as <strong>vendas de supermercados <\/strong>cresceram 2,6% na varia\u00e7\u00e3o anual, mesmo crescimento do trimestre anterior. E a expectativa \u00e9 de que no decorrer do ano, as vendas do segmento devem continuar a crescer,<strong> <\/strong>com a melhora da renda nas classes mais baixas, diante dos programas sociais e do reajuste real do sal\u00e1rio-m\u00ednimo, al\u00e9m do arrefecimento da infla\u00e7\u00e3o sobre os pre\u00e7os de alimenta\u00e7\u00e3o em domic\u00edlio.<\/p>\n\n\n\n<p>J\u00e1 analisando o consumo de m\u00f3veis e eletrodom\u00e9sticos, o crescimento foi de 2,3% no primeiro trimestre do ano, ante 0,8% no quarto trimestre de 2022. A classe C \u00e9 a maior consumidora.<\/p>\n\n\n\n<div class=\"flourish-embed flourish-chart\" data-src=\"visualisation\/14613435?1266799\"><script src=\"https:\/\/public.flourish.studio\/resources\/embed.js\"><\/script><\/div>\n\n\n\n<p>Ainda de acordo com o estudo, o que beneficiou o resultado foi o <strong>arrefecimento dos pre\u00e7os<\/strong>. Mas como em abril deste ano as vendas j\u00e1 mostraram redu\u00e7\u00e3o de 0,5% na margem dessazonalizada, \u00e9 aguardado que estas devam continuar menos din\u00e2micas at\u00e9 o final do ano, &#8220;levando em conta a desacelera\u00e7\u00e3o das vagas de trabalho e piora nas condi\u00e7\u00f5es de cr\u00e9dito, condicionantes importantes ao consumo desse segmento&#8221;.<\/p>\n\n\n\n<p>Sendo assim, \u00e9 esperado que o consumo das fam\u00edlias mais pobres deve ser limitado nos pr\u00f3ximos anos em especial por press\u00f5es inflacion\u00e1rias de itens essenciais.<\/p>\n\n\n\n<p>&#8220;Nesse sentido, as vendas de bens dur\u00e1veis e semidur\u00e1veis (mais dependentes de classes mais altas) devem apresentar melhor desempenho no m\u00e9dio prazo&#8221;, aponta trecho do levantamento.<\/p>\n\n\n\n<p>O copo &#8220;meio cheio&#8221; para os menos abastados \u00e9 a inclus\u00e3o financeira que deve avan\u00e7ar e beneficiar o consumo, segundo a consultoria. <\/p>\n\n\n\n<blockquote class=\"wp-block-quote is-layout-flow wp-block-quote-is-layout-flow\">\n<p>&#8220;Milh\u00f5es de brasileiros desbancarizados poder\u00e3o ampliar as op\u00e7\u00f5es de modalidade de compra, em linha com a maior inclus\u00e3o banc\u00e1ria da popula\u00e7\u00e3o nos pr\u00f3ximos anos, de acordo com inova\u00e7\u00f5es do sistema financeiro, como o PIX e open banking, al\u00e9m de maior competi\u00e7\u00e3o banc\u00e1ria. Tal din\u00e2mica diminui o risco de cr\u00e9dito com a inadimpl\u00eancia, melhora os juros aos tomadores e amplia a oferta de cr\u00e9dito&#8221;.<\/p>\n<cite>TRECHO DO ESTUDO DA TEND\u00cancias<\/cite><\/blockquote>\n\n\n\n<p><\/p>\n\n\n\n<h2 class=\"wp-block-heading\">Investimentos<\/h2>\n\n\n\n<p>Ainda de acordo com o estudo, os recursos em caderneta de <a href=\"https:\/\/investnews.com.br\/guias\/poupanca-como-funciona-quanto-rende\/\">poupan\u00e7a<\/a> v\u00eam diminuindo \u2013 seja pela maior rentabilidade em outros tipos de investimento, como devido \u00e0 menor utiliza\u00e7\u00e3o pelas fam\u00edlias de baixa renda que, durante a pandemia, recebiam o aux\u00edlio emergencial via caderneta. Ainda assim, s\u00e3o as fam\u00edlias de renda mais alta que possuem maior margem no or\u00e7amento para fazer investimentos.<\/p>\n\n\n\n<p>Ativos como Certificado de <a href=\"https:\/\/investnews.com.br\/guias\/compensacao-bancaria\/\">Dep\u00f3sito Banc\u00e1rio<\/a> (<a href=\"https:\/\/investnews.com.br\/guias\/cdb-o-que-e\/\">CDB<\/a>), Letras de Cr\u00e9dito Imobili\u00e1rio e do Agroneg\u00f3cio (LCI e LCA), ganharam relev\u00e2ncia dada a taxa de juros (<a href=\"https:\/\/investnews.com.br\/guias\/taxa-selic\/\">Selic<\/a>) estar elevada, al\u00e9m do maior conhecimento das pessoas sobre investimentos. <\/p>\n\n\n\n<p>A expectativa da consultoria \u00e9 de que o Comit\u00ea de Pol\u00edtica Monet\u00e1ria (Copom) comece o ciclo de corte da Selic na pr\u00f3xima reuni\u00e3o de agosto, alcan\u00e7ando o patamar de 12,5% ao final de 2023 e 10,5% ao t\u00e9rmino de 2024. E a renda dos domic\u00edlios que dependem do retorno atrav\u00e9s de dividendos e rendimentos de investimentos distintos deve ser beneficiada.<\/p>\n\n\n\n<p><strong>71% da renda da classe A<\/strong> \u00e9 proveniente de ganhos de capital, como rendimentos de aplica\u00e7\u00f5es financeiras e alugueis.<\/p>\n\n\n\n<p>J\u00e1 as classes B e C dependem basicamente da remunera\u00e7\u00e3o do trabalho, sendo o peso dos sal\u00e1rios pr\u00f3ximo a 90%, e as classes D e E da Previd\u00eancia Social, representando 36,4% da origem da renda.<\/p>\n","protected":false},"excerpt":{"rendered":"<p>No ano passado, classe C viu renda crescer 7,7%, segundo estudo da consultoria Tend\u00eancias.<\/p>\n","protected":false},"author":37,"featured_media":272919,"comment_status":"closed","ping_status":"open","sticky":false,"template":"","format":"standard","meta":{"_acf_changed":false,"inline_featured_image":false,"footnotes":""},"categories":[5],"tags":[2389],"autor-wsj":[],"coauthors":[2270],"class_list":["post-512862","post","type-post","status-publish","format-standard","has-post-thumbnail","hentry","category-economia","tag-riqueza"],"acf":[],"amp_enabled":true,"_links":{"self":[{"href":"https:\/\/investnews.com.br\/inv-api\/wp\/v2\/posts\/512862","targetHints":{"allow":["GET"]}}],"collection":[{"href":"https:\/\/investnews.com.br\/inv-api\/wp\/v2\/posts"}],"about":[{"href":"https:\/\/investnews.com.br\/inv-api\/wp\/v2\/types\/post"}],"author":[{"embeddable":true,"href":"https:\/\/investnews.com.br\/inv-api\/wp\/v2\/users\/37"}],"replies":[{"embeddable":true,"href":"https:\/\/investnews.com.br\/inv-api\/wp\/v2\/comments?post=512862"}],"version-history":[{"count":37,"href":"https:\/\/investnews.com.br\/inv-api\/wp\/v2\/posts\/512862\/revisions"}],"predecessor-version":[{"id":572727,"href":"https:\/\/investnews.com.br\/inv-api\/wp\/v2\/posts\/512862\/revisions\/572727"}],"wp:featuredmedia":[{"embeddable":true,"href":"https:\/\/investnews.com.br\/inv-api\/wp\/v2\/media\/272919"}],"wp:attachment":[{"href":"https:\/\/investnews.com.br\/inv-api\/wp\/v2\/media?parent=512862"}],"wp:term":[{"taxonomy":"category","embeddable":true,"href":"https:\/\/investnews.com.br\/inv-api\/wp\/v2\/categories?post=512862"},{"taxonomy":"post_tag","embeddable":true,"href":"https:\/\/investnews.com.br\/inv-api\/wp\/v2\/tags?post=512862"},{"taxonomy":"autor-wsj","embeddable":true,"href":"https:\/\/investnews.com.br\/inv-api\/wp\/v2\/autor-wsj?post=512862"},{"taxonomy":"author","embeddable":true,"href":"https:\/\/investnews.com.br\/inv-api\/wp\/v2\/coauthors?post=512862"}],"curies":[{"name":"wp","href":"https:\/\/api.w.org\/{rel}","templated":true}]}}