{"id":5143,"date":"2020-03-04T19:29:47","date_gmt":"2020-03-04T22:29:47","guid":{"rendered":"https:\/\/investnews.com.br\/?p=5143"},"modified":"2026-01-08T11:49:17","modified_gmt":"2026-01-08T14:49:17","slug":"coronavirus-pode-afetar-crescimento-do-pib-em-2020-diz-maia","status":"publish","type":"post","link":"https:\/\/investnews.com.br\/economia\/coronavirus-pode-afetar-crescimento-do-pib-em-2020-diz-maia\/","title":{"rendered":"Coronav\u00edrus pode afetar crescimento do PIB em 2020, diz Maia"},"content":{"rendered":"\n<p>Os efeitos do coronav\u00edrus na <a href=\"https:\/\/investnews.com.br\/tag\/economia\/\" target=\"_blank\" aria-label=\"economia  (opens in a new tab)\" rel=\"noreferrer noopener\" class=\"rank-math-link\">economia <\/a>brasileira podem afetar o crescimento do Produto Interno Bruto (<a href=\"https:\/\/investnews.com.br\/tag\/pib\/\" target=\"_blank\" aria-label=\"PIB (opens in a new tab)\" rel=\"noreferrer noopener\" class=\"rank-math-link\">PIB<\/a>) de 2020. A avalia\u00e7\u00e3o \u00e9 do presidente da C\u00e2mara, <a href=\"https:\/\/investnews.com.br\/tag\/rodrigo-maia\/\" target=\"_blank\" aria-label=\"Rodrigo Maia (opens in a new tab)\" rel=\"noreferrer noopener\" class=\"rank-math-link\">Rodrigo Maia<\/a> (DEM-RJ). Segundo ele, a proje\u00e7\u00e3o de crescimento ao final de 2019 j\u00e1 estava abaixo da expectativa. &#8220;Somado ao <a href=\"https:\/\/investnews.com.br\/tag\/coronavirus\/\" target=\"_blank\" aria-label=\"coronav\u00edrus (opens in a new tab)\" rel=\"noreferrer noopener\" class=\"rank-math-link\">coronav\u00edrus<\/a>, \u00e9 claro que isso acelera no curto prazo a queda de proje\u00e7\u00e3o do crescimento do PIB para este ano&#8221;, disse.<\/p>\n\n\n\n<p>Ele pontuou, contudo, que \u00e9 cedo para dizer e apostou em uma recupera\u00e7\u00e3o com proje\u00e7\u00e3o de crescimento em 2,4%, que era a expectativa no fim de 2019. &#8220;Acho que a quest\u00e3o do coronav\u00edrus pode ter um encaminhamento que estabilize os problemas e que a gente possa recuperar tanto com gest\u00e3o do governo quanto com aprova\u00e7\u00e3o de reformas&#8221;, contrap\u00f4s.<\/p>\n\n\n\n<p>Maia afirmou ainda que, se o governo demorar para enviar uma proposta de reforma administrativa, a Casa apresentar\u00e1 a sua. &#8220;Acho que a C\u00e2mara deve e vai dar sua contribui\u00e7\u00e3o na reforma administrativa. Se puder ser junto com o governo, bom. Se n\u00e3o puder, acho que durante o m\u00eas de mar\u00e7o eu tenho a da C\u00e2mara, os projetos organizados para que eu possa dividir com os l\u00edderes e avaliar o que a gente consegue votando j\u00e1 a partir do m\u00eas que vem&#8221;, declarou.<\/p>\n","protected":false},"excerpt":{"rendered":"<p>Bancos j\u00e1 reduziram proje\u00e7\u00f5es ap\u00f3s divulga\u00e7\u00e3o do PIB 2019 de 1,1% <\/p>\n","protected":false},"author":7,"featured_media":5144,"comment_status":"open","ping_status":"open","sticky":false,"template":"","format":"standard","meta":{"_acf_changed":false,"inline_featured_image":false,"footnotes":""},"categories":[5],"tags":[404,499,53],"autor-wsj":[],"coauthors":[1494],"class_list":["post-5143","post","type-post","status-publish","format-standard","has-post-thumbnail","hentry","category-economia","tag-coronavirus","tag-economia","tag-pib"],"acf":[],"amp_enabled":true,"_links":{"self":[{"href":"https:\/\/investnews.com.br\/inv-api\/wp\/v2\/posts\/5143","targetHints":{"allow":["GET"]}}],"collection":[{"href":"https:\/\/investnews.com.br\/inv-api\/wp\/v2\/posts"}],"about":[{"href":"https:\/\/investnews.com.br\/inv-api\/wp\/v2\/types\/post"}],"author":[{"embeddable":true,"href":"https:\/\/investnews.com.br\/inv-api\/wp\/v2\/users\/7"}],"replies":[{"embeddable":true,"href":"https:\/\/investnews.com.br\/inv-api\/wp\/v2\/comments?post=5143"}],"version-history":[{"count":3,"href":"https:\/\/investnews.com.br\/inv-api\/wp\/v2\/posts\/5143\/revisions"}],"predecessor-version":[{"id":746067,"href":"https:\/\/investnews.com.br\/inv-api\/wp\/v2\/posts\/5143\/revisions\/746067"}],"wp:featuredmedia":[{"embeddable":true,"href":"https:\/\/investnews.com.br\/inv-api\/wp\/v2\/media\/5144"}],"wp:attachment":[{"href":"https:\/\/investnews.com.br\/inv-api\/wp\/v2\/media?parent=5143"}],"wp:term":[{"taxonomy":"category","embeddable":true,"href":"https:\/\/investnews.com.br\/inv-api\/wp\/v2\/categories?post=5143"},{"taxonomy":"post_tag","embeddable":true,"href":"https:\/\/investnews.com.br\/inv-api\/wp\/v2\/tags?post=5143"},{"taxonomy":"autor-wsj","embeddable":true,"href":"https:\/\/investnews.com.br\/inv-api\/wp\/v2\/autor-wsj?post=5143"},{"taxonomy":"author","embeddable":true,"href":"https:\/\/investnews.com.br\/inv-api\/wp\/v2\/coauthors?post=5143"}],"curies":[{"name":"wp","href":"https:\/\/api.w.org\/{rel}","templated":true}]}}