{"id":516579,"date":"2023-08-09T16:40:00","date_gmt":"2023-08-09T19:40:00","guid":{"rendered":"https:\/\/investnews.com.br\/?p=516579"},"modified":"2023-08-10T11:34:37","modified_gmt":"2023-08-10T14:34:37","slug":"privatizacao-da-copel-aumenta-eficiencia-e-valoriza-acoes-dizem-analistas","status":"publish","type":"post","link":"https:\/\/investnews.com.br\/negocios\/privatizacao-da-copel-aumenta-eficiencia-e-valoriza-acoes-dizem-analistas\/","title":{"rendered":"Privatiza\u00e7\u00e3o da Copel eleva efici\u00eancia e valoriza a\u00e7\u00f5es, veem analistas"},"content":{"rendered":"\n<p>A&nbsp;<strong>Copel&nbsp;<\/strong>(<a href=\"https:\/\/investnews.com.br\/cotacao\/cple6-cia-paranaense-de-energia-copel\/\" target=\"_blank\" rel=\"noreferrer noopener\">COPL6<\/a>) movimentou <strong>R$ 4,53 bilh\u00f5es<\/strong> na oferta de a\u00e7\u00f5es para <strong>privatiza\u00e7\u00e3o<\/strong> da companhia el\u00e9trica paranaense, em uma das maiores opera\u00e7\u00f5es do mercado de capitais brasileiro no ano. O valor n\u00e3o considera eventual exerc\u00edcio de lote suplementar. Analistas ouvidos pelo <em>InvestNews<\/em> veem boas perspectivas para a empresa e valoriza\u00e7\u00e3o das a\u00e7\u00f5es ap\u00f3s a privatiza\u00e7\u00e3o. <\/p>\n\n\n\n<p>Cada papel foi precificado por R$ 8,25 no <a href=\"https:\/\/investnews.com.br\/negocios\/copel-lanca-oferta-de-privatizacao-mas-aponta-risco-de-cancelamento\/\">\u201cfollow on\u201d ou oferta p\u00fablica subsequente de a\u00e7\u00f5es<\/a> que dilui a participa\u00e7\u00e3o do estado do Paran\u00e1 no capital da companhia e a transformou em uma corpora\u00e7\u00e3o. A oferta negociou um lote de 549 milh\u00f5es de a\u00e7\u00f5es prim\u00e1rias e secund\u00e1rias.<\/p>\n\n\n\n<figure class=\"wp-block-image size-full\"><img loading=\"lazy\" decoding=\"async\" width=\"2048\" height=\"1365\" src=\"https:\/\/media.investnews.com.br\/uploads\/2021\/01\/copel-scaled.jpg\" alt=\"COPEL AVALIA DESINVESTIIMENTO NA UEGA\" class=\"wp-image-130463\" srcset=\"https:\/\/media.investnews.com.br\/uploads\/2021\/01\/copel-scaled.jpg 2048w, https:\/\/media.investnews.com.br\/uploads\/2021\/01\/copel-scaled-300x200.jpg 300w, https:\/\/media.investnews.com.br\/uploads\/2021\/01\/copel-scaled-1024x683.jpg 1024w, https:\/\/media.investnews.com.br\/uploads\/2021\/01\/copel-scaled-768x512.jpg 768w, https:\/\/media.investnews.com.br\/uploads\/2021\/01\/copel-scaled-1536x1024.jpg 1536w, https:\/\/media.investnews.com.br\/uploads\/2021\/01\/copel-scaled-1256x837.jpg 1256w, https:\/\/media.investnews.com.br\/uploads\/2021\/01\/copel-scaled-172x115.jpg 172w, https:\/\/media.investnews.com.br\/uploads\/2021\/01\/copel-scaled-150x100.jpg 150w\" sizes=\"auto, (max-width: 2048px) 100vw, 2048px\" \/><figcaption class=\"wp-element-caption\">REUTERS\/Ueslei Marcelino<\/figcaption><\/figure>\n\n\n\n<p>Tamb\u00e9m foi oferecido um lote suplementar equivalente a at\u00e9 15% das a\u00e7\u00f5es ofertadas, que poder\u00e1 ser exercido pelos agentes at\u00e9 7 de setembro. Se exercido, o valor total da opera\u00e7\u00e3o pode chegar a R$ 5,2 bilh\u00f5es.<\/p>\n\n\n\n<p>O in\u00edcio das negocia\u00e7\u00f5es das a\u00e7\u00f5es na B3 est\u00e1 marcado para esta quinta-feira (10). A oferta foi conduzida pelos bancos BTG Pactual, Ita\u00fa BBA, Bradesco BBI, Morgan Stanley e UBS BB.<\/p>\n\n\n\n<p>\u00c0s 16h30, as <strong>a\u00e7\u00f5es<\/strong> subiam<strong> alta de 0,69%<\/strong>, negociadas a <strong>R$ 8,70<\/strong> cada. A m\u00e1xima do dia foi de R$ 8,81.<\/p>\n\n\n\n<blockquote class=\"wp-block-quote is-layout-flow wp-block-quote-is-layout-flow\">\n<p>&#8220;Isso vai gerar alguns benef\u00edcios para o governo. Provavelmente, vamos observar uma recupera\u00e7\u00e3o da capacidade de investimento da Copel pelos entes privados que v\u00e3o entrar na empresa. Isso aumenta a efici\u00eancia operacional e efici\u00eancia da estrutura de capital e projetos. O resultado disso \u00e9 uma <a href=\"https:\/\/investnews.com.br\/guias\/rentabilidade\/\">rentabilidade<\/a> maior e <a href=\"https:\/\/investnews.com.br\/guias\/ebitda-o-que-e-como-calcular\/\">margem Ebitda<\/a> maior.&#8221;<\/p>\n<cite>Hugo Queiroz, s\u00f3cio da l4 capital.<\/cite><\/blockquote>\n\n\n\n<p><\/p>\n\n\n\n<p>Segundo o analista, a melhora na rentabilidade e margem operacional deve gerar mais fluxo de caixa e <a href=\"https:\/\/investnews.com.br\/guias\/dividendos-o-que-sao-como-funcionam\/\">dividendos<\/a>, podendo levar a uma reprecifica\u00e7\u00e3o da a\u00e7\u00e3o, que deve atingir o mesmo patamar da <strong>Equatorial<\/strong> (<a href=\"https:\/\/investnews.com.br\/cotacao\/eqtl3-grupo-equatorial\/\">EQTL3<\/a>)&nbsp;e <strong>CPFL<\/strong> (<a href=\"https:\/\/investnews.com.br\/cotacao\/cpfe3-cpfl-energia-2\/\">CPFE3<\/a>), que s\u00e3o negociadas em cerca de 2,5 vezes o valor patrimonial, ou mesmo da <strong>Engie<\/strong> (<a href=\"https:\/\/investnews.com.br\/cotacao\/egie3-engie-brasil\/\">EGIE3<\/a>), que possui o patrim\u00f4nio 4 vezes superior. <\/p>\n\n\n\n<p>Andr\u00e9 Fernandes, head de Renda Vari\u00e1vel e s\u00f3cio da A7 Capital, tamb\u00e9m acredita que as perspectivas para a empresa s\u00e3o boas.<\/p>\n\n\n\n<blockquote class=\"wp-block-quote is-layout-flow wp-block-quote-is-layout-flow\">\n<p>&#8220;Com a empresa privatizada, isso melhora a imagem e consequentemente haver\u00e1 uma melhora na governan\u00e7a corporativa, uma tend\u00eancia nas empresas privadas. A demanda de grandes fundos nessa oferta tamb\u00e9m \u00e9 um ponto positivo, visto que visam o longo prazo, e j\u00e1 vem sendo refletido positivamente nas a\u00e7\u00f5es da empresa.&#8221;<\/p>\n<cite>Andre Fernandes, head de renda vari\u00e1vel e s\u00f3cio da A7 Capital<\/cite><\/blockquote>\n\n\n\n<p><\/p>\n\n\n\n<p>Fernandes destaca que a Copel aproveitou para emitir mais a\u00e7\u00f5es para refor\u00e7ar seu caixa frente aos investimentos nos projetos futuros da empresa, que tamb\u00e9m \u00e9 &#8220;um bom sinal&#8221;.<\/p>\n\n\n\n<p>O professor da FIA Business School Celso Grisi acrescenta que, embora o governo paranaense mantenha 15,6% do capital social, a privatiza\u00e7\u00e3o atraiu investidores nacionais e estrangeiros.<\/p>\n\n\n\n<blockquote class=\"wp-block-quote is-layout-flow wp-block-quote-is-layout-flow\">\n<p>&#8220;As perspectivas para o valor dessas a\u00e7\u00f5es s\u00e3o muito positivas, pois embora n\u00e3o se tenha um controlador definido \u00e9 de se esperar uma efetividade maior de sua gest\u00e3o sobre o ponto de vista operacional e estrat\u00e9gico, com aumento de margens, e a garantia de novos aportes para o aumento da qualidade dos servi\u00e7os prestados.&#8221; <\/p>\n<cite>Celso Grisi, professor da FIA Business School.<\/cite><\/blockquote>\n\n\n\n<p>&#8220;As empresas p\u00fablicas, de \u00e2mbito nacional, valem mais, tem um porte maior, isso explica. Mas, de qualquer maneira, \u00e9 um marco para o estado do Paran\u00e1 em termos de gest\u00e3o na parte energ\u00e9tica&#8221;, afirmou Hugo Queiroz, da L4 Capital.<\/p>\n\n\n\n<p>A Copel \u00e9 uma das maiores energ\u00e9ticas do pa\u00eds e a transa\u00e7\u00e3o envolveu a renova\u00e7\u00e3o das concess\u00f5es hidrel\u00e9tricas com o governo federal.<\/p>\n\n\n\n<h2 class=\"wp-block-heading\">Ranking de privatiza\u00e7\u00f5es<\/h2>\n\n\n\n<p>Apesar do valor bilion\u00e1rio, a privatiza\u00e7\u00e3o da Copel n\u00e3o \u00e9 t\u00e3o relevante quanto as que foram realizadas nos \u00faltimos 20 anos, como de empresas federais, que possuem porte superior. Veja quais foram:<\/p>\n\n\n\n<ul class=\"wp-block-list\">\n<li>Em 2022, <strong>Eletrobras<\/strong> foi privatizada por R$ 33 bilh\u00f5es<\/li>\n\n\n\n<li>Em 2021, <strong>Petrobras<\/strong> vendeu por R$ 11,5 bilh\u00f5es sua participa\u00e7\u00e3o na BR Distribuidora<\/li>\n\n\n\n<li>De 2012 a 2020, R$ 50 bilh\u00f5es foram levantados com a privatiza\u00e7\u00e3o de <strong>aeroportos<\/strong><\/li>\n\n\n\n<li>Em 2021, a <strong>Cedae<\/strong> foi privatizada por R$ 22,7 bilh\u00f5es<\/li>\n\n\n\n<li>Em 2000, o <strong>Banco Banespa<\/strong> por R$ 7 bilh\u00f5es<\/li>\n\n\n\n<li>Em 1998, a <strong>Telebr\u00e1s<\/strong> foi vendida por R$ 22 bilh\u00f5es <\/li>\n<\/ul>\n\n\n\n<p><\/p>\n\n\n\n<p><\/p>\n","protected":false},"excerpt":{"rendered":"<p>Companhia el\u00e9trica paranaense foi privatizada por R$ 4,5 bilh\u00f5es; a\u00e7\u00f5es subiram.<\/p>\n","protected":false},"author":73,"featured_media":463063,"comment_status":"closed","ping_status":"open","sticky":false,"template":"","format":"standard","meta":{"_acf_changed":false,"inline_featured_image":false,"footnotes":""},"categories":[6],"tags":[2365],"autor-wsj":[],"coauthors":[101284],"class_list":["post-516579","post","type-post","status-publish","format-standard","has-post-thumbnail","hentry","category-negocios","tag-copel"],"acf":[],"amp_enabled":true,"_links":{"self":[{"href":"https:\/\/investnews.com.br\/inv-api\/wp\/v2\/posts\/516579","targetHints":{"allow":["GET"]}}],"collection":[{"href":"https:\/\/investnews.com.br\/inv-api\/wp\/v2\/posts"}],"about":[{"href":"https:\/\/investnews.com.br\/inv-api\/wp\/v2\/types\/post"}],"author":[{"embeddable":true,"href":"https:\/\/investnews.com.br\/inv-api\/wp\/v2\/users\/73"}],"replies":[{"embeddable":true,"href":"https:\/\/investnews.com.br\/inv-api\/wp\/v2\/comments?post=516579"}],"version-history":[{"count":48,"href":"https:\/\/investnews.com.br\/inv-api\/wp\/v2\/posts\/516579\/revisions"}],"predecessor-version":[{"id":517016,"href":"https:\/\/investnews.com.br\/inv-api\/wp\/v2\/posts\/516579\/revisions\/517016"}],"wp:featuredmedia":[{"embeddable":true,"href":"https:\/\/investnews.com.br\/inv-api\/wp\/v2\/media\/463063"}],"wp:attachment":[{"href":"https:\/\/investnews.com.br\/inv-api\/wp\/v2\/media?parent=516579"}],"wp:term":[{"taxonomy":"category","embeddable":true,"href":"https:\/\/investnews.com.br\/inv-api\/wp\/v2\/categories?post=516579"},{"taxonomy":"post_tag","embeddable":true,"href":"https:\/\/investnews.com.br\/inv-api\/wp\/v2\/tags?post=516579"},{"taxonomy":"autor-wsj","embeddable":true,"href":"https:\/\/investnews.com.br\/inv-api\/wp\/v2\/autor-wsj?post=516579"},{"taxonomy":"author","embeddable":true,"href":"https:\/\/investnews.com.br\/inv-api\/wp\/v2\/coauthors?post=516579"}],"curies":[{"name":"wp","href":"https:\/\/api.w.org\/{rel}","templated":true}]}}