{"id":517133,"date":"2023-08-10T18:17:58","date_gmt":"2023-08-10T21:17:58","guid":{"rendered":"https:\/\/investnews.com.br\/?p=517133"},"modified":"2025-08-08T16:28:21","modified_gmt":"2025-08-08T19:28:21","slug":"verde-kinea-legacy-e-spx-o-que-mudou-na-visao-das-gestoras-sobre-o-brasil","status":"publish","type":"post","link":"https:\/\/investnews.com.br\/financas\/verde-kinea-legacy-e-spx-o-que-mudou-na-visao-das-gestoras-sobre-o-brasil\/","title":{"rendered":"Verde, Kinea, Legacy e SPX: o que mudou na vis\u00e3o das gestoras sobre o Brasil?"},"content":{"rendered":"<p>Passados alguns meses do in\u00edcio do terceiro mandato do presidente Luiz In\u00e1cio Lula da Silva, os gestores dos principais fundos brasileiros passaram do <a href=\"https:\/\/investnews.com.br\/financas\/o-que-pensam-gestores-e-analistas-sobre-o-resultado-das-eleicoes-de-domingo\/\">pessimismo<\/a> para &#8220;otimismo com ressalvas&#8221;. Mudan\u00e7as no cen\u00e1rio macro e movimenta\u00e7\u00f5es do minist\u00e9rio da Economia sob a tutela de Fernando Haddad \u2013 antes visto com desd\u00e9m por parte expressiva do mercado \u2013, foram o gatilho para a um novo olhar sobre Brasil e aloca\u00e7\u00e3o dos ativos.<\/p><p>Para mostrar as proje\u00e7\u00f5es que foram feitas no in\u00edcio do mandato de Lula e o que de fato aconteceu, o\u00a0<em>InvestNews<\/em> analisou as primeiras e as \u00faltimas cartas de 2023 das gestoras <strong>Verde Asset, Legacy Capital, Kinea e SPX<\/strong>. Veja abaixo os destaques:<\/p><figure class=\"wp-block-image size-large\"><img loading=\"lazy\" decoding=\"async\" width=\"1024\" height=\"576\" src=\"https:\/\/media.investnews.com.br\/uploads\/2023\/08\/gestoras-1024x576.jpg\" alt=\"Logos das gestoras Verde, Kinea, SPX e Legacy Capital\" class=\"wp-image-517161\" srcset=\"https:\/\/media.investnews.com.br\/uploads\/2023\/08\/gestoras-1024x576.jpg 1024w, https:\/\/media.investnews.com.br\/uploads\/2023\/08\/gestoras-300x169.jpg 300w, https:\/\/media.investnews.com.br\/uploads\/2023\/08\/gestoras-768x432.jpg 768w, https:\/\/media.investnews.com.br\/uploads\/2023\/08\/gestoras-172x97.jpg 172w, https:\/\/media.investnews.com.br\/uploads\/2023\/08\/gestoras-150x84.jpg 150w, https:\/\/media.investnews.com.br\/uploads\/2023\/08\/gestoras.jpg 1200w\" sizes=\"auto, (max-width: 1024px) 100vw, 1024px\" \/><\/figure><h2 class=\"wp-block-heading\">Verde Asset<\/h2><p>Em carta de janeiro deste ano, a gestora do <a href=\"https:\/\/investnews.com.br\/guias\/fundo-verde-entenda\/\">fundo Verde<\/a> capitaneada por Luiz Stuhlberguer teceu cr\u00edticas ao governo Lula, dados os questionamentos do novo presidente sobre a meta de infla\u00e7\u00e3o e ataques \u00e0 independ\u00eancia do Banco Central. A asset destacou que isso manteria os pr\u00eamios de risco, em especial na curva de juros, muito altos, o que afetaria diretamente o <em><a href=\"https:\/\/investnews.com.br\/guias\/valuation-como-calcular\/\">valuation<\/a><\/em> (valor de mercado) das a\u00e7\u00f5es.\u00a0<\/p><p>Foi mantido o mesmo tom da carta anterior (dezembro de 2022) apontando que existia muito ru\u00eddo nas declara\u00e7\u00f5es do governo e que\u00a0&#8220;per\u00edodos de sil\u00eancio brasiliense tendem a ser taticamente positivos&#8221;.<\/p><blockquote class=\"wp-block-quote is-layout-flow wp-block-quote-is-layout-flow\">\n<p>&#8220;Como tem sido praxe desde o fim da elei\u00e7\u00e3o, o novo governo n\u00e3o perde uma oportunidade de perder oportunidades&#8221;.\u00a0<\/p>\n<cite>trecho da carta da verde asset, de janeiro de 2023<\/cite><\/blockquote><p><\/p><p>Na \u00e9poca, o fundo manteve exposi\u00e7\u00e3o na bolsa brasileira e zerou os <a href=\"https:\/\/investnews.com.br\/guias\/hedge-o-que-e\/\">hedges<\/a> na bolsa americana, voltando para uma pequena posi\u00e7\u00e3o comprada em a\u00e7\u00f5es globais.<\/p><p>No entanto, no decorrer do primeiro semestre, as cartas da gestora indicavam mudan\u00e7as substanciais na economia dom\u00e9stica, o que a fazia\u00a0repensar suas posi\u00e7\u00f5es.<\/p><p>Em abril, os sinais positivos em rela\u00e7\u00e3o \u00e0s receitas fiscais,\u00a0com o governo obtendo vit\u00f3ria no Supremo Tribunal de Justi\u00e7a (STJ) na quest\u00e3o dos benef\u00edcios de <a href=\"https:\/\/investnews.com.br\/guias\/o-que-e-icms\/\">ICMS<\/a> na base dos impostos federais foi destaque da carta do m\u00eas.\u00a0<\/p><p>A gestora apontou que parecia aumentar as probabilidades de que as metas fiscais de 2023 e 2024 fossem cumpridas, apesar de permanecerem como desafios at\u00e9 2026. O Congresso tamb\u00e9m foi citado como um contraponto importante em algumas decis\u00f5es do governo, como no caso do saneamento e mesmo no arcabou\u00e7o fiscal, em que os sinais apontam para melhoras no projeto.<\/p><figure class=\"wp-block-image size-large\"><img loading=\"lazy\" decoding=\"async\" width=\"1024\" height=\"576\" src=\"https:\/\/media.investnews.com.br\/uploads\/2023\/07\/Cafeina_13_07_2-1024x576.jpg\" alt=\"Pessoa digitando em laptop com dados e fluxos digitais coloridos, representando processamento de informa\u00e7\u00e3o.\" class=\"wp-image-503666\" srcset=\"https:\/\/media.investnews.com.br\/uploads\/2023\/07\/Cafeina_13_07_2-1024x576.jpg 1024w, https:\/\/media.investnews.com.br\/uploads\/2023\/07\/Cafeina_13_07_2-300x169.jpg 300w, https:\/\/media.investnews.com.br\/uploads\/2023\/07\/Cafeina_13_07_2-768x432.jpg 768w, https:\/\/media.investnews.com.br\/uploads\/2023\/07\/Cafeina_13_07_2-172x97.jpg 172w, https:\/\/media.investnews.com.br\/uploads\/2023\/07\/Cafeina_13_07_2-150x84.jpg 150w, https:\/\/media.investnews.com.br\/uploads\/2023\/07\/Cafeina_13_07_2.jpg 1200w\" sizes=\"auto, (max-width: 1024px) 100vw, 1024px\" \/><figcaption class=\"wp-element-caption\">Cr\u00e9dito: Adobe Sotck<\/figcaption><\/figure><p>Fatores com vi\u00e9s positivo fizeram\u00a0a Verde desmontar posi\u00e7\u00e3o comprada em d\u00f3lar contra o real, apesar de ter reduzido exposi\u00e7\u00e3o na bolsa brasileira. J\u00e1 a posi\u00e7\u00e3o comprada em infla\u00e7\u00e3o impl\u00edcita no Brasil foi mantida, e zerada em d\u00f3lar contra o real. <\/p><h3 class=\"wp-block-heading\">O que mudou<\/h3><p>J\u00e1 na carta de junho, a gestora apontou que continuou comprada em infla\u00e7\u00e3o impl\u00edcita no Brasil e que tinha reduzido marginalmente a posi\u00e7\u00e3o em a\u00e7\u00f5es brasileiras. &#8220;Mantivemos aloca\u00e7\u00e3o comprada em real via op\u00e7\u00f5es&#8221;.\u00a0\u00a0<\/p><blockquote class=\"wp-block-quote is-layout-flow wp-block-quote-is-layout-flow\">\n<p>&#8220;O real se desvalorizou de maneira importante, as taxas de juros se mant\u00eam pressionadas, mas os pol\u00edticos continuam numa esp\u00e9cie de metaverso brasiliense, onde o populismo \u00e9 moeda corrente e a \u00fanica coisa que importa \u00e9 a elei\u00e7\u00e3o.&#8221;<\/p>\n<cite>trecho da carta da verde asset, de junho de 2023<\/cite><\/blockquote><p><\/p><p>Por\u00e9m, em julho, a gestora divulgou os ganhos nas posi\u00e7\u00f5es tomadas em a\u00e7\u00f5es brasileiras, <a href=\"https:\/\/investnews.com.br\/guias\/commodities-o-que-sao\/\">commodities<\/a>, infla\u00e7\u00e3o e na posi\u00e7\u00e3o comprada em real.\u00a0J\u00e1 as perdas foram provenientes dos hedges em bolsa global.<\/p><p>O tom positivo para o mercado dom\u00e9stico foi tamb\u00e9m justificado pelos &#8220;bons ventos globais&#8221;, o que fez melhorar\u00a0 as condi\u00e7\u00f5es de financiamento de v\u00e1rias companhias, ap\u00f3s o choque do in\u00edcio do ano.\u00a0<\/p><p>O corte da taxa <a href=\"https:\/\/investnews.com.br\/financas\/selic-em-1325-quanto-rendem-os-investimentos-e-onde-investir-agora-2\/\">Selic para 12,25%<\/a> ao ano no in\u00edcio de agosto foi citado em carta, apontando que o feito surpreendeu &#8216;marginalmente&#8221; o mercado, assim como a proje\u00e7\u00e3o de corte de igual magnitude para a pr\u00f3xima reuni\u00e3o marcada para setembro.\u00a0<\/p><p>A gest\u00e3o mostrava um tom bem mais otimista quando comparado com as mensagens anteriores, apontando acreditar que a realoca\u00e7\u00e3o de portf\u00f3lio do investidor brasileiro deveria ganhar &#8220;pujan\u00e7a a partir de agora, ajudando a suportar os pre\u00e7os dos ativos locais, especialmente a\u00e7\u00f5es e cr\u00e9dito&#8221;.<\/p><p>Os resultados da balan\u00e7a comercial foram descritos como &#8220;potentes&#8221;\u00a0 e que deveriam continuar ancorando o real &#8220;mesmo com menos suporte marginal do diferencial de juros&#8221;.<\/p><p>Atualmente, o fundo mant\u00e9m pequena exposi\u00e7\u00e3o vendida em bolsa global, e reduziu um pouco mais sua aloca\u00e7\u00e3o em bolsa brasileira, j\u00e1 que algumas companhias teriam atingido pre\u00e7os com menor retorno daqui por diante. A posi\u00e7\u00e3o comprada em infla\u00e7\u00e3o impl\u00edcita no Brasil foi mantida e agora a Verde come\u00e7ou uma\u00a0 aloca\u00e7\u00e3o vendida no d\u00f3lar contra o real.<\/p><ul class=\"wp-block-list\">\n<li><strong><em><strong><em>Descubra: <a href=\"https:\/\/investnews.com.br\/guias\/offshore\/\" target=\"_blank\" rel=\"noreferrer noopener\">o que \u00e9 offshore<\/a> e como abrir<\/em><\/strong><\/em><\/strong><\/li>\n<\/ul><h2 class=\"wp-block-heading\">Legacy Capital<\/h2><p>Em janeiro deste ano, a <strong>Legacy Capital<\/strong> apontou em carta as not\u00edcias desfavor\u00e1veis para o pa\u00eds, com destaque para a discuss\u00e3o sobre\u00a0 a mudan\u00e7a da meta de infla\u00e7\u00e3o; a utiliza\u00e7\u00e3o do balan\u00e7o do BNDES para o financiamento de obras em outros pa\u00edses, assim como a concep\u00e7\u00e3o de uma moeda comum entre o Brasil e a Argentina, sendo essa \u00faltima considerada como &#8220;delirante&#8221;.\u00a0<\/p><p>O entendimento da gestora sobre eleva\u00e7\u00e3o da meta de infla\u00e7\u00e3o \u00e9 que esta n\u00e3o contribuiria para a estabilidade macroecon\u00f4mica do pa\u00eds que at\u00e9 ent\u00e3o vinha se beneficiando da boa situa\u00e7\u00e3o macroecon\u00f4mica herdada pelo governo antecessor, assim como o ambiente global favor\u00e1vel a commodities e pa\u00edses emergentes.<\/p><p>Na \u00e9poca, a gestora citou ainda que a pauta econ\u00f4mica\u00a0 teria se tornado desfavor\u00e1vel &#8220;a um ambiente de estabilidade e crescimento&#8221;.\u00a0<\/p><blockquote class=\"wp-block-quote is-layout-flow wp-block-quote-is-layout-flow\">\n<p>&#8220;Projetamos estabilidade do PIB, e infla\u00e7\u00e3o de 6,0% em 2023. Em 2024, projetamos infla\u00e7\u00e3o de 5,4%. A eleva\u00e7\u00e3o das expectativas de infla\u00e7\u00e3o em curso deve se prolongar por algum tempo, e impedir que o Banco Central reduza os juros em 2023&#8221;.<\/p>\n<cite>LEGACY CAPITAL, EM JANEIRO DE 2023.<\/cite><\/blockquote><p><\/p><p>No entanto, no primeiro trimestre deste ano, o <a href=\"https:\/\/investnews.com.br\/economia\/pib-do-brasil-cresce-19-no-1o-trimestre-com-avanco-da-agropecuaria\/\">Produto Interno Bruto (PIB) cresceu 1,9%<\/a> em rela\u00e7\u00e3o ao trimestre anterior, na s\u00e9rie com ajuste sazonal, segundo o IBGE. E frente ao mesmo trimestre de 2022, o crescimento foi de 4%.\u00a0<\/p><p>A gestora seguiu com vi\u00e9s negativo para o pre\u00e7o dos ativos brasileiros, preferindo manter exposi\u00e7\u00e3o majoritariamente atrav\u00e9s de travas, como a simultaneamente vendida em bolsa &#8211; &#8220;ou tomada em juros, em substitui\u00e7\u00e3o \u00e0 venda de bolsa&#8221;.<\/p><h3 class=\"wp-block-heading\">O que mudou <\/h3><p>Passados seis meses,\u00a0o fundo apresentou bom resultado com varia\u00e7\u00e3o positiva de 1,79% em julho; 5,06% em 2023, e de 9,91% em 12 meses. &#8220;As principais contribui\u00e7\u00f5es para o resultado vieram das posi\u00e7\u00f5es aplicadas em juros locais e externos, compradas em bolsas, e opera\u00e7\u00f5es de valor relativo&#8221;.<\/p><p>Agora a gestora passou a projetar crescimento para o PIB de 2,2% em 2023 e aponta que o quadro de crescimento no pa\u00eds segue positivo, com uma\u00a0 infla\u00e7\u00e3o mostrando melhora mais consistente e\u00a0 sinais de desacelera\u00e7\u00e3o.\u00a0<\/p><p>A Legacy justificou que este contexto foi que favoreceu o Banco Central a iniciar o ciclo de queda dos juros a um ritmo de 0,50 pontos percentuais, sendo o resultado\u00a0 &#8220;compat\u00edvel com o ajuste monet\u00e1rio esperado&#8221;\u201d<\/p><p>Agora, a gestora projeta que a infla\u00e7\u00e3o encerre o ano em 4,4% e para 2024 a proje\u00e7\u00e3o \u00e9 de 3,8%.\u00a0<\/p><p>A expans\u00e3o da economia local ao longo do 2\u00ba trimestre do ano, melhora na din\u00e2mica no mercado de trabalho e taxa de desemprego nos menores n\u00edveis deu o tom de otimismo para a gestora.\u00a0<\/p><blockquote class=\"wp-block-quote is-layout-flow wp-block-quote-is-layout-flow\">\n<p>&#8220;Mantemos a exposi\u00e7\u00e3o liquidamente comprada em bolsa brasileira, mirando o bom momento da economia, o ambiente externo favor\u00e1vel, e os efeitos da queda dos juros nos ativos locais&#8221;.\u00a0<\/p>\n<cite>Trecho da carta de julho da legacy capital.<\/cite><\/blockquote><p><\/p><figure class=\"wp-block-image size-large\"><img loading=\"lazy\" decoding=\"async\" width=\"1024\" height=\"576\" src=\"https:\/\/media.investnews.com.br\/uploads\/2023\/07\/Cafeina_1007_2-1024x576.jpg\" alt=\"Notas de 100 reais e bandeira do Brasil sobre um mapa.\" class=\"wp-image-502706\" srcset=\"https:\/\/media.investnews.com.br\/uploads\/2023\/07\/Cafeina_1007_2-1024x576.jpg 1024w, https:\/\/media.investnews.com.br\/uploads\/2023\/07\/Cafeina_1007_2-300x169.jpg 300w, https:\/\/media.investnews.com.br\/uploads\/2023\/07\/Cafeina_1007_2-768x432.jpg 768w, https:\/\/media.investnews.com.br\/uploads\/2023\/07\/Cafeina_1007_2-172x97.jpg 172w, https:\/\/media.investnews.com.br\/uploads\/2023\/07\/Cafeina_1007_2-150x84.jpg 150w, https:\/\/media.investnews.com.br\/uploads\/2023\/07\/Cafeina_1007_2.jpg 1200w\" sizes=\"auto, (max-width: 1024px) 100vw, 1024px\" \/><figcaption class=\"wp-element-caption\">Adobe Stock<\/figcaption><\/figure><h2 class=\"wp-block-heading\">Kinea<\/h2><p>J\u00e1 a <strong>Kinea<\/strong>, cuja carta de janeiro trazia o t\u00edtulo: &#8220;Brasil: o espantalho em busca de um c\u00e9rebro&#8221;, apontava para os desafios que se seguiriam neste ano n\u00e3o apenas no ambiente dom\u00e9stico.\u00a0<\/p><p>A gestora foi uma das que mantiveram discurso ameno sobre o Brasil naquele per\u00edodo, mencionando que o pa\u00eds mantinha uma posi\u00e7\u00e3o de contas externas balanceadas, fiscal razo\u00e1vel, e ativos com pre\u00e7os descontados, mas que este necessitava, para a boa performance de seus ativos de risco, &#8220;de um novo governo que assumisse o compromisso com responsabilidade fiscal&#8221;.\u00a0<\/p><p>Entretanto, o in\u00edcio do processo de transi\u00e7\u00e3o para o novo governo divergiu da vis\u00e3o da gestora, apontando que a situa\u00e7\u00e3o do pa\u00eds n\u00e3o era sustent\u00e1vel, necessitando de\u00a0 uma resposta por parte do novo governo.\u00a0<\/p><blockquote class=\"wp-block-quote is-layout-flow wp-block-quote-is-layout-flow\">\n<p>&#8220;O Brasil precisa colocar a cabe\u00e7a no lugar: o espantalho precisa de um c\u00e9rebro&#8221;.<\/p>\n<cite>trecho de carta de janeiro da kinea, de janeiro de 2023<\/cite><\/blockquote><p><\/p><p>Segundo a Kinea,o\u00a0 caminho para a sustentabilidade provavelmente viria, inicialmente, de compensa\u00e7\u00f5es tribut\u00e1rias, sendo a medida apenas um &#8220;paliativo&#8221;, na vis\u00e3o da gestora.<\/p><p>&#8220;O Congresso e a sociedade n\u00e3o ir\u00e3o aceitar um aumento suficiente de carga tribut\u00e1ria para resolver o problema fiscal brasileiro. O pa\u00eds ir\u00e1 permanecer fr\u00e1gil e sujeito a choques e os riscos ser\u00e3o crescentes ao longo do tempo&#8221;.<\/p><p>Por isso, a posi\u00e7\u00e3o da gest\u00e3o era priorizar posi\u00e7\u00f5es em empresas cujo crescimento dos lucros fossem menos dependentes de perspectivas macroecon\u00f4micas.\u00a0<\/p><blockquote class=\"wp-block-quote is-layout-flow wp-block-quote-is-layout-flow\">\n<p>&#8220;A combina\u00e7\u00e3o de pa\u00eds em processo de desacelera\u00e7\u00e3o econ\u00f4mica, sem \u00e2ncora fiscal e com aumento de impostos, gera um ambiente adverso para a bolsa. E a principal assimetria que vemos para 2023 no pa\u00eds est\u00e1 no mercado de juros&#8221;. <\/p>\n<\/blockquote><p>Na carta, a Kinea reportou que o n\u00edvel de juros reais era insustent\u00e1vel e que o Banco Central deveria relaxar a pol\u00edtica monet\u00e1ria conforme o ano for avan\u00e7ando. O que de fato aconteceu.<\/p><h3 class=\"wp-block-heading\">O que mudou\u00a0<\/h3><p>Em carta de agosto, a gestora falou sobre o processo de desinfla\u00e7\u00e3o pelo mundo e que no Brasil, essa etapa come\u00e7ou bem antes. <\/p><p>A vis\u00e3o mais atualizada da gestora aponta que, pelo menos pelos pr\u00f3ximos 6 meses, a infla\u00e7\u00e3o ainda deve seguir bem-comportada, &#8220;refletindo os impactos defasados das quedas das commodities e do d\u00f3lar na infla\u00e7\u00e3o de bens industriais&#8221;. Contudo, a gestora disse que esse cen\u00e1rio j\u00e1  estaria refletido nos pre\u00e7os de mercado.<\/p><p>No entanto, a Kinea aponta n\u00e3o esperar que o processo de desinfla\u00e7\u00e3o seja duradouro, e que nem aposta na converg\u00eancia da infla\u00e7\u00e3o para a meta no m\u00e9dio prazo.<\/p><blockquote class=\"wp-block-quote is-layout-flow wp-block-quote-is-layout-flow\">\n<p>&#8220;Em 2025, teremos mudan\u00e7a de presidente de Banco Central, e a isso est\u00e1 associado o risco de termos um BC mais tolerante com a infla\u00e7\u00e3o, haja vista a defesa frequente de Lula de termos uma infla\u00e7\u00e3o praticada maior do que \u00e0quela meta definida pelo CMN&#8221;.<\/p>\n<cite>kinea, em carta de agosto de 2023.<\/cite><\/blockquote><p><\/p><p>Apesar disso, a gestora se diz &#8220;taticamente otimista&#8221; com o mercado de a\u00e7\u00f5es brasileiro, uma vez que o valuation em certa medida segue atrativo, &#8220;aliado \u00e0 expectativa de in\u00edcio de ciclo de juros tem levado \u00e0 alta nos pre\u00e7os das a\u00e7\u00f5es&#8221;.<\/p><p>Mas esse otimismo segue com pitadas de realismo para o segundo semestre, j\u00e1 que a Kinea acredita que como o governo tem a necessidade de econtrar mais R$ 100 bilh\u00f5es para fechar as contas no ano que vem, mais medidas para aumentar a arrecada\u00e7\u00e3o ser\u00e3o feitas \u00e0s custas das empresas. O fim do Juros sobre Capital Pr\u00f3prio (JCP) que est\u00e1 sendo debatido foi um exemplo citado.\u00a0<\/p><blockquote class=\"wp-block-quote is-layout-flow wp-block-quote-is-layout-flow\">\n<p>&#8220;Medidas como o fim da JCP devem ser anunciadas agora em agosto, afetando negativamente mais o setor de bebidas e bancos. Nesse sentido, estamos taticamente alocados nos setores ligados \u00e0 economia dom\u00e9stica, mas com prote\u00e7\u00f5es com posi\u00e7\u00f5es vendidas em empresas cujo impacto da JCP no lucro \u00e9 relevante&#8221;.<\/p>\n<cite>kinea, em carta de agosto de 2023.<\/cite><\/blockquote><p><\/p><p>A Kinea diz estar alocada em constru\u00e7\u00e3o civil, infraestrutura, shoppings e utilidades p\u00fablicas.<\/p><figure class=\"wp-block-image size-full\"><img loading=\"lazy\" decoding=\"async\" width=\"2048\" height=\"1353\" src=\"https:\/\/media.investnews.com.br\/uploads\/2022\/03\/2022-03-15T170512Z_1_LYNXNPEI2E121_RTROPTP_4_ECONOMIA-BRASIL-BCOCENTRAL.jpg\" alt=\"5 fatos para hoje: novo ciclo de resgate de dinheiro esquecido; Ucr\u00e2nia e Moscou\" class=\"wp-image-312774\" srcset=\"https:\/\/media.investnews.com.br\/uploads\/2022\/03\/2022-03-15T170512Z_1_LYNXNPEI2E121_RTROPTP_4_ECONOMIA-BRASIL-BCOCENTRAL.jpg 2048w, https:\/\/media.investnews.com.br\/uploads\/2022\/03\/2022-03-15T170512Z_1_LYNXNPEI2E121_RTROPTP_4_ECONOMIA-BRASIL-BCOCENTRAL-300x198.jpg 300w, https:\/\/media.investnews.com.br\/uploads\/2022\/03\/2022-03-15T170512Z_1_LYNXNPEI2E121_RTROPTP_4_ECONOMIA-BRASIL-BCOCENTRAL-1024x677.jpg 1024w, https:\/\/media.investnews.com.br\/uploads\/2022\/03\/2022-03-15T170512Z_1_LYNXNPEI2E121_RTROPTP_4_ECONOMIA-BRASIL-BCOCENTRAL-768x507.jpg 768w, https:\/\/media.investnews.com.br\/uploads\/2022\/03\/2022-03-15T170512Z_1_LYNXNPEI2E121_RTROPTP_4_ECONOMIA-BRASIL-BCOCENTRAL-1536x1015.jpg 1536w, https:\/\/media.investnews.com.br\/uploads\/2022\/03\/2022-03-15T170512Z_1_LYNXNPEI2E121_RTROPTP_4_ECONOMIA-BRASIL-BCOCENTRAL-1256x830.jpg 1256w, https:\/\/media.investnews.com.br\/uploads\/2022\/03\/2022-03-15T170512Z_1_LYNXNPEI2E121_RTROPTP_4_ECONOMIA-BRASIL-BCOCENTRAL-172x114.jpg 172w, https:\/\/media.investnews.com.br\/uploads\/2022\/03\/2022-03-15T170512Z_1_LYNXNPEI2E121_RTROPTP_4_ECONOMIA-BRASIL-BCOCENTRAL-191x125.jpg 191w, https:\/\/media.investnews.com.br\/uploads\/2022\/03\/2022-03-15T170512Z_1_LYNXNPEI2E121_RTROPTP_4_ECONOMIA-BRASIL-BCOCENTRAL-150x99.jpg 150w\" sizes=\"auto, (max-width: 2048px) 100vw, 2048px\" \/><figcaption class=\"wp-element-caption\">C\u00e9dulas de 50 reais e de 10, 20 e 50 d\u00f3lares\n10\/09\/2015 REUTERS\/Ricardo Moraes<\/figcaption><\/figure><h2 class=\"wp-block-heading\">SPX<\/h2><p>J\u00e1 a <strong>SPX<\/strong>, sob tutela de Rog\u00e9rio Xavier, fez no final de 2022 uma carta sensata, apontando que as condi\u00e7\u00f5es econ\u00f4micas do pa\u00eds eram favor\u00e1veis, seja devido a quest\u00e3o energ\u00e9tica, seja nos hidrocarbonos (g\u00e1s e petr\u00f3leo), como no potencial para energia limpa e renov\u00e1vel.<\/p><p>A posi\u00e7\u00e3o externa do Brasil foi apontada como robusta, com amplas reservas internacionais e sem grande desequil\u00edbrio no balan\u00e7o de pagamentos.\u00a0<\/p><p>J\u00e1 a infla\u00e7\u00e3o foi apontada estando em decl\u00ednio, al\u00e9m de boas perspectivas para o\u00a0 agroneg\u00f3cio,\u00a0mas o endividamento do governo foi apontado como a parte vulner\u00e1vel do pa\u00eds.\u00a0<\/p><blockquote class=\"wp-block-quote is-layout-flow wp-block-quote-is-layout-flow\">\n<p>&#8220;As condi\u00e7\u00f5es econ\u00f4micas e o capital pol\u00edtico deste novo governo permitem implementar pol\u00edticas sensatas \u2013 que sejam de esquerda, em linha com os desejos expressos na elei\u00e7\u00e3o de 2022 \u2013, visando reduzir desigualdades sociais e ingressar num longo per\u00edodo de crescimento moderado, por\u00e9m sustent\u00e1vel&#8221;.<\/p>\n<cite>SPX, em carta no final de 2022.<\/cite><\/blockquote><p><\/p><p>No mercado de juros, a SPX disse \u00e0 \u00e9poca estar aplicada nos pa\u00edses onde acreditava que o pr\u00f3ximo grande movimento seria de queda dos juros, mantendo algumas posi\u00e7\u00f5es tomadas em taxas nos pa\u00edses atrasados no ciclo de aperto monet\u00e1rio.\u00a0<\/p><p>J\u00e1 em a\u00e7\u00f5es, a gestora apontou estar vendida em Estados Unidos e Europa, e\u00a0comprada &#8220;seletivamente em mercados emergentes e com posi\u00e7\u00f5es relativas em Brasil&#8221;.\u00a0<\/p><h3 class=\"wp-block-heading\">O que mudou<\/h3><p>Mas no final do primeiro trimestre, a gestora citou que as empresas estavam fragilizadas e precisavam acessar o mercado com urg\u00eancia para se capitalizar, somado ao fato de a ind\u00fastria de fundos de a\u00e7\u00f5es estar sofrendo resgates sem ter fluxo de compra por parte dos investidores estrangeiros.\u00a0<\/p><p>&#8220;\u00c9 natural que exijamos retornos bastante elevados para investir em empresas brasileiras. Dito isso, o posicionamento de investidores na bolsa local est\u00e1 leve e os valuations das empresas bastante descontados, logo podem oferecer oportunidades extremamente atrativas, caso o cen\u00e1rio macroecon\u00f4mico melhore&#8221;.\u00a0<\/p><p>Quanto aos setores, a\u00a0gestora apontou ter reduzido posi\u00e7\u00e3o em bancos, consumo e distribui\u00e7\u00e3o de combust\u00edveis, apesar de ter aumentado posi\u00e7\u00f5es em empresas de servi\u00e7os financeiros.\u00a0<\/p><p>O entendimento da SPX \u00e9 que, mesmo que o pa\u00eds surpreenda positivamente a n\u00edvel macroecon\u00f4mico e mudan\u00e7as legislativas tragam maior arrecada\u00e7\u00e3o, provavelmente isso significar\u00e1 uma piora de lucros para muitas empresas listadas em bolsa.<\/p>\n","protected":false},"excerpt":{"rendered":"<p>Desde in\u00edcio do mandato de Lula, mudan\u00e7as macro e movimenta\u00e7\u00f5es do governo fizeram assets mudarem o tom em suas cartas mensais.<\/p>\n","protected":false},"author":37,"featured_media":502706,"comment_status":"closed","ping_status":"open","sticky":false,"template":"","format":"standard","meta":{"_acf_changed":false,"inline_featured_image":false,"footnotes":""},"categories":[4],"tags":[499,30],"autor-wsj":[],"coauthors":[2270],"class_list":["post-517133","post","type-post","status-publish","format-standard","has-post-thumbnail","hentry","category-financas","tag-economia","tag-fundos-de-investimento"],"acf":[],"amp_enabled":true,"_links":{"self":[{"href":"https:\/\/investnews.com.br\/inv-api\/wp\/v2\/posts\/517133","targetHints":{"allow":["GET"]}}],"collection":[{"href":"https:\/\/investnews.com.br\/inv-api\/wp\/v2\/posts"}],"about":[{"href":"https:\/\/investnews.com.br\/inv-api\/wp\/v2\/types\/post"}],"author":[{"embeddable":true,"href":"https:\/\/investnews.com.br\/inv-api\/wp\/v2\/users\/37"}],"replies":[{"embeddable":true,"href":"https:\/\/investnews.com.br\/inv-api\/wp\/v2\/comments?post=517133"}],"version-history":[{"count":27,"href":"https:\/\/investnews.com.br\/inv-api\/wp\/v2\/posts\/517133\/revisions"}],"predecessor-version":[{"id":703781,"href":"https:\/\/investnews.com.br\/inv-api\/wp\/v2\/posts\/517133\/revisions\/703781"}],"wp:featuredmedia":[{"embeddable":true,"href":"https:\/\/investnews.com.br\/inv-api\/wp\/v2\/media\/502706"}],"wp:attachment":[{"href":"https:\/\/investnews.com.br\/inv-api\/wp\/v2\/media?parent=517133"}],"wp:term":[{"taxonomy":"category","embeddable":true,"href":"https:\/\/investnews.com.br\/inv-api\/wp\/v2\/categories?post=517133"},{"taxonomy":"post_tag","embeddable":true,"href":"https:\/\/investnews.com.br\/inv-api\/wp\/v2\/tags?post=517133"},{"taxonomy":"autor-wsj","embeddable":true,"href":"https:\/\/investnews.com.br\/inv-api\/wp\/v2\/autor-wsj?post=517133"},{"taxonomy":"author","embeddable":true,"href":"https:\/\/investnews.com.br\/inv-api\/wp\/v2\/coauthors?post=517133"}],"curies":[{"name":"wp","href":"https:\/\/api.w.org\/{rel}","templated":true}]}}