{"id":517291,"date":"2023-08-12T07:30:00","date_gmt":"2023-08-12T10:30:00","guid":{"rendered":"https:\/\/investnews.com.br\/?p=517291"},"modified":"2025-08-08T16:28:08","modified_gmt":"2025-08-08T19:28:08","slug":"com-precos-mais-altos-varejo-espera-aquecer-as-vendas-no-dia-dos-pais","status":"publish","type":"post","link":"https:\/\/investnews.com.br\/economia\/com-precos-mais-altos-varejo-espera-aquecer-as-vendas-no-dia-dos-pais\/","title":{"rendered":"Com pre\u00e7os mais altos, varejo espera aquecer as vendas no Dia dos Pais"},"content":{"rendered":"<p>Com <strong>pre\u00e7os dos presentes mais altos que no ano passado<\/strong>, a maioria das pessoas que pretendem fazer compra no Dia dos Pais em 2023 diz que ir\u00e1 gastar um valor maior que 2022. Nesse cen\u00e1rio, lojistas esperam que a data movimente as vendas &#8211; embora a maior parte dos consumidores n\u00e3o se mostre propensa a presentear. \u00c9 o que apontam pesquisas sobre as expectativas para o com\u00e9rcio.\u00a0<\/p><figure class=\"wp-block-image size-large\"><img loading=\"lazy\" decoding=\"async\" width=\"1024\" height=\"708\" src=\"https:\/\/media.investnews.com.br\/uploads\/2023\/08\/link-1024x708.jpeg\" alt=\"Shopping Mooca, em S\u00e3o Paulo (Foto: Divulga\u00e7\u00e3o)\" class=\"wp-image-517292\" srcset=\"https:\/\/media.investnews.com.br\/uploads\/2023\/08\/link-1024x708.jpeg 1024w, https:\/\/media.investnews.com.br\/uploads\/2023\/08\/link-300x208.jpeg 300w, https:\/\/media.investnews.com.br\/uploads\/2023\/08\/link-768x531.jpeg 768w, https:\/\/media.investnews.com.br\/uploads\/2023\/08\/link-172x119.jpeg 172w, https:\/\/media.investnews.com.br\/uploads\/2023\/08\/link-150x104.jpeg 150w, https:\/\/media.investnews.com.br\/uploads\/2023\/08\/link.jpeg 1200w\" sizes=\"auto, (max-width: 1024px) 100vw, 1024px\" \/><figcaption class=\"wp-element-caption\">Shopping Mooca, em S\u00e3o Paulo (Foto: Divulga\u00e7\u00e3o)<\/figcaption><\/figure><p>Um levantamento feito pelo \u00cdndice de Pre\u00e7os ao Consumidor do Instituto Brasileiro de Economia da Funda\u00e7\u00e3o Getulio Vargas (<strong>FGV IBRE<\/strong>) aponta que os pre\u00e7os de produtos e servi\u00e7os mais procurados no Dia dos Pais <strong>subiram mais que a infla\u00e7\u00e3o.\u00a0<\/strong><\/p><p>A \u201ccesta dos pais\u201d acumulou <strong>alta de 4,1%<\/strong>, enquanto a infla\u00e7\u00e3o m\u00e9dia ficou em 2,8%. Segundo o coordenador dos \u00cdndices de Pre\u00e7os do FGV IBRE, Andr\u00e9 Braz, entre os itens que acumularam as maiores altas est\u00e3o: livros e perfumes, ambos com alta de 8,3%, roupas e restaurantes acumulando altas de 5,5% e 5,3%, respectivamente. J\u00e1 entre os itens que ficaram mais baratos est\u00e3o computadores, com queda de 4,3% nos pre\u00e7os, e celulares, com baixa de 2,6%.<\/p><p>Nesse cen\u00e1rio, muitos consumidores optam por n\u00e3o presentear no Dia dos Pais &#8211; embora a alta de pre\u00e7os n\u00e3o seja o \u00fanico motivo citado por eles. Uma pesquisa conjunta aplicada pelo Reclame AQUI e pela Linx aponta que apenas 23% dos pesquisados disseram que est\u00e3o decididos a presentear na data. <\/p><p>Entre os que afirmaram que n\u00e3o devem comprar nada, 41% destacaram que o principal motivo \u00e9 a falta de h\u00e1bito de presentear, e 27% dizem que est\u00e3o desmotivados ao consumo por conta dos pre\u00e7os dos produtos.<\/p><figure class=\"wp-block-image size-full\"><img loading=\"lazy\" decoding=\"async\" width=\"1170\" height=\"700\" src=\"https:\/\/media.investnews.com.br\/uploads\/2023\/01\/trbr0763_0.jpg\" alt=\"Mannequins exibem roupas e pre\u00e7os em loja. Caixas de vestu\u00e1rio e pessoa desfocada em primeiro plano.\" class=\"wp-image-428391\" srcset=\"https:\/\/media.investnews.com.br\/uploads\/2023\/01\/trbr0763_0.jpg 1170w, https:\/\/media.investnews.com.br\/uploads\/2023\/01\/trbr0763_0-300x179.jpg 300w, https:\/\/media.investnews.com.br\/uploads\/2023\/01\/trbr0763_0-1024x613.jpg 1024w, https:\/\/media.investnews.com.br\/uploads\/2023\/01\/trbr0763_0-768x459.jpg 768w, https:\/\/media.investnews.com.br\/uploads\/2023\/01\/trbr0763_0-172x103.jpg 172w, https:\/\/media.investnews.com.br\/uploads\/2023\/01\/trbr0763_0-150x90.jpg 150w\" sizes=\"auto, (max-width: 1170px) 100vw, 1170px\" \/><figcaption class=\"wp-element-caption\">Mulher passa em frente a loja no Brasil Cr\u00e9dito: Ag\u00eancia Brasil<\/figcaption><\/figure><p>Ainda assim, a data deve levar 110,5 milh\u00f5es de brasileiros \u00e0s compras, com uma movimenta\u00e7\u00e3o de <strong>R$ 26,94 bilh\u00f5es no com\u00e9rcio<\/strong>, de acordo com levantamento da Confedera\u00e7\u00e3o Nacional de Dirigentes Lojistas (CNDL) e do Servi\u00e7o de Prote\u00e7\u00e3o ao Cr\u00e9dito (<a href=\"https:\/\/investnews.com.br\/financas\/spc-scpc-e-serasa-o-que-sao\/\">SPC<\/a> Brasil).<\/p><p>A Associa\u00e7\u00e3o Brasileira de<strong> Com\u00e9rcio Eletr\u00f4nico<\/strong> (ABComm) diz que o setor espera <strong>R$ 6,25 bilh\u00f5es em vendas.<\/strong> \u201cO com\u00e9rcio eletr\u00f4nico viu um aumento nas vendas em todas as datas comemorativas do ano, n\u00e3o seria diferente com o Dia dos Pais. Seguimos com a previs\u00e3o de crescimento, desta vez, o evento deve movimentar<strong> quase 4% do faturamento esperado para 2023<\/strong>, que \u00e9 de R$ 185 bilh\u00f5es\u201d, diz o presidente da associa\u00e7\u00e3o, Mauricio Salvador.\u00a0<\/p><p>Entre as varejistas, a Giuliana Flores, por exemplo, espera <strong>crescimento de 6% em rela\u00e7\u00e3o ao faturamento de 2022<\/strong>, que apresentou atingiu mais de 7.800 pedidos durante as comemora\u00e7\u00f5es do Dia dos Pais.<\/p><p>Os lojistas de shoppings tamb\u00e9m esperam aumento do movimento \u00e0s v\u00e9speras da data. \u201cPara aquecer as vendas, estamos com promo\u00e7\u00f5es e sorteios que, certamente, v\u00e3o agradar ao p\u00fablico\u201d, disse em nota Ana Paula Niemeyer, diretora de marketing da Aliansce Sonae + brMalls.<\/p>\n","protected":false},"excerpt":{"rendered":"<p>Expectativa \u00e9 de movimenta\u00e7\u00e3o de R$ 26,94 bilh\u00f5es no com\u00e9rcio, diz pesquisa.<\/p>\n","protected":false},"author":31,"featured_media":517292,"comment_status":"closed","ping_status":"open","sticky":false,"template":"","format":"standard","meta":{"_acf_changed":false,"inline_featured_image":false,"footnotes":""},"categories":[5],"tags":[376],"autor-wsj":[],"coauthors":[1908],"class_list":["post-517291","post","type-post","status-publish","format-standard","has-post-thumbnail","hentry","category-economia","tag-varejo"],"acf":[],"amp_enabled":true,"_links":{"self":[{"href":"https:\/\/investnews.com.br\/inv-api\/wp\/v2\/posts\/517291","targetHints":{"allow":["GET"]}}],"collection":[{"href":"https:\/\/investnews.com.br\/inv-api\/wp\/v2\/posts"}],"about":[{"href":"https:\/\/investnews.com.br\/inv-api\/wp\/v2\/types\/post"}],"author":[{"embeddable":true,"href":"https:\/\/investnews.com.br\/inv-api\/wp\/v2\/users\/31"}],"replies":[{"embeddable":true,"href":"https:\/\/investnews.com.br\/inv-api\/wp\/v2\/comments?post=517291"}],"version-history":[{"count":5,"href":"https:\/\/investnews.com.br\/inv-api\/wp\/v2\/posts\/517291\/revisions"}],"predecessor-version":[{"id":703769,"href":"https:\/\/investnews.com.br\/inv-api\/wp\/v2\/posts\/517291\/revisions\/703769"}],"wp:featuredmedia":[{"embeddable":true,"href":"https:\/\/investnews.com.br\/inv-api\/wp\/v2\/media\/517292"}],"wp:attachment":[{"href":"https:\/\/investnews.com.br\/inv-api\/wp\/v2\/media?parent=517291"}],"wp:term":[{"taxonomy":"category","embeddable":true,"href":"https:\/\/investnews.com.br\/inv-api\/wp\/v2\/categories?post=517291"},{"taxonomy":"post_tag","embeddable":true,"href":"https:\/\/investnews.com.br\/inv-api\/wp\/v2\/tags?post=517291"},{"taxonomy":"autor-wsj","embeddable":true,"href":"https:\/\/investnews.com.br\/inv-api\/wp\/v2\/autor-wsj?post=517291"},{"taxonomy":"author","embeddable":true,"href":"https:\/\/investnews.com.br\/inv-api\/wp\/v2\/coauthors?post=517291"}],"curies":[{"name":"wp","href":"https:\/\/api.w.org\/{rel}","templated":true}]}}