{"id":517653,"date":"2023-08-11T19:25:26","date_gmt":"2023-08-11T22:25:26","guid":{"rendered":"https:\/\/investnews.com.br\/?p=517653"},"modified":"2025-08-08T16:28:10","modified_gmt":"2025-08-08T19:28:10","slug":"ficou-sabendo-petrobras-tem-47-projetos-no-pac-plano-de-demissoes-da-sabesp","status":"publish","type":"post","link":"https:\/\/investnews.com.br\/economia\/ficou-sabendo-petrobras-tem-47-projetos-no-pac-plano-de-demissoes-da-sabesp\/","title":{"rendered":"Ficou sabendo? Petrobras tem 47 projetos no PAC; plano de demiss\u00f5es da Sabesp"},"content":{"rendered":"<h2 class=\"wp-block-heading\">Petrobras tem 47 projetos no PAC, todos constam do plano de investimento, diz CEO<\/h2><p>A <strong>Petrobras <\/strong>(<a href=\"https:\/\/investnews.com.br\/cotacao\/petr4-petroleo-brasileiro-petrobras\/\" target=\"_blank\" rel=\"noreferrer noopener\">PETR4<\/a>\u00a0e\u00a0<a href=\"https:\/\/investnews.com.br\/cotacao\/petr4-petroleo-brasileiro-petrobras\/\" target=\"_blank\" rel=\"noreferrer noopener\">PETR3<\/a>)\u00a0conta com 47 projetos na carteira do novo <strong>PAC<\/strong>, incluindo nove po\u00e7os explorat\u00f3rios em novas fronteiras, como a <a href=\"https:\/\/investnews.com.br\/guias\/margem-equatorial\/\">Margem Equatorial<\/a>, que ainda precisam de licenciamento, disse o CEO da companhia, Jean Paul Prates, nesta sexta-feira.<\/p><p>Ele observou ainda que todos os projetos inclu\u00eddos no PAC j\u00e1 constam do plano de neg\u00f3cios 2023-2027 da Petrobras, anunciado anteriormente.<\/p><p>Entre os empreendimentos inclu\u00eddos no programa federal, o executivo listou ainda sistemas de produ\u00e7\u00e3o nas bacias de Campos, Santos e Sergipe, projetos de escoamento de g\u00e1s natural e aumento de capacidade e melhorias em refinarias.<\/p><h2 class=\"wp-block-heading\">Sabesp\u00a0teve ades\u00e3o de cerca de 1.900 funcion\u00e1rios a plano de demiss\u00f5es<\/h2><p>A<strong>\u00a0Sabesp<\/strong>\u00a0(<a href=\"https:\/\/investnews.com.br\/cotacao\/sbsp3-sabesp\/\" target=\"_blank\" rel=\"noreferrer noopener\">SBSP3<\/a>) conseguiu uma ades\u00e3o de cerca de 1.900 funcion\u00e1rios a seu plano de demiss\u00e3o volunt\u00e1ria que tinha estimativa de obter 2 mil participa\u00e7\u00f5es, com desligamentos ocorrendo em um horizonte de um ano e que exigiram provisionamento de R$ 530 milh\u00f5es nas contas da empresa no segundo trimestre, afirmaram executivos da companhia nesta sexta-feira.<\/p><figure class=\"wp-block-image size-large\"><img decoding=\"async\" src=\"https:\/\/media.investnews.com.br\/uploads\/2023\/06\/2023-05-22T230003Z_1_LYNXMPEJ4L0T6_RTROPTP_4_BRAZIL-DROUGHT-1024x695.jpg\" alt=\"Opera\u00e7\u00e3o de dragagem: escavadeira em \u00e1gua turva bombeia por tubos para sacos de filtragem grandes na margem barrenta.\" class=\"wp-image-490865\"><figcaption class=\"wp-element-caption\">M\u00e1quina da Sabesp trabalha ao lado de bombas da hidrel\u00e9trica Jaguari durante estiagem em Bragan\u00e7a Paulista\n12\/02\/2015  \nREUTERS\/Paulo Whitaker<\/figcaption><\/figure><p>A empresa de saneamento b\u00e1sico controlada pelo governo do Estado de S\u00e3o Paulo divulgou na noite de v\u00e9spera alta de 76% no <a href=\"https:\/\/investnews.com.br\/guias\/lucro-liquido\/\">lucro l\u00edquido<\/a> do segundo trimestre, impulsionada em parte por ganhos financeiros com c\u00e2mbio e tarifas maiores.<\/p><p>Apesar das a\u00e7\u00f5es de redu\u00e7\u00e3o de calotes de clientes da gest\u00e3o que assumiu a empresa no in\u00edcio do ano, o \u00edndice de inadimpl\u00eancia da empresa subiu para 4,2% no segundo trimestre ante 3,3% no primeiro trimestre.<\/p><h2 class=\"wp-block-heading\">BIS\u00a0prepara sistema para conectar moedas digitais de diferentes pa\u00edses, diz Campos Neto<\/h2><p>O Banco de Compensa\u00e7\u00f5es Internacionais (BIS, na sigla em ingl\u00eas) atua para desenvolver um sistema que conecte <strong>moedas digitais<\/strong> de diferentes pa\u00edses, disse nesta sexta-feira o presidente do Banco Central, Roberto Campos Neto.<\/p><p>\u201cO que a gente almeja agora \u00e9 conectar pagamentos brasileiros com outros pagamentos\u201d, disse em evento da Associa\u00e7\u00e3o Comercial do Paran\u00e1 (ACP).<\/p><p>\u201c\u00c9 basicamente uma solu\u00e7\u00e3o que vai conectar as diferentes moedas digitais do mundo atrav\u00e9s de um sistema \u00fanico\u201d, acrescentou.<\/p><p>Na apresenta\u00e7\u00e3o, o presidente do BC afirmou que n\u00e3o \u00e9 mais necess\u00e1rio ter uma moeda \u00fanica para facilitar pagamentos ou o com\u00e9rcio internacional, bastando haver sistemas de pagamento digitais interconectados.<\/p><p><em>(*Com informa\u00e7\u00f5es da Reuters)<\/em><\/p>\n","protected":false},"excerpt":{"rendered":"<p>E mais: BIS\u00a0prepara sistema para conectar moedas digitais de diferentes pa\u00edses, diz Campos Neto.<\/p>\n","protected":false},"author":7,"featured_media":265229,"comment_status":"closed","ping_status":"open","sticky":false,"template":"","format":"standard","meta":{"_acf_changed":false,"inline_featured_image":false,"footnotes":""},"categories":[5],"tags":[201,21],"autor-wsj":[],"coauthors":[1494],"class_list":["post-517653","post","type-post","status-publish","format-standard","has-post-thumbnail","hentry","category-economia","tag-sabesp","tag-petrobras"],"acf":[],"amp_enabled":true,"_links":{"self":[{"href":"https:\/\/investnews.com.br\/inv-api\/wp\/v2\/posts\/517653","targetHints":{"allow":["GET"]}}],"collection":[{"href":"https:\/\/investnews.com.br\/inv-api\/wp\/v2\/posts"}],"about":[{"href":"https:\/\/investnews.com.br\/inv-api\/wp\/v2\/types\/post"}],"author":[{"embeddable":true,"href":"https:\/\/investnews.com.br\/inv-api\/wp\/v2\/users\/7"}],"replies":[{"embeddable":true,"href":"https:\/\/investnews.com.br\/inv-api\/wp\/v2\/comments?post=517653"}],"version-history":[{"count":21,"href":"https:\/\/investnews.com.br\/inv-api\/wp\/v2\/posts\/517653\/revisions"}],"predecessor-version":[{"id":703771,"href":"https:\/\/investnews.com.br\/inv-api\/wp\/v2\/posts\/517653\/revisions\/703771"}],"wp:featuredmedia":[{"embeddable":true,"href":"https:\/\/investnews.com.br\/inv-api\/wp\/v2\/media\/265229"}],"wp:attachment":[{"href":"https:\/\/investnews.com.br\/inv-api\/wp\/v2\/media?parent=517653"}],"wp:term":[{"taxonomy":"category","embeddable":true,"href":"https:\/\/investnews.com.br\/inv-api\/wp\/v2\/categories?post=517653"},{"taxonomy":"post_tag","embeddable":true,"href":"https:\/\/investnews.com.br\/inv-api\/wp\/v2\/tags?post=517653"},{"taxonomy":"autor-wsj","embeddable":true,"href":"https:\/\/investnews.com.br\/inv-api\/wp\/v2\/autor-wsj?post=517653"},{"taxonomy":"author","embeddable":true,"href":"https:\/\/investnews.com.br\/inv-api\/wp\/v2\/coauthors?post=517653"}],"curies":[{"name":"wp","href":"https:\/\/api.w.org\/{rel}","templated":true}]}}