{"id":517922,"date":"2023-08-15T06:00:00","date_gmt":"2023-08-15T09:00:00","guid":{"rendered":"https:\/\/investnews.com.br\/?p=517922"},"modified":"2025-08-08T16:27:54","modified_gmt":"2025-08-08T19:27:54","slug":"de-cover-dos-stones-a-presidenciavel-na-argentina-quem-e-javier-milei","status":"publish","type":"post","link":"https:\/\/investnews.com.br\/economia\/de-cover-dos-stones-a-presidenciavel-na-argentina-quem-e-javier-milei\/","title":{"rendered":"De cover dos Stones a presidenci\u00e1vel na Argentina: quem \u00e9 Javier Milei?"},"content":{"rendered":"<p>N\u00e3o foi sem motivo que o <strong>peso argentino<\/strong> desvalorizou quase 18% na segunda-feira (14), puxando para baixo os t\u00edtulos em d\u00f3lar da Argentina. A inesperada vit\u00f3ria do candidato de ultradireita<strong> Javier Milei<\/strong> nas elei\u00e7\u00f5es prim\u00e1rias presidenciais de domingo (13) na Argentina aumentou suas chances de sentar na cadeira da presid\u00eancia caso ven\u00e7a o pleito de outubro.<\/p><p>O pa\u00eds que celebrou a vit\u00f3ria da <a href=\"https:\/\/investnews.com.br\/tag\/copa-do-mundo-fifa\/\">Copa do Mundo de 2023<\/a>, capitaneado por Leonel Messi, indica estar mais propenso \u00e0 direita na pol\u00edtica, dado o apoio ao candidato que defende pautas como livre venda de armas, criminaliza\u00e7\u00e3o do aborto, encerramento do Banco Central, at\u00e9 a ado\u00e7\u00e3o do d\u00f3lar como moeda oficial do pa\u00eds \u2013 que ele vende como solu\u00e7\u00e3o para a desvaloriza\u00e7\u00e3o do peso. <\/p><figure class=\"wp-block-image size-large\"><img loading=\"lazy\" decoding=\"async\" width=\"1024\" height=\"683\" src=\"https:\/\/media.investnews.com.br\/uploads\/2023\/08\/396479543-1024x683.jpg\" alt=\"Homem de terno e gravata em balc\u00e3o, com bandeira amarela Gadsden e cascavel: \"DON'T TREAD ON ME\".\" class=\"wp-image-518116\" srcset=\"https:\/\/media.investnews.com.br\/uploads\/2023\/08\/396479543-1024x683.jpg 1024w, https:\/\/media.investnews.com.br\/uploads\/2023\/08\/396479543-300x200.jpg 300w, https:\/\/media.investnews.com.br\/uploads\/2023\/08\/396479543-768x512.jpg 768w, https:\/\/media.investnews.com.br\/uploads\/2023\/08\/396479543-1536x1025.jpg 1536w, https:\/\/media.investnews.com.br\/uploads\/2023\/08\/396479543-1256x838.jpg 1256w, https:\/\/media.investnews.com.br\/uploads\/2023\/08\/396479543-172x115.jpg 172w, https:\/\/media.investnews.com.br\/uploads\/2023\/08\/396479543-150x100.jpg 150w, https:\/\/media.investnews.com.br\/uploads\/2023\/08\/396479543.jpg 2048w\" sizes=\"auto, (max-width: 1024px) 100vw, 1024px\" \/><figcaption class=\"wp-element-caption\">Javier Milei, em entrevista ao La Libertad Avanza&#8217;s em Buenos Aires, e, fevereiro de 2023. Cr\u00e9dito: Bloomberg.<\/figcaption><\/figure><p>Antes de estudar economia e trabalhar no setor financeiro, Milei foi integrante de uma banda cover dos Rolling Stones, a &#8220;Everest&#8221;.  <\/p><h2 class=\"wp-block-heading\">Vit\u00f3ria nas prim\u00e1rias mexeu com mercados<\/h2><p>No come\u00e7o da semana, a vit\u00f3ria nas elei\u00e7\u00f5es prim\u00e1rias do candidato de ultradireita assustou os mercados, fazendo o banco central da Argentina fixar a taxa de c\u00e2mbio em 350 pesos por d\u00f3lar at\u00e9 a elei\u00e7\u00e3o geral de outubro, assim como elevar a taxa b\u00e1sica de juros em 21 pontos b\u00e1sicos, para 118% ao ano.<\/p><p>Apesar de as prim\u00e1rias serem um processo que antecede a vota\u00e7\u00e3o final prevista para acontecer em 22 de outubro deste ano, ela \u00e9 uma esp\u00e9cie de term\u00f4metro do que pode estar por vir. E a chapa de Milei\u00a0 &#8220;La Libertad Avanza&#8221; (A Liberdade Avan\u00e7a), teve 30,04% dos votos v\u00e1lidos.\u00a0<\/p><p>Segundo o professor de economia da Funda\u00e7\u00e3o Armando Alvares Penteado (FAAP), Sillas Cezar, se forem analisados aos n\u00fameros frios, a quantidade de votos para Milei na pr\u00e9via o colocariam na cadeira da presid\u00eancia. <\/p><blockquote class=\"wp-block-quote is-layout-flow wp-block-quote-is-layout-flow\">\n<p>&#8220;Os latino-americanos topam recorrentemente ter um candidato populista, caso do Brasil e da Argentina novamente, e por isso n\u00e3o me surpreende se ele [Milei] levar essa corrida&#8221;. <\/p>\n<cite>Sillas Cezar, professor de economia na faap<\/cite><\/blockquote><p><\/p><h2 class=\"wp-block-heading\">Ca\u00e7ador de recompensas<\/h2><p>O candidato de 52 anos foi eleito deputado federal em 2021 e \u00e9 considerado &#8220;ultraliberal&#8221; na economia e autodeclarado &#8220;anarcocapitalista&#8221; (quando se defende um modelo de capitalismo sem regula\u00e7\u00e3o do Estado). Mas temas controversos, como a venda de \u00f3rg\u00e3os humanos, tamb\u00e9m fazem parte de seu discurso, segundo a m\u00eddia argentina. N\u00e3o diferentemente de Donald\u00a0Trump, Milei considera as mudan\u00e7as clim\u00e1ticas &#8220;uma farsa de esquerda&#8221;.<\/p><p>Mas o que levou uma expressiva massa de argentinos a confiarem seus votos a uma vers\u00e3o de Trump latino-americano? A infla\u00e7\u00e3o que supera 115% ao ano, segundo especialistas ouvidos.<\/p><figure class=\"wp-block-image size-large\"><img decoding=\"async\" src=\"https:\/\/media.investnews.com.br\/uploads\/2023\/08\/401050172-1024x682.jpg\" alt=\"Homem de jaqueta preta canta em palco, bra\u00e7os abertos. Microfone \u00e0 frente, fundo com proje\u00e7\u00f5es de chamas.\" class=\"wp-image-518115\"><figcaption class=\"wp-element-caption\">Javier Milei durante campanha emBuenos Aires. Cr\u00e9dito: Bloomberg<\/figcaption><\/figure><p>De acordo com Cezar, da FAAP, Milei n\u00e3o \u00e9 um fen\u00f4meno novo e suas ideias j\u00e1 s\u00e3o bastante divulgadas. No entanto, ele colhe recompensas entre um eleitorado frustrado com a infla\u00e7\u00e3o galopante do pa\u00eds, o empobrecimento da popula\u00e7\u00e3o e uma recess\u00e3o iminente. <\/p><blockquote class=\"wp-block-quote is-layout-flow wp-block-quote-is-layout-flow\">\n<p>&#8220;O eleitor m\u00e9dio de Millei n\u00e3o est\u00e1 interessado em como a economia ser\u00e1 dolarizada, mas sim, em resolver as quest\u00f5es econ\u00f4micas do pa\u00eds. Ali\u00e1s, dolarizar a economia argentina seria um tiro de bazuca no p\u00e9&#8221;.<\/p>\n<cite>cezar, da faap.<\/cite><\/blockquote><p><\/p><h2 class=\"wp-block-heading\">Mais Doria, menos Bolsonaro<\/h2><p>Segundo o professor da Faap, isso acontece porque, apesar de ser poss\u00edvel adotar a moeda de um outro pa\u00eds, n\u00e3o \u00e9 poss\u00edvel dominar a produ\u00e7\u00e3o dessa moeda. &#8220;O que n\u00e3o garante como suprir a economia com mais emiss\u00e3o de d\u00f3lares, caso estes venham a faltar&#8221;, diz ao <em>InvestNews. <\/em><\/p><p>Ainda segundo o professor, as compara\u00e7\u00f5es do presidenci\u00e1vel argentino com Jair Bolsonaro, ex-presidente do Brasil, at\u00e9 podem ser feitas dentro de alguns par\u00e2metros, mas n\u00e3o todos, sendo a mais coerente com a figura Jo\u00e3o Doria, ex-prefeito de S\u00e3o Paulo e ex-candidato ao governo do Estado. <\/p><p>&#8220;Quando Bolsonaro foi eleito, ele j\u00e1 era pol\u00edtico h\u00e1 20 anos, era militar de carreira, enquanto Miles nem tem conex\u00e3o com o ex\u00e9rcito, n\u00e3o tem extensa carreira pol\u00edtica e se mostra mais ao lado de um empresariado liberal, assim como Doria se mostrou&#8221;, observa Cezar.<\/p><p>O candidato argentino defende a privatiza\u00e7\u00e3o total das estatais, o que se demonstrado ao mercado como ir\u00e1 ser feito, &#8220;n\u00e3o h\u00e1 problema&#8221;, segundo o especialista.<\/p><blockquote class=\"wp-block-quote is-layout-flow wp-block-quote-is-layout-flow\">\n<p>&#8220;Ele se define como libert\u00e1rio, mas \u00e9 tipo um &#8216;breganejo&#8217;: \u00e9 sucesso de p\u00fablico, mas fracasso de cr\u00edtica. J\u00e1 existiram v\u00e1rios candidatos do tipo, com ideias superficiais e inconsequentes, como acabar com o Banco Central&#8221;. <\/p>\n<\/blockquote><p>CEZAR, DA FAAP.<\/p><p><\/p><h2 class=\"wp-block-heading\">Rea\u00e7\u00e3o dos mercados<\/h2><p>O especialista acrescenta que o problema de confian\u00e7a pelo qual passa a Argentina \u2013 j\u00e1 com extenso hist\u00f3rico de calotes de d\u00edvidas \u2013 abre espa\u00e7o para &#8220;um pol\u00edtico de perfil aventureiro e demagogo, que fala em destruir institucionalmente o que resta de s\u00f3lido na economia&#8221;. <\/p><p>Logo, a rea\u00e7\u00e3o dos mercados foi devido as propostas de banimento do BC e dolariza\u00e7\u00e3o da economia proveniente de um candidato que ganharia a corrida eleitoral caso o resultado das pr\u00e9vias fosse o veredicto final.<\/p>\n","protected":false},"excerpt":{"rendered":"<p>Ap\u00f3s vencer as prim\u00e1rias no pa\u00eds, candidato de ultradireita assustou mercado.<\/p>\n","protected":false},"author":37,"featured_media":518115,"comment_status":"closed","ping_status":"open","sticky":false,"template":"","format":"standard","meta":{"_acf_changed":false,"inline_featured_image":false,"footnotes":""},"categories":[5],"tags":[52,354],"autor-wsj":[],"coauthors":[2270],"class_list":["post-517922","post","type-post","status-publish","format-standard","has-post-thumbnail","hentry","category-economia","tag-inflacao","tag-juros"],"acf":[],"amp_enabled":true,"_links":{"self":[{"href":"https:\/\/investnews.com.br\/inv-api\/wp\/v2\/posts\/517922","targetHints":{"allow":["GET"]}}],"collection":[{"href":"https:\/\/investnews.com.br\/inv-api\/wp\/v2\/posts"}],"about":[{"href":"https:\/\/investnews.com.br\/inv-api\/wp\/v2\/types\/post"}],"author":[{"embeddable":true,"href":"https:\/\/investnews.com.br\/inv-api\/wp\/v2\/users\/37"}],"replies":[{"embeddable":true,"href":"https:\/\/investnews.com.br\/inv-api\/wp\/v2\/comments?post=517922"}],"version-history":[{"count":35,"href":"https:\/\/investnews.com.br\/inv-api\/wp\/v2\/posts\/517922\/revisions"}],"predecessor-version":[{"id":703756,"href":"https:\/\/investnews.com.br\/inv-api\/wp\/v2\/posts\/517922\/revisions\/703756"}],"wp:featuredmedia":[{"embeddable":true,"href":"https:\/\/investnews.com.br\/inv-api\/wp\/v2\/media\/518115"}],"wp:attachment":[{"href":"https:\/\/investnews.com.br\/inv-api\/wp\/v2\/media?parent=517922"}],"wp:term":[{"taxonomy":"category","embeddable":true,"href":"https:\/\/investnews.com.br\/inv-api\/wp\/v2\/categories?post=517922"},{"taxonomy":"post_tag","embeddable":true,"href":"https:\/\/investnews.com.br\/inv-api\/wp\/v2\/tags?post=517922"},{"taxonomy":"autor-wsj","embeddable":true,"href":"https:\/\/investnews.com.br\/inv-api\/wp\/v2\/autor-wsj?post=517922"},{"taxonomy":"author","embeddable":true,"href":"https:\/\/investnews.com.br\/inv-api\/wp\/v2\/coauthors?post=517922"}],"curies":[{"name":"wp","href":"https:\/\/api.w.org\/{rel}","templated":true}]}}