{"id":518015,"date":"2023-08-14T16:30:00","date_gmt":"2023-08-14T19:30:00","guid":{"rendered":"https:\/\/investnews.com.br\/?p=518015"},"modified":"2025-12-18T17:12:14","modified_gmt":"2025-12-18T20:12:14","slug":"prazo-para-declarar-imovel-rural-comeca-nesta-segunda-feira","status":"publish","type":"post","link":"https:\/\/investnews.com.br\/economia\/prazo-para-declarar-imovel-rural-comeca-nesta-segunda-feira\/","title":{"rendered":"Prazo para declarar im\u00f3vel rural come\u00e7a nesta segunda-feira"},"content":{"rendered":"\n<p>Come\u00e7a nesta segunda-feira (14) o prazo para envio da<strong> Declara\u00e7\u00e3o do Imposto sobre a Propriedade Territorial Rural (DITR) <\/strong>de 2023. O tributo deve ser pago por pessoas f\u00edsica ou jur\u00eddica que possuam, a qualquer t\u00edtulo, im\u00f3vel rural. A declara\u00e7\u00e3o deve ser entregue at\u00e9 as 23h59min59s do dia 29 de setembro.<\/p>\n\n\n\n<p>A DITR deve ser enviada por meio do Programa Gerador da Declara\u00e7\u00e3o do ITR (Programa ITR 2023), dispon\u00edvel no&nbsp;<em><a href=\"https:\/\/www.gov.br\/receitafederal\/pt-br\/centrais-de-conteudo\/download\/pgd\/ditr\" target=\"_blank\" rel=\"noreferrer noopener\">site<\/a>&nbsp;<\/em>da Receita Federal. O Minist\u00e9rio da Fazenda informa que o programa Receitanet pode ser usado para a transmiss\u00e3o da declara\u00e7\u00e3o.<\/p>\n\n\n\n<figure class=\"wp-block-image size-large\"><img loading=\"lazy\" decoding=\"async\" width=\"1024\" height=\"576\" src=\"https:\/\/media.investnews.com.br\/uploads\/2023\/07\/agro_02-1024x576.jpg\" alt=\"Agroneg\u00f3cio\" class=\"wp-image-502800\" srcset=\"https:\/\/media.investnews.com.br\/uploads\/2023\/07\/agro_02-1024x576.jpg 1024w, https:\/\/media.investnews.com.br\/uploads\/2023\/07\/agro_02-300x169.jpg 300w, https:\/\/media.investnews.com.br\/uploads\/2023\/07\/agro_02-768x432.jpg 768w, https:\/\/media.investnews.com.br\/uploads\/2023\/07\/agro_02-172x97.jpg 172w, https:\/\/media.investnews.com.br\/uploads\/2023\/07\/agro_02-150x84.jpg 150w, https:\/\/media.investnews.com.br\/uploads\/2023\/07\/agro_02.jpg 1200w\" sizes=\"auto, (max-width: 1024px) 100vw, 1024px\" \/><figcaption class=\"wp-element-caption\">Agroneg\u00f3cio. Cr\u00e9dito: Adobe Stock<\/figcaption><\/figure>\n\n\n\n<p>De acordo com a&nbsp;<a href=\"http:\/\/normas.receita.fazenda.gov.br\/sijut2consulta\/link.action?idAto=131958\" target=\"_blank\" rel=\"noreferrer noopener\">Instru\u00e7\u00e3o Normativa<\/a>&nbsp;n\u00ba 2.151 da Receita Federal, est\u00e1 prevista multa de R$ 50 (m\u00ednimo) ou 1% ao m\u00eas-calend\u00e1rio calculado sobre o total do imposto devido em caso de atraso.<\/p>\n\n\n\n<p>\u201cO valor m\u00ednimo do imposto \u00e9 R$ 10. Valores inferiores a R$ 100 devem ser pagos em quota \u00fanica at\u00e9 o dia 29 de setembro de 2023. Valor superior a R$ 100 pode ser pago em at\u00e9 quatro quotas, mas cada quota deve ter valor igual ou superior a R$ 50\u201d, informa a Receita.<\/p>\n\n\n\n<p>A primeira parcela dever\u00e1 ser paga at\u00e9 29 de setembro. As demais, at\u00e9 o \u00faltimo dia \u00fatil de cada m\u00eas, e ser\u00e3o acrescidas de juros Selic mais 1%.<\/p>\n\n\n\n<p>Mais detalhes sobre poss\u00edveis formas de pagamento do ITR podem ser obtidas no&nbsp;<a href=\"https:\/\/www.gov.br\/fazenda\/pt-br\/assuntos\/noticias\/2023\/julho\/receita-divulga-prazo-e-regras-para-enviar-a-declaracao-do-imposto-sobre-a-propriedade-territorial-rural\" target=\"_blank\" rel=\"noreferrer noopener\"><em>site<\/em><\/a>&nbsp;da Receita Federal.<\/p>\n","protected":false},"excerpt":{"rendered":"<p>Declara\u00e7\u00e3o do Imposto sobre a Propriedade Territorial Rural (DITR) [ode ser enviada at\u00e9 29 de setembro.<\/p>\n","protected":false},"author":63,"featured_media":502800,"comment_status":"closed","ping_status":"open","sticky":false,"template":"","format":"standard","meta":{"_acf_changed":false,"inline_featured_image":false,"footnotes":""},"categories":[5],"tags":[780,434],"autor-wsj":[],"coauthors":[2490],"class_list":["post-518015","post","type-post","status-publish","format-standard","has-post-thumbnail","hentry","category-economia","tag-agronegocio","tag-impostos"],"acf":[],"amp_enabled":true,"_links":{"self":[{"href":"https:\/\/investnews.com.br\/inv-api\/wp\/v2\/posts\/518015","targetHints":{"allow":["GET"]}}],"collection":[{"href":"https:\/\/investnews.com.br\/inv-api\/wp\/v2\/posts"}],"about":[{"href":"https:\/\/investnews.com.br\/inv-api\/wp\/v2\/types\/post"}],"author":[{"embeddable":true,"href":"https:\/\/investnews.com.br\/inv-api\/wp\/v2\/users\/63"}],"replies":[{"embeddable":true,"href":"https:\/\/investnews.com.br\/inv-api\/wp\/v2\/comments?post=518015"}],"version-history":[{"count":4,"href":"https:\/\/investnews.com.br\/inv-api\/wp\/v2\/posts\/518015\/revisions"}],"predecessor-version":[{"id":743291,"href":"https:\/\/investnews.com.br\/inv-api\/wp\/v2\/posts\/518015\/revisions\/743291"}],"wp:featuredmedia":[{"embeddable":true,"href":"https:\/\/investnews.com.br\/inv-api\/wp\/v2\/media\/502800"}],"wp:attachment":[{"href":"https:\/\/investnews.com.br\/inv-api\/wp\/v2\/media?parent=518015"}],"wp:term":[{"taxonomy":"category","embeddable":true,"href":"https:\/\/investnews.com.br\/inv-api\/wp\/v2\/categories?post=518015"},{"taxonomy":"post_tag","embeddable":true,"href":"https:\/\/investnews.com.br\/inv-api\/wp\/v2\/tags?post=518015"},{"taxonomy":"autor-wsj","embeddable":true,"href":"https:\/\/investnews.com.br\/inv-api\/wp\/v2\/autor-wsj?post=518015"},{"taxonomy":"author","embeddable":true,"href":"https:\/\/investnews.com.br\/inv-api\/wp\/v2\/coauthors?post=518015"}],"curies":[{"name":"wp","href":"https:\/\/api.w.org\/{rel}","templated":true}]}}