{"id":518253,"date":"2023-08-15T11:48:19","date_gmt":"2023-08-15T14:48:19","guid":{"rendered":"https:\/\/investnews.com.br\/?p=518253"},"modified":"2023-08-15T16:57:00","modified_gmt":"2023-08-15T19:57:00","slug":"saida-de-ceo-da-eletrobras-aumenta-especulacoes-sobre-divergencias","status":"publish","type":"post","link":"https:\/\/investnews.com.br\/financas\/saida-de-ceo-da-eletrobras-aumenta-especulacoes-sobre-divergencias\/","title":{"rendered":"Sa\u00edda de CEO da Eletrobras aumenta especula\u00e7\u00f5es sobre &#8216;diverg\u00eancias&#8217;"},"content":{"rendered":"\n<p>As a\u00e7\u00f5es da <strong>Eletrobras<\/strong> (<a href=\"https:\/\/investnews.com.br\/cotacao\/elet3-centrais-elet-bras-eletrobras\/\">ELET3<\/a>) operam em queda nesta ter\u00e7a-feira, chegando a perder quase 4%. O mercado repercute o an\u00fancio feito na noite anterior sobre a <a href=\"https:\/\/investnews.com.br\/geral\/3-fatos-para-hoje-ceo-da-eletrobras-renuncia-prejuizo-da-marfrig-e-mais\/\">sa\u00edda de Wilson Ferreira J\u00fanior,<\/a> CEO da companhia privatizada no ano passado. O executivo Ivan de Souza Monteiro foi eleito para o posto, saindo assim do cargo de presidente do colegiado. <\/p>\n\n\n\n<p>\u00c0s 11h30, as a\u00e7\u00f5es amargavam queda de 3,19%, cotadas a R$ 35,24. Na m\u00ednima do dia, os papeis chegaram a cair 3,81%, a R$ 35,01. <\/p>\n\n\n\n<figure class=\"wp-block-image size-full\"><img loading=\"lazy\" decoding=\"async\" width=\"2048\" height=\"1397\" src=\"https:\/\/media.investnews.com.br\/uploads\/2021\/01\/2021-01-25T194856Z_1_LYNXMPEH0O1DA_RTROPTP_4_ELETROBRAS-INTERVIEW-scaled.jpg\" alt=\"Wilson Ferreira Junior\" class=\"wp-image-180846\" srcset=\"https:\/\/media.investnews.com.br\/uploads\/2021\/01\/2021-01-25T194856Z_1_LYNXMPEH0O1DA_RTROPTP_4_ELETROBRAS-INTERVIEW-scaled.jpg 2048w, https:\/\/media.investnews.com.br\/uploads\/2021\/01\/2021-01-25T194856Z_1_LYNXMPEH0O1DA_RTROPTP_4_ELETROBRAS-INTERVIEW-scaled-300x205.jpg 300w, https:\/\/media.investnews.com.br\/uploads\/2021\/01\/2021-01-25T194856Z_1_LYNXMPEH0O1DA_RTROPTP_4_ELETROBRAS-INTERVIEW-scaled-1024x699.jpg 1024w, https:\/\/media.investnews.com.br\/uploads\/2021\/01\/2021-01-25T194856Z_1_LYNXMPEH0O1DA_RTROPTP_4_ELETROBRAS-INTERVIEW-scaled-768x524.jpg 768w, https:\/\/media.investnews.com.br\/uploads\/2021\/01\/2021-01-25T194856Z_1_LYNXMPEH0O1DA_RTROPTP_4_ELETROBRAS-INTERVIEW-scaled-1536x1048.jpg 1536w, https:\/\/media.investnews.com.br\/uploads\/2021\/01\/2021-01-25T194856Z_1_LYNXMPEH0O1DA_RTROPTP_4_ELETROBRAS-INTERVIEW-scaled-1256x857.jpg 1256w, https:\/\/media.investnews.com.br\/uploads\/2021\/01\/2021-01-25T194856Z_1_LYNXMPEH0O1DA_RTROPTP_4_ELETROBRAS-INTERVIEW-scaled-172x117.jpg 172w, https:\/\/media.investnews.com.br\/uploads\/2021\/01\/2021-01-25T194856Z_1_LYNXMPEH0O1DA_RTROPTP_4_ELETROBRAS-INTERVIEW-scaled-150x102.jpg 150w\" sizes=\"auto, (max-width: 2048px) 100vw, 2048px\" \/><figcaption class=\"wp-element-caption\">Wilson Ferreira Jr., CEO da Eletrobras \n31\/01\/2018\nREUTERS\/Nacho Doce<\/figcaption><\/figure>\n\n\n\n<p>Apesar de o comunicado n\u00e3o informar o motivo da ren\u00fancia de Ferreira J\u00fanior, analistas do BTG e do Santander n\u00e3o descartam especula\u00e7\u00f5es de interfer\u00eancia do governo ou diverg\u00eancias com o conselho.<\/p>\n\n\n\n<p>Em relat\u00f3rio divulgado ao mercado pela manh\u00e3, os especialistas do BTG apontaram surpresa com a not\u00edcia, uma vez que haviam se reunido na v\u00e9spera com Ferreira. A falta de detalhes sobre o motivo da sa\u00edda do executivo chama aten\u00e7\u00e3o, em especial, por especula\u00e7\u00f5es da imprensa sobre o movimento poder vir a ser uma articula\u00e7\u00e3o do pr\u00f3prio conselho. <\/p>\n\n\n\n<blockquote class=\"wp-block-quote is-layout-flow wp-block-quote-is-layout-flow\">\n<p>&#8220;O comunicado n\u00e3o detalhou os motivos sua sa\u00edda, mas v\u00e1rios meios de comunica\u00e7\u00e3o especulam que isso pode estar ligado a: (i) press\u00e3o do governo; e\/ou (ii) diverg\u00eancias com o conselho. N\u00f3s acreditamos que seja o \u00faltimo&#8221;. <\/p>\n<cite>trecho de relat\u00f3rio do btg pactual<\/cite><\/blockquote>\n\n\n\n<p><\/p>\n\n\n\n<p>Reportagem do jornal &#8220;Valor Econ\u00f4mico&#8221; aponta que a ren\u00fancia de Ferreira estaria associada a  opini\u00f5es divergentes que ele tinha com o conselho da el\u00e9trica sobre como administrar a companhia. Para o BTG, n\u00e3o foi exatamente algum evento espec\u00edfico que levou \u00e0 ren\u00fancia, mas sim, &#8220;uma sequ\u00eancia de pequenos eventos&#8221;.  <\/p>\n\n\n\n<p>A an\u00e1lise do Santander \u00e9 semelhante, uma vez que cita poss\u00edveis especula\u00e7\u00f5es de que a sa\u00edda de Wilson tenha alguma rela\u00e7\u00e3o com a interfer\u00eancia do governo. <\/p>\n\n\n\n<blockquote class=\"wp-block-quote is-layout-flow wp-block-quote-is-layout-flow\">\n<p>&#8220;De acordo com o Brazil Journal, a rela\u00e7\u00e3o entre o Sr. Wilson e a Eletrobras e o conselho de administra\u00e7\u00e3o estava tenso h\u00e1 algum tempo, criando uma raz\u00e3o mais l\u00f3gica para uma sa\u00edda, em nossa vis\u00e3o&#8221;. <\/p>\n<cite>santander, em relat\u00f3rio<\/cite><\/blockquote>\n\n\n\n<p><\/p>\n\n\n\n<p>O site de not\u00edcias apontou que a troca do executivo vem em um momento delicado, uma vez que o <strong>governo Lula<\/strong> vem atacando n\u00e3o \u00e9 de hoje a <strong>privatiza\u00e7\u00e3o da el\u00e9trica<\/strong>.<\/p>\n\n\n\n<h2 class=\"wp-block-heading\">O substituto<\/h2>\n\n\n\n<p>Os analistas disseram ainda acreditar que o CEO rec\u00e9m nomeado tem o &#8220;background&#8221; certo para &#8220;navegar adequadamente no cen\u00e1rio pol\u00edtico, levando a um benef\u00edcio potencial no longo prazo&#8221;.<\/p>\n\n\n\n<p>O Santander e o BTG destacam o fato de Ivan de Souza Monteiro ser considerado um dos principais do setor e provavelmente o &#8220;maior conhecedor de Eletrobras&#8221;. <\/p>\n\n\n\n<p>Os mandatos como CEO entre 2016 a 2021 e de 2022 at\u00e9 o momento foram considerados bem sucedidos pelos analistas, assim como as posi\u00e7\u00f5es-chave como CFO do Banco do Brasil, CEO da Petrobras e Presidente do Credit Suisse. <\/p>\n\n\n\n<blockquote class=\"wp-block-quote is-layout-flow wp-block-quote-is-layout-flow\">\n<p>&#8220;Esperamos que o novo CEO junto com esta nova equipe de gerenciamento continue na dire\u00e7\u00e3o certa para entregar sua t\u00e3o esperada reviravolta&#8221;<\/p>\n<cite>BTG, em relat\u00f3rio<\/cite><\/blockquote>\n\n\n\n<p><\/p>\n\n\n\n<p>O BTG recomenda compra para os papeis ELET3 a um pre\u00e7o alvo de R$ 53 para daqui 12 meses. J\u00e1 os analistas do Santander apontam o pre\u00e7o alvo de R$ 59,49 com desempenho &#8220;outperform&#8221; (acima da m\u00e9dia do mercado). <\/p>\n\n\n\n<p>Mas a \u00e1rea de research do banco espanhol pondera que a sa\u00edda de Wilson aumenta a incerteza sobre a capacidade da companhia de manter o ritmo de recupera\u00e7\u00e3o operacional, como vinha sendo demonstrado ainda antes da privatiza\u00e7\u00e3o &#8211; mas sob o comando do agora ex-CEO. <\/p>\n\n\n\n<blockquote class=\"wp-block-quote is-layout-flow wp-block-quote-is-layout-flow\">\n<p>&#8220;Apesar de nossa expectativa de um mercado negativo nas primeiras horas do preg\u00e3o de hoje, esperamos uma recupera\u00e7\u00e3o parcial durante o dia. O senhor Ivan Monteiro \u00e9 um gestor respeitado, com passagens positivas na Petrobras e no Banco do Brasil, mitigando qualquer interrup\u00e7\u00e3o significativa no processo de recupera\u00e7\u00e3o, em nossa opini\u00e3o&#8221;. <\/p>\n<cite>trecho de relat\u00f3rio do santander<\/cite><\/blockquote>\n\n\n\n<p><\/p>\n\n\n\n<p>Os analistas comentaram ainda que veriam qualquer movimento de baixa na cota\u00e7\u00e3o dos papeis como uma oportunidade de compra. <\/p>\n","protected":false},"excerpt":{"rendered":"<p>As a\u00e7\u00f5es da companhia de energia el\u00e9trica reagem negativamente ap\u00f3s an\u00fancio da sa\u00edda do executivo. <\/p>\n","protected":false},"author":37,"featured_media":518193,"comment_status":"closed","ping_status":"open","sticky":false,"template":"","format":"standard","meta":{"_acf_changed":false,"inline_featured_image":false,"footnotes":""},"categories":[4],"tags":[174],"autor-wsj":[],"coauthors":[2270],"class_list":["post-518253","post","type-post","status-publish","format-standard","has-post-thumbnail","hentry","category-financas","tag-eletrobras"],"acf":[],"amp_enabled":true,"_links":{"self":[{"href":"https:\/\/investnews.com.br\/inv-api\/wp\/v2\/posts\/518253","targetHints":{"allow":["GET"]}}],"collection":[{"href":"https:\/\/investnews.com.br\/inv-api\/wp\/v2\/posts"}],"about":[{"href":"https:\/\/investnews.com.br\/inv-api\/wp\/v2\/types\/post"}],"author":[{"embeddable":true,"href":"https:\/\/investnews.com.br\/inv-api\/wp\/v2\/users\/37"}],"replies":[{"embeddable":true,"href":"https:\/\/investnews.com.br\/inv-api\/wp\/v2\/comments?post=518253"}],"version-history":[{"count":12,"href":"https:\/\/investnews.com.br\/inv-api\/wp\/v2\/posts\/518253\/revisions"}],"predecessor-version":[{"id":518469,"href":"https:\/\/investnews.com.br\/inv-api\/wp\/v2\/posts\/518253\/revisions\/518469"}],"wp:featuredmedia":[{"embeddable":true,"href":"https:\/\/investnews.com.br\/inv-api\/wp\/v2\/media\/518193"}],"wp:attachment":[{"href":"https:\/\/investnews.com.br\/inv-api\/wp\/v2\/media?parent=518253"}],"wp:term":[{"taxonomy":"category","embeddable":true,"href":"https:\/\/investnews.com.br\/inv-api\/wp\/v2\/categories?post=518253"},{"taxonomy":"post_tag","embeddable":true,"href":"https:\/\/investnews.com.br\/inv-api\/wp\/v2\/tags?post=518253"},{"taxonomy":"autor-wsj","embeddable":true,"href":"https:\/\/investnews.com.br\/inv-api\/wp\/v2\/autor-wsj?post=518253"},{"taxonomy":"author","embeddable":true,"href":"https:\/\/investnews.com.br\/inv-api\/wp\/v2\/coauthors?post=518253"}],"curies":[{"name":"wp","href":"https:\/\/api.w.org\/{rel}","templated":true}]}}