{"id":518926,"date":"2023-08-16T14:30:02","date_gmt":"2023-08-16T17:30:02","guid":{"rendered":"https:\/\/investnews.com.br\/?p=518926"},"modified":"2025-08-08T16:27:34","modified_gmt":"2025-08-08T19:27:34","slug":"ex-diretores-da-americanas-fazem-acordo-de-delacao-premiada-diz-colunista","status":"publish","type":"post","link":"https:\/\/investnews.com.br\/financas\/ex-diretores-da-americanas-fazem-acordo-de-delacao-premiada-diz-colunista\/","title":{"rendered":"Ex-diretores da Americanas fazem acordo de dela\u00e7\u00e3o premiada, diz colunista"},"content":{"rendered":"<p>Os ex-diretores da <strong>Americanas<\/strong> (<a href=\"https:\/\/investnews.com.br\/cotacao\/amer3-americanas\/\">AMER3<\/a>), Flavia Carneiro e Marcelo Nunes, firmaram acordo de dela\u00e7\u00e3o premiada com o Minist\u00e9rio P\u00fablico Federal (MPF) do Rio de Janeiro, segundo coluna do Lauro Jardim, do jornal &#8220;O Globo&#8221;. Os compromissos foram homologados na tarde de ter\u00e7a-feira (15).<\/p><p>Segundo o colunista, o conte\u00fado das dela\u00e7\u00f5es s\u00e3o &#8220;explosivas&#8221; e apontam diretamente outros ex-diretores como autores da fraude cont\u00e1bil.<\/p><p>Na v\u00e9spera, durante a Comiss\u00e3o Parlamentar de Inqu\u00e9rito (CPI) sobre a varejista na C\u00e2mara dos Deputados, o procurador do MPF do Rio de Janeiro, Jos\u00e9 Maria de Castro Panoeiro, chegou a afirmar que o Minist\u00e9rio estaria em negocia\u00e7\u00e3o com ex-executivos da Americanas.<\/p><p>Ainda de acordo com a procuradoria, est\u00e3o sendo investigadas semelhan\u00e7as entre o caso Americanas e o da <strong>Kraft Heinz e a 3G Capital<\/strong> &#8211; gestora fundada pelo trio de acionistas de refer\u00eancia da varejista, Marcel Telles, Jorge Paulo Lemann e Carlos Alberto Sicupira. <\/p><figure class=\"wp-block-image size-large\"><img loading=\"lazy\" decoding=\"async\" width=\"1024\" height=\"613\" src=\"https:\/\/media.investnews.com.br\/uploads\/2023\/04\/cpi-1024x613.jpg\" alt=\"Plen\u00e1rio do Congresso, com parlamentares em sess\u00e3o e telas exibindo dados. Teto iluminado.\" class=\"wp-image-471147\" srcset=\"https:\/\/media.investnews.com.br\/uploads\/2023\/04\/cpi-1024x613.jpg 1024w, https:\/\/media.investnews.com.br\/uploads\/2023\/04\/cpi-300x179.jpg 300w, https:\/\/media.investnews.com.br\/uploads\/2023\/04\/cpi-768x459.jpg 768w, https:\/\/media.investnews.com.br\/uploads\/2023\/04\/cpi-172x103.jpg 172w, https:\/\/media.investnews.com.br\/uploads\/2023\/04\/cpi-150x90.jpg 150w, https:\/\/media.investnews.com.br\/uploads\/2023\/04\/cpi.jpg 1170w\" sizes=\"auto, (max-width: 1024px) 100vw, 1024px\" \/><figcaption class=\"wp-element-caption\">Cria\u00e7\u00e3o CPI Americanas  avan\u00e7a na C\u00e2mara Cr\u00e9dito: Ag\u00eancia Senado<\/figcaption><\/figure><p>A gigante reconhecida pelo ketchup e a 3G firmaram acordo nos Estados Unidos para encerrar uma a\u00e7\u00e3o coletiva de U$ 450 milh\u00f5es. O processo envolve a divulga\u00e7\u00e3o de informa\u00e7\u00f5es financeiras falsas ao mercado. <\/p><p>A a\u00e7\u00e3o <strong>AMER3 fechou em queda de 2,83%<\/strong> nesta quarta, negociada a R$ 1,03.<\/p>\n","protected":false},"excerpt":{"rendered":"<p>Coluna do Lauro Jardim, do jornal &#8220;O Globo&#8221;, afirma que os compromissos foram homologados na tarde de ter\u00e7a-feira (15).<\/p>\n","protected":false},"author":37,"featured_media":438661,"comment_status":"closed","ping_status":"open","sticky":false,"template":"","format":"standard","meta":{"_acf_changed":false,"inline_featured_image":false,"footnotes":""},"categories":[4],"tags":[187],"autor-wsj":[],"coauthors":[2270],"class_list":["post-518926","post","type-post","status-publish","format-standard","has-post-thumbnail","hentry","category-financas","tag-lojas-americanas"],"acf":[],"amp_enabled":true,"_links":{"self":[{"href":"https:\/\/investnews.com.br\/inv-api\/wp\/v2\/posts\/518926","targetHints":{"allow":["GET"]}}],"collection":[{"href":"https:\/\/investnews.com.br\/inv-api\/wp\/v2\/posts"}],"about":[{"href":"https:\/\/investnews.com.br\/inv-api\/wp\/v2\/types\/post"}],"author":[{"embeddable":true,"href":"https:\/\/investnews.com.br\/inv-api\/wp\/v2\/users\/37"}],"replies":[{"embeddable":true,"href":"https:\/\/investnews.com.br\/inv-api\/wp\/v2\/comments?post=518926"}],"version-history":[{"count":8,"href":"https:\/\/investnews.com.br\/inv-api\/wp\/v2\/posts\/518926\/revisions"}],"predecessor-version":[{"id":703737,"href":"https:\/\/investnews.com.br\/inv-api\/wp\/v2\/posts\/518926\/revisions\/703737"}],"wp:featuredmedia":[{"embeddable":true,"href":"https:\/\/investnews.com.br\/inv-api\/wp\/v2\/media\/438661"}],"wp:attachment":[{"href":"https:\/\/investnews.com.br\/inv-api\/wp\/v2\/media?parent=518926"}],"wp:term":[{"taxonomy":"category","embeddable":true,"href":"https:\/\/investnews.com.br\/inv-api\/wp\/v2\/categories?post=518926"},{"taxonomy":"post_tag","embeddable":true,"href":"https:\/\/investnews.com.br\/inv-api\/wp\/v2\/tags?post=518926"},{"taxonomy":"autor-wsj","embeddable":true,"href":"https:\/\/investnews.com.br\/inv-api\/wp\/v2\/autor-wsj?post=518926"},{"taxonomy":"author","embeddable":true,"href":"https:\/\/investnews.com.br\/inv-api\/wp\/v2\/coauthors?post=518926"}],"curies":[{"name":"wp","href":"https:\/\/api.w.org\/{rel}","templated":true}]}}