{"id":518960,"date":"2023-08-16T15:19:38","date_gmt":"2023-08-16T18:19:38","guid":{"rendered":"https:\/\/investnews.com.br\/?p=518960"},"modified":"2025-08-08T16:27:33","modified_gmt":"2025-08-08T19:27:33","slug":"governo-de-sp-altera-por-decreto-governanca-sobre-servicos-de-saneamento","status":"publish","type":"post","link":"https:\/\/investnews.com.br\/economia\/governo-de-sp-altera-por-decreto-governanca-sobre-servicos-de-saneamento\/","title":{"rendered":"Governo de SP altera por decreto governan\u00e7a sobre servi\u00e7os de saneamento"},"content":{"rendered":"<p>O governo do Estado de S\u00e3o Paulo publicou decreto nesta quarta-feira alterando legisla\u00e7\u00e3o de 2021 que trata das chamadas Unidades Regionais de Servi\u00e7os de Abastecimento de \u00c1gua Pot\u00e1vel e Esgotamento Sanit\u00e1rio (URAE), concedendo mais peso de representa\u00e7\u00e3o \u00e0s regi\u00f5es metropolitanas em um momento em que estuda a<strong> privatiza\u00e7\u00e3o da\u00a0Sabesp<\/strong>.<\/p><p>Por volta de 14h55, as a\u00e7\u00f5es da\u00a0Sabesp\u00a0avan\u00e7avam 5,3%, atr\u00e1s apenas dos pap\u00e9is do IRB(RE), entre as maiores valoriza\u00e7\u00f5es do Ibovespa na sess\u00e3o.<\/p><figure class=\"wp-block-image size-large\"><img decoding=\"async\" src=\"https:\/\/media.investnews.com.br\/uploads\/2023\/06\/2023-05-22T230003Z_1_LYNXMPEJ4L0T6_RTROPTP_4_BRAZIL-DROUGHT-1024x695.jpg\" alt=\"Opera\u00e7\u00e3o de dragagem: escavadeira em \u00e1gua turva bombeia por tubos para sacos de filtragem grandes na margem barrenta.\" class=\"wp-image-490865\"><figcaption class=\"wp-element-caption\">M\u00e1quina da Sabesp trabalha ao lado de bombas da hidrel\u00e9trica Jaguari durante estiagem em Bragan\u00e7a Paulista\n12\/02\/2015  \nREUTERS\/Paulo Whitaker<\/figcaption><\/figure><p>Analistas do Ita\u00fa BBA afirmavam em relat\u00f3rio a clientes que as mudan\u00e7as &#8220;s\u00e3o um marco importante para o processo de privatiza\u00e7\u00e3o da\u00a0Sabesp, pois a potencial ades\u00e3o da cidade de S\u00e3o Paulo \u00e0s URAE tornaria mais f\u00e1cil para o Estado negociar os termos da privatiza\u00e7\u00e3o com os munic\u00edpios&#8221;.<\/p><h2 class=\"wp-block-heading\">O decreto<\/h2><p>O texto anterior sobre as URAE tratava de quantidades definidas de vagas para os conselhos deliberativos das URAE, enquanto o decreto publicado nesta quarta-feira estabelece que &#8220;o representante do Estado ter\u00e1 participa\u00e7\u00e3o nas delibera\u00e7\u00f5es assegurada mediante a atribui\u00e7\u00e3o de voto com peso proporcional a 50% da popula\u00e7\u00e3o residente em regi\u00f5es metropolitanas, microrregi\u00f5es e aglomera\u00e7\u00f5es urbanas, em rela\u00e7\u00e3o \u00e0 popula\u00e7\u00e3o total do Estado&#8221;.<\/p><p>Enquanto isso, representantes da sociedade civil ter\u00e3o participa\u00e7\u00e3o de 6%, e o da &#8220;cidade que integra regi\u00e3o metropolitana, aglomera\u00e7\u00e3o urbana ou microrregi\u00e3o, de 50% da sua popula\u00e7\u00e3o, em rela\u00e7\u00e3o \u00e0 popula\u00e7\u00e3o total da URAE&#8221;, segundo o decreto, que ainda faz outros ajustes na legisla\u00e7\u00e3o anterior.<\/p><p>Dado o tamanho da cidade de S\u00e3o Paulo e a participa\u00e7\u00e3o da popula\u00e7\u00e3o que vive em \u00e1reas metropolitanas, &#8220;se a cidade de S\u00e3o Paulo e o Estado concordarem com os termos da privatiza\u00e7\u00e3o (da\u00a0Sabesp) acreditamos que eles ter\u00e3o poder suficiente para aprov\u00e1-la, sem precisarem de muito apoio de outros munic\u00edpios da URAE&#8221;, escreveram os analistas do Ita\u00fa BBA liderados por Marcelo S\u00e1.<\/p><h2 class=\"wp-block-heading\">Prazos<\/h2><p>O decreto desta quarta-feira ainda d\u00e1 prazo de 180 dias para que os munic\u00edpios que n\u00e3o aderiram \u00e0s URAE o fa\u00e7am. A capital ainda n\u00e3o aderiu a esquema das URAE, que dividiu o Estado em regi\u00f5es diferentes, com cada uma delas podendo estabelecer planos pr\u00f3prios para a presta\u00e7\u00e3o dos servi\u00e7os de saneamento, conforme previsto na legisla\u00e7\u00e3o do Marco do Saneamento.<\/p><p>A\u00a0Sabesp\u00a0divulgou esta semana alta de 76% no <a href=\"https:\/\/investnews.com.br\/guias\/lucro-liquido\/\">lucro l\u00edquido<\/a> do segundo trimestre, impulsionada em parte por ganhos financeiros com c\u00e2mbio e tarifas maiores.<\/p>\n","protected":false},"excerpt":{"rendered":"<p>A a\u00e7\u00e3o da Sabesp avan\u00e7ava mais de 5% repercutindo a publica\u00e7\u00e3o.<\/p>\n","protected":false},"author":61,"featured_media":490865,"comment_status":"closed","ping_status":"open","sticky":false,"template":"","format":"standard","meta":{"_acf_changed":false,"inline_featured_image":false,"footnotes":""},"categories":[5],"tags":[201],"autor-wsj":[],"coauthors":[2494],"class_list":["post-518960","post","type-post","status-publish","format-standard","has-post-thumbnail","hentry","category-economia","tag-sabesp"],"acf":[],"amp_enabled":true,"_links":{"self":[{"href":"https:\/\/investnews.com.br\/inv-api\/wp\/v2\/posts\/518960","targetHints":{"allow":["GET"]}}],"collection":[{"href":"https:\/\/investnews.com.br\/inv-api\/wp\/v2\/posts"}],"about":[{"href":"https:\/\/investnews.com.br\/inv-api\/wp\/v2\/types\/post"}],"author":[{"embeddable":true,"href":"https:\/\/investnews.com.br\/inv-api\/wp\/v2\/users\/61"}],"replies":[{"embeddable":true,"href":"https:\/\/investnews.com.br\/inv-api\/wp\/v2\/comments?post=518960"}],"version-history":[{"count":20,"href":"https:\/\/investnews.com.br\/inv-api\/wp\/v2\/posts\/518960\/revisions"}],"predecessor-version":[{"id":703736,"href":"https:\/\/investnews.com.br\/inv-api\/wp\/v2\/posts\/518960\/revisions\/703736"}],"wp:featuredmedia":[{"embeddable":true,"href":"https:\/\/investnews.com.br\/inv-api\/wp\/v2\/media\/490865"}],"wp:attachment":[{"href":"https:\/\/investnews.com.br\/inv-api\/wp\/v2\/media?parent=518960"}],"wp:term":[{"taxonomy":"category","embeddable":true,"href":"https:\/\/investnews.com.br\/inv-api\/wp\/v2\/categories?post=518960"},{"taxonomy":"post_tag","embeddable":true,"href":"https:\/\/investnews.com.br\/inv-api\/wp\/v2\/tags?post=518960"},{"taxonomy":"autor-wsj","embeddable":true,"href":"https:\/\/investnews.com.br\/inv-api\/wp\/v2\/autor-wsj?post=518960"},{"taxonomy":"author","embeddable":true,"href":"https:\/\/investnews.com.br\/inv-api\/wp\/v2\/coauthors?post=518960"}],"curies":[{"name":"wp","href":"https:\/\/api.w.org\/{rel}","templated":true}]}}