{"id":518982,"date":"2023-08-16T15:26:50","date_gmt":"2023-08-16T18:26:50","guid":{"rendered":"https:\/\/investnews.com.br\/?p=518982"},"modified":"2025-08-08T16:27:32","modified_gmt":"2025-08-08T19:27:32","slug":"autoridades-do-fed-ficaram-divididas-em-julho-sobre-mais-alta-de-juros-diz-ata","status":"publish","type":"post","link":"https:\/\/investnews.com.br\/economia\/autoridades-do-fed-ficaram-divididas-em-julho-sobre-mais-alta-de-juros-diz-ata\/","title":{"rendered":"Autoridades do Fed ficaram divididas em julho sobre mais alta de juros, diz ata"},"content":{"rendered":"<p>Autoridades do Federal Reserve ficaram divididas quanto \u00e0 necessidade de mais aumentos na taxa b\u00e1sica de juros na <a href=\"https:\/\/investnews.com.br\/economia\/fed-eleva-a-taxa-de-juros-para-a-faixa-de-525-a-55\/#:~:text=Economia-,Fed%20eleva%20juros%20para%20a%20faixa%20de%205%2C25%25%20a,j%C3%A1%20era%20esperada%20pelo%20mercado.\">reuni\u00e3o do banco central dos Estados Unidos de 25 a 26 de julho<\/a>, com &#8220;alguns participantes&#8221; citando<strong> riscos para a economia<\/strong> de elevar demais os juros, mesmo quando &#8220;a maioria&#8221; continuou a priorizar o luta contra a infla\u00e7\u00e3o, segundo a ata da sess\u00e3o divulgada nesta quarta-feira.<\/p><figure class=\"wp-block-image size-large\"><img loading=\"lazy\" decoding=\"async\" width=\"1024\" height=\"660\" src=\"https:\/\/media.investnews.com.br\/uploads\/2023\/03\/fed-1024x660.jpg\" alt=\"Homem de terno caminhando em frente ao edif\u00edcio do Federal Reserve, com bandeira e selo da \u00e1guia, sob c\u00e9u nublado.\" class=\"wp-image-453308\" srcset=\"https:\/\/media.investnews.com.br\/uploads\/2023\/03\/fed-1024x660.jpg 1024w, https:\/\/media.investnews.com.br\/uploads\/2023\/03\/fed-300x193.jpg 300w, https:\/\/media.investnews.com.br\/uploads\/2023\/03\/fed-768x495.jpg 768w, https:\/\/media.investnews.com.br\/uploads\/2023\/03\/fed-1536x989.jpg 1536w, https:\/\/media.investnews.com.br\/uploads\/2023\/03\/fed-1256x809.jpg 1256w, https:\/\/media.investnews.com.br\/uploads\/2023\/03\/fed-172x111.jpg 172w, https:\/\/media.investnews.com.br\/uploads\/2023\/03\/fed-150x97.jpg 150w, https:\/\/media.investnews.com.br\/uploads\/2023\/03\/fed.jpg 2048w\" sizes=\"auto, (max-width: 1024px) 100vw, 1024px\" \/><figcaption class=\"wp-element-caption\">Sede do Federal Reserve, em Washington\n16\/12\/2015\nREUTERS\/Kevin Lamarque<\/figcaption><\/figure><p>&#8220;Os participantes permaneceram resolutos em seu compromisso de reduzir a infla\u00e7\u00e3o para a meta de &#8230; 2%&#8221;, apontou a ata de uma reuni\u00e3o na qual os formuladores de pol\u00edtica monet\u00e1ria do Comit\u00ea Federal de Mercado Aberto concordaram por unanimidade em aumentar a taxa de juros de refer\u00eancia &#8220;overnight&#8221; para a faixa de 5,25% a 5,50%.<\/p><p>&#8220;A maioria dos participantes continuou a ver riscos significativos de alta para a infla\u00e7\u00e3o, o que pode exigir mais aperto da pol\u00edtica monet\u00e1ria&#8221;, aponta o documento.<\/p><p>No entanto, vozes cautelosas sobre os efeitos do aperto monet\u00e1rio cont\u00ednuo pareceram desempenhar um papel mais proeminente no debate na reuni\u00e3o de pol\u00edtica monet\u00e1ria do m\u00eas passado, uma indica\u00e7\u00e3o de que a dissemina\u00e7\u00e3o da opini\u00e3o no Fed aumentou \u00e0 medida que autoridades analisam evid\u00eancias de que a infla\u00e7\u00e3o est\u00e1 em queda e avaliam potenciais danos aos empregos e ao crescimento econ\u00f4mico se os custos de empr\u00e9stimos forem elevados mais do que o necess\u00e1rio.<\/p><p>Alguns participantes, por exemplo, defenderam que a taxa b\u00e1sica ficasse inalterada em julho.<\/p><p>O grupo tamb\u00e9m &#8220;discutiu v\u00e1rias considera\u00e7\u00f5es de gerenciamento de risco que podem influenciar futuras decis\u00f5es de pol\u00edtica monet\u00e1ria&#8221;, mostrou a ata. Embora a maioria tenha mantido a infla\u00e7\u00e3o como o principal risco, &#8220;alguns participantes comentaram que, embora a atividade econ\u00f4mica tenha sido resiliente e o mercado de trabalho tenha permanecido forte, continuam a existir riscos negativos para a atividade econ\u00f4mica e riscos positivos para a taxa de desemprego&#8221;.<\/p><p>&#8220;Isso inclui a possibilidade de que os efeitos macroecon\u00f4micos do aperto nas condi\u00e7\u00f5es financeiras desde o in\u00edcio do ano passado possam ser mais substanciais do que o previsto.&#8221;<\/p><figure class=\"wp-block-image size-full\"><img loading=\"lazy\" decoding=\"async\" width=\"2048\" height=\"1365\" src=\"https:\/\/media.investnews.com.br\/uploads\/2022\/04\/2022-04-19T121449Z_1_LYNXNPEI3I0G3_RTROPTP_4_USA-ECONOMY-FED.jpg\" alt=\"fed\" class=\"wp-image-320985\" srcset=\"https:\/\/media.investnews.com.br\/uploads\/2022\/04\/2022-04-19T121449Z_1_LYNXNPEI3I0G3_RTROPTP_4_USA-ECONOMY-FED.jpg 2048w, https:\/\/media.investnews.com.br\/uploads\/2022\/04\/2022-04-19T121449Z_1_LYNXNPEI3I0G3_RTROPTP_4_USA-ECONOMY-FED-300x200.jpg 300w, https:\/\/media.investnews.com.br\/uploads\/2022\/04\/2022-04-19T121449Z_1_LYNXNPEI3I0G3_RTROPTP_4_USA-ECONOMY-FED-1024x683.jpg 1024w, https:\/\/media.investnews.com.br\/uploads\/2022\/04\/2022-04-19T121449Z_1_LYNXNPEI3I0G3_RTROPTP_4_USA-ECONOMY-FED-768x512.jpg 768w, https:\/\/media.investnews.com.br\/uploads\/2022\/04\/2022-04-19T121449Z_1_LYNXNPEI3I0G3_RTROPTP_4_USA-ECONOMY-FED-1536x1024.jpg 1536w, https:\/\/media.investnews.com.br\/uploads\/2022\/04\/2022-04-19T121449Z_1_LYNXNPEI3I0G3_RTROPTP_4_USA-ECONOMY-FED-1256x837.jpg 1256w, https:\/\/media.investnews.com.br\/uploads\/2022\/04\/2022-04-19T121449Z_1_LYNXNPEI3I0G3_RTROPTP_4_USA-ECONOMY-FED-172x115.jpg 172w, https:\/\/media.investnews.com.br\/uploads\/2022\/04\/2022-04-19T121449Z_1_LYNXNPEI3I0G3_RTROPTP_4_USA-ECONOMY-FED-150x100.jpg 150w\" sizes=\"auto, (max-width: 2048px) 100vw, 2048px\" \/><figcaption class=\"wp-element-caption\">Sede do Fed em Washington, DC\n26\/01\/2022.      REUTERS\/Joshua Roberts<\/figcaption><\/figure><p>Em geral, disse a ata, as autoridades do Fed concordaram que o n\u00edvel de incerteza permanece alto e que as futuras decis\u00f5es sobre os custos de empr\u00e9stimos depender\u00e3o da &#8220;totalidade&#8221; dos dados que chegar\u00e3o nos &#8220;pr\u00f3ximos meses&#8221; para &#8220;ajudar a esclarecer at\u00e9 que ponto o processo de desinfla\u00e7\u00e3o est\u00e1 seguindo&#8221; &#8212; uma poss\u00edvel indica\u00e7\u00e3o de uma abordagem mais paciente para quaisquer novos incrementos futuros na taxa.<\/p><p>A reuni\u00e3o de julho foi realizada antes da divulga\u00e7\u00e3o de dados que mostraram queda nos principais indicadores de pre\u00e7os no ver\u00e3o norte-americano, al\u00e9m da diminui\u00e7\u00e3o da cria\u00e7\u00e3o de empregos.<\/p><p>Investidores em contratos vinculados \u00e0 taxa b\u00e1sica do Fed apostam fortemente que o banco central n\u00e3o aumentar\u00e1 sua taxa de refer\u00eancia novamente durante o atual ciclo de aperto monet\u00e1rio e, mais cedo nesta quarta-feira, colocavam 90% de chance na perspectiva de que o Fed deixaria os juros inalterados em sua reuni\u00e3o de 19 a 20 de setembro.<\/p>\n","protected":false},"excerpt":{"rendered":"<p>Segundo o documento, maioria dos participantes continuou a ver riscos significativos de alta para a infla\u00e7\u00e3o.<\/p>\n","protected":false},"author":61,"featured_media":453308,"comment_status":"closed","ping_status":"open","sticky":false,"template":"","format":"standard","meta":{"_acf_changed":false,"inline_featured_image":false,"footnotes":""},"categories":[5],"tags":[78,479,1616],"autor-wsj":[],"coauthors":[2494],"class_list":["post-518982","post","type-post","status-publish","format-standard","has-post-thumbnail","hentry","category-economia","tag-estados-unidos","tag-fed","tag-taxa-de-juros"],"acf":[],"amp_enabled":true,"_links":{"self":[{"href":"https:\/\/investnews.com.br\/inv-api\/wp\/v2\/posts\/518982","targetHints":{"allow":["GET"]}}],"collection":[{"href":"https:\/\/investnews.com.br\/inv-api\/wp\/v2\/posts"}],"about":[{"href":"https:\/\/investnews.com.br\/inv-api\/wp\/v2\/types\/post"}],"author":[{"embeddable":true,"href":"https:\/\/investnews.com.br\/inv-api\/wp\/v2\/users\/61"}],"replies":[{"embeddable":true,"href":"https:\/\/investnews.com.br\/inv-api\/wp\/v2\/comments?post=518982"}],"version-history":[{"count":13,"href":"https:\/\/investnews.com.br\/inv-api\/wp\/v2\/posts\/518982\/revisions"}],"predecessor-version":[{"id":703735,"href":"https:\/\/investnews.com.br\/inv-api\/wp\/v2\/posts\/518982\/revisions\/703735"}],"wp:featuredmedia":[{"embeddable":true,"href":"https:\/\/investnews.com.br\/inv-api\/wp\/v2\/media\/453308"}],"wp:attachment":[{"href":"https:\/\/investnews.com.br\/inv-api\/wp\/v2\/media?parent=518982"}],"wp:term":[{"taxonomy":"category","embeddable":true,"href":"https:\/\/investnews.com.br\/inv-api\/wp\/v2\/categories?post=518982"},{"taxonomy":"post_tag","embeddable":true,"href":"https:\/\/investnews.com.br\/inv-api\/wp\/v2\/tags?post=518982"},{"taxonomy":"autor-wsj","embeddable":true,"href":"https:\/\/investnews.com.br\/inv-api\/wp\/v2\/autor-wsj?post=518982"},{"taxonomy":"author","embeddable":true,"href":"https:\/\/investnews.com.br\/inv-api\/wp\/v2\/coauthors?post=518982"}],"curies":[{"name":"wp","href":"https:\/\/api.w.org\/{rel}","templated":true}]}}